{"id":9997,"date":"2024-07-12T15:37:43","date_gmt":"2024-07-12T13:37:43","guid":{"rendered":"https:\/\/www.tusztusz.pl\/sklepy\/?p=9997"},"modified":"2024-07-12T15:39:54","modified_gmt":"2024-07-12T13:39:54","slug":"sklep-ursynow-wakacyjne-godziny-pracy","status":"publish","type":"post","link":"https:\/\/www.tusztusz.pl\/sklepy\/blog\/sklep-ursynow-wakacyjne-godziny-pracy\/","title":{"rendered":"Sklep Ursyn\u00f3w &#8211; wakacyjne godziny pracy"},"content":{"rendered":"\t\t<div data-elementor-type=\"wp-post\" data-elementor-id=\"9997\" class=\"elementor elementor-9997\" data-elementor-post-type=\"post\">\n\t\t\t\t\t\t<section class=\"elementor-section elementor-top-section elementor-element elementor-element-3127916 elementor-section-boxed elementor-section-height-default elementor-section-height-default\" data-id=\"3127916\" data-element_type=\"section\">\n\t\t\t\t\t\t<div class=\"elementor-container elementor-column-gap-default\">\n\t\t\t\t\t<div class=\"elementor-column elementor-col-100 elementor-top-column elementor-element elementor-element-dac90da\" data-id=\"dac90da\" data-element_type=\"column\">\n\t\t\t<div class=\"elementor-widget-wrap elementor-element-populated\">\n\t\t\t\t\t\t<div class=\"elementor-element elementor-element-a9722a0 elementor-widget elementor-widget-heading\" data-id=\"a9722a0\" data-element_type=\"widget\" data-widget_type=\"heading.default\">\n\t\t\t\t<div class=\"elementor-widget-container\">\n\t\t\t\t\t<h2 class=\"elementor-heading-title elementor-size-default\">wakacyjne godziny pracy<\/h2>\t\t\t\t<\/div>\n\t\t\t\t<\/div>\n\t\t\t\t\t<\/div>\n\t\t<\/div>\n\t\t\t\t\t<\/div>\n\t\t<\/section>\n\t\t\t\t<section class=\"elementor-section elementor-top-section elementor-element elementor-element-abb01a2 elementor-section-boxed elementor-section-height-default elementor-section-height-default\" data-id=\"abb01a2\" data-element_type=\"section\">\n\t\t\t\t\t\t<div class=\"elementor-container elementor-column-gap-default\">\n\t\t\t\t\t<div class=\"elementor-column elementor-col-100 elementor-top-column elementor-element elementor-element-4be623e\" data-id=\"4be623e\" data-element_type=\"column\">\n\t\t\t<div class=\"elementor-widget-wrap elementor-element-populated\">\n\t\t\t\t\t\t<div class=\"elementor-element elementor-element-a825401 elementor-widget elementor-widget-text-editor\" data-id=\"a825401\" data-element_type=\"widget\" data-widget_type=\"text-editor.default\">\n\t\t\t\t<div class=\"elementor-widget-container\">\n\t\t\t\t\t\t\t\t\t<p>W okresie wakacyjnym, nasz sklep przy ul. Meander 2a w Warszawie, b\u0119dzie w soboty zamkni\u0119ty.<\/p><p>Dotyczy to nast\u0119puj\u0105cych dni:<\/p><ul><li>20 i 27 lipca<\/li><li>3, 10, 17 sierpnia.<\/li><\/ul><p>W ci\u0105gu tygodnia zapraszamy w standardowych godzinach pracy &#8211; 10.00 &#8211; 18.00 <span class=\"x1xsqp64 xiy17q3 x1o6pynw x19co3pv xdj266r xcwd3tp xat24cr x39eecv x2b8uid\" data-testid=\"emoji\"><span class=\"xexx8yu xn5pp95 x18d9i69 x2fxd7x x3jgonx x1bhl96m\">\ud83d\ude00<\/span><\/span><\/p>\t\t\t\t\t\t\t\t<\/div>\n\t\t\t\t<\/div>\n\t\t\t\t\t<\/div>\n\t\t<\/div>\n\t\t\t\t\t<\/div>\n\t\t<\/section>\n\t\t\t\t<section class=\"elementor-section elementor-top-section elementor-element elementor-element-b3f5476 elementor-section-boxed elementor-section-height-default elementor-section-height-default\" data-id=\"b3f5476\" data-element_type=\"section\">\n\t\t\t\t\t\t<div class=\"elementor-container elementor-column-gap-default\">\n\t\t\t\t\t<div class=\"elementor-column elementor-col-100 elementor-top-column elementor-element elementor-element-3663fac\" data-id=\"3663fac\" data-element_type=\"column\">\n\t\t\t<div class=\"elementor-widget-wrap elementor-element-populated\">\n\t\t\t\t\t\t<div class=\"elementor-element elementor-element-cde1b3e elementor-widget elementor-widget-image\" data-id=\"cde1b3e\" data-element_type=\"widget\" data-widget_type=\"image.default\">\n\t\t\t\t<div class=\"elementor-widget-container\">\n\t\t\t\t\t\t\t\t\t\t\t\t\t\t\t<img fetchpriority=\"high\" decoding=\"async\" width=\"1024\" height=\"683\" src=\"https:\/\/www.tusztusz.pl\/sklepy\/wp-content\/uploads\/2024\/07\/IMG_5400-1-1024x683.jpg\" class=\"attachment-large size-large wp-image-10000\" alt=\"\" srcset=\"https:\/\/www.tusztusz.pl\/sklepy\/wp-content\/uploads\/2024\/07\/IMG_5400-1-1024x683.jpg 1024w, https:\/\/www.tusztusz.pl\/sklepy\/wp-content\/uploads\/2024\/07\/IMG_5400-1-300x200.jpg 300w, https:\/\/www.tusztusz.pl\/sklepy\/wp-content\/uploads\/2024\/07\/IMG_5400-1-768x512.jpg 768w, https:\/\/www.tusztusz.pl\/sklepy\/wp-content\/uploads\/2024\/07\/IMG_5400-1-1536x1024.jpg 1536w, https:\/\/www.tusztusz.pl\/sklepy\/wp-content\/uploads\/2024\/07\/IMG_5400-1.jpg 1920w\" sizes=\"(max-width: 1024px) 100vw, 1024px\" \/>\t\t\t\t\t\t\t\t\t\t\t\t\t\t\t<\/div>\n\t\t\t\t<\/div>\n\t\t\t\t\t<\/div>\n\t\t<\/div>\n\t\t\t\t\t<\/div>\n\t\t<\/section>\n\t\t\t\t<\/div>\n\t\t","protected":false},"excerpt":{"rendered":"<p>wakacyjne godziny pracy W okresie wakacyjnym, nasz sklep przy ul. Meander 2a w Warszawie, b\u0119dzie w soboty zamkni\u0119ty. Dotyczy to nast\u0119puj\u0105cych dni: 20 i 27 lipca 3, 10, 17 sierpnia. W ci\u0105gu tygodnia zapraszamy w standardowych godzinach pracy &#8211; 10.00 &hellip;<\/p>\n<p class=\"read-more\"> <a class=\"ast-button\" href=\"https:\/\/www.tusztusz.pl\/sklepy\/blog\/sklep-ursynow-wakacyjne-godziny-pracy\/\"> <span class=\"screen-reader-text\">Sklep Ursyn\u00f3w &#8211; wakacyjne godziny pracy<\/span> Wi\u0119cej \u00bb<\/a><\/p>\n","protected":false},"author":2,"featured_media":9998,"comment_status":"closed","ping_status":"closed","sticky":false,"template":"","format":"standard","meta":{"footnotes":""},"categories":[6],"tags":[],"class_list":["post-9997","post","type-post","status-publish","format-standard","has-post-thumbnail","hentry","category-aktualnosci"],"_links":{"self":[{"href":"https:\/\/www.tusztusz.pl\/sklepy\/wp-json\/wp\/v2\/posts\/9997","targetHints":{"allow":["GET"]}}],"collection":[{"href":"https:\/\/www.tusztusz.pl\/sklepy\/wp-json\/wp\/v2\/posts"}],"about":[{"href":"https:\/\/www.tusztusz.pl\/sklepy\/wp-json\/wp\/v2\/types\/post"}],"author":[{"embeddable":true,"href":"https:\/\/www.tusztusz.pl\/sklepy\/wp-json\/wp\/v2\/users\/2"}],"replies":[{"embeddable":true,"href":"https:\/\/www.tusztusz.pl\/sklepy\/wp-json\/wp\/v2\/comments?post=9997"}],"version-history":[{"count":4,"href":"https:\/\/www.tusztusz.pl\/sklepy\/wp-json\/wp\/v2\/posts\/9997\/revisions"}],"predecessor-version":[{"id":10003,"href":"https:\/\/www.tusztusz.pl\/sklepy\/wp-json\/wp\/v2\/posts\/9997\/revisions\/10003"}],"wp:featuredmedia":[{"embeddable":true,"href":"https:\/\/www.tusztusz.pl\/sklepy\/wp-json\/wp\/v2\/media\/9998"}],"wp:attachment":[{"href":"https:\/\/www.tusztusz.pl\/sklepy\/wp-json\/wp\/v2\/media?parent=9997"}],"wp:term":[{"taxonomy":"category","embeddable":true,"href":"https:\/\/www.tusztusz.pl\/sklepy\/wp-json\/wp\/v2\/categories?post=9997"},{"taxonomy":"post_tag","embeddable":true,"href":"https:\/\/www.tusztusz.pl\/sklepy\/wp-json\/wp\/v2\/tags?post=9997"}],"curies":[{"name":"wp","href":"https:\/\/api.w.org\/{rel}","templated":true}]}}