{"id":9473,"date":"2024-01-22T11:59:28","date_gmt":"2024-01-22T10:59:28","guid":{"rendered":"https:\/\/www.tusztusz.pl\/sklepy\/?p=9473"},"modified":"2024-01-22T16:01:10","modified_gmt":"2024-01-22T15:01:10","slug":"dlaczego-warto-wynajac-drukarke","status":"publish","type":"post","link":"https:\/\/www.tusztusz.pl\/sklepy\/blog\/dlaczego-warto-wynajac-drukarke\/","title":{"rendered":"Dlaczego warto wynaj\u0105\u0107 drukark\u0119? Wynajem drukarek- Oszcz\u0119dno\u015b\u0107 czasu, pieni\u0119dzy i profesjonalna obs\u0142uga"},"content":{"rendered":"\t\t<div data-elementor-type=\"wp-post\" data-elementor-id=\"9473\" class=\"elementor elementor-9473\" data-elementor-post-type=\"post\">\n\t\t\t\t\t\t<section class=\"elementor-section elementor-top-section elementor-element elementor-element-3e27feb9 elementor-section-boxed elementor-section-height-default elementor-section-height-default\" data-id=\"3e27feb9\" data-element_type=\"section\">\n\t\t\t\t\t\t<div class=\"elementor-container elementor-column-gap-default\">\n\t\t\t\t\t<div class=\"elementor-column elementor-col-100 elementor-top-column elementor-element elementor-element-27a0daa1\" data-id=\"27a0daa1\" data-element_type=\"column\">\n\t\t\t<div class=\"elementor-widget-wrap elementor-element-populated\">\n\t\t\t\t\t\t<div class=\"elementor-element elementor-element-40499e80 elementor-widget elementor-widget-heading\" data-id=\"40499e80\" data-element_type=\"widget\" data-widget_type=\"heading.default\">\n\t\t\t\t<div class=\"elementor-widget-container\">\n\t\t\t\t\t<h1 class=\"elementor-heading-title elementor-size-default\">Dlaczego warto wynaj\u0105\u0107 drukark\u0119? Wynajem drukarek- Oszcz\u0119dno\u015b\u0107 czasu, pieni\u0119dzy i profesjonalna obs\u0142uga<\/h1>\t\t\t\t<\/div>\n\t\t\t\t<\/div>\n\t\t\t\t\t<\/div>\n\t\t<\/div>\n\t\t\t\t\t<\/div>\n\t\t<\/section>\n\t\t\t\t<section class=\"elementor-section elementor-top-section elementor-element elementor-element-2970df87 elementor-section-boxed elementor-section-height-default elementor-section-height-default\" data-id=\"2970df87\" data-element_type=\"section\">\n\t\t\t\t\t\t<div class=\"elementor-container elementor-column-gap-default\">\n\t\t\t\t\t<div class=\"elementor-column elementor-col-100 elementor-top-column elementor-element elementor-element-79e79d43\" data-id=\"79e79d43\" data-element_type=\"column\">\n\t\t\t<div class=\"elementor-widget-wrap elementor-element-populated\">\n\t\t\t\t\t\t<div class=\"elementor-element elementor-element-fbd6e6a elementor-widget elementor-widget-spacer\" data-id=\"fbd6e6a\" data-element_type=\"widget\" data-widget_type=\"spacer.default\">\n\t\t\t\t<div class=\"elementor-widget-container\">\n\t\t\t\t\t\t\t<div class=\"elementor-spacer\">\n\t\t\t<div class=\"elementor-spacer-inner\"><\/div>\n\t\t<\/div>\n\t\t\t\t\t\t<\/div>\n\t\t\t\t<\/div>\n\t\t\t\t<div class=\"elementor-element elementor-element-805ac6b elementor-widget elementor-widget-image\" data-id=\"805ac6b\" data-element_type=\"widget\" data-widget_type=\"image.default\">\n\t\t\t\t<div class=\"elementor-widget-container\">\n\t\t\t\t\t\t\t\t\t\t\t\t\t\t\t<img fetchpriority=\"high\" decoding=\"async\" width=\"960\" height=\"640\" src=\"https:\/\/www.tusztusz.pl\/sklepy\/wp-content\/uploads\/2023\/04\/drukarka-uzywana-1.jpg\" class=\"attachment-large size-large wp-image-7565\" alt=\"Drukarka leasing\" srcset=\"https:\/\/www.tusztusz.pl\/sklepy\/wp-content\/uploads\/2023\/04\/drukarka-uzywana-1.jpg 960w, https:\/\/www.tusztusz.pl\/sklepy\/wp-content\/uploads\/2023\/04\/drukarka-uzywana-1-300x200.jpg 300w, https:\/\/www.tusztusz.pl\/sklepy\/wp-content\/uploads\/2023\/04\/drukarka-uzywana-1-768x512.jpg 768w\" sizes=\"(max-width: 960px) 100vw, 960px\" \/>\t\t\t\t\t\t\t\t\t\t\t\t\t\t\t<\/div>\n\t\t\t\t<\/div>\n\t\t\t\t\t<\/div>\n\t\t<\/div>\n\t\t\t\t\t<\/div>\n\t\t<\/section>\n\t\t\t\t<section class=\"elementor-section elementor-top-section elementor-element elementor-element-609a819 elementor-section-boxed elementor-section-height-default elementor-section-height-default\" data-id=\"609a819\" data-element_type=\"section\">\n\t\t\t\t\t\t<div class=\"elementor-container elementor-column-gap-default\">\n\t\t\t\t\t<div class=\"elementor-column elementor-col-100 elementor-top-column elementor-element elementor-element-142150ac\" data-id=\"142150ac\" data-element_type=\"column\">\n\t\t\t<div class=\"elementor-widget-wrap elementor-element-populated\">\n\t\t\t\t\t\t<div class=\"elementor-element elementor-element-70beb01e elementor-widget elementor-widget-text-editor\" data-id=\"70beb01e\" data-element_type=\"widget\" data-widget_type=\"text-editor.default\">\n\t\t\t\t<div class=\"elementor-widget-container\">\n\t\t\t\t\t\t\t\t\t<p>Drukarki s\u0105 nieod\u0142\u0105cznym elementem wyposa\u017cenia i stanowi\u0105 jedno z podstawowych narz\u0119dzi pracy ka\u017cdej firmy \u2013 zwi\u0119kszaj\u0105 efektywno\u015b\u0107 operacyjn\u0105 i organizacyjn\u0105 przedsi\u0119biorstw oraz u\u0142atwiaj\u0105 procesy administracyjne. Cho\u0107 ich g\u0142\u00f3wn\u0105 funkcj\u0105 jest przenoszenie dokument\u00f3w z formy elektronicznej na fizyczn\u0105, to jednak na tym ich rola si\u0119 nie ko\u0144czy. Od materia\u0142\u00f3w do prezentacji, szkole\u0144, a\u017c po raporty \u2013 drukarki umo\u017cliwiaj\u0105 wydruk wszelkiego rodzaju tekst\u00f3w, zdj\u0119\u0107 i grafik, wspieraj\u0105c tym samym komunikacj\u0119 wewn\u0105trz i na zewn\u0105trz firmy, a tak\u017ce jej dzia\u0142ania marketingowe.<\/p><p>Niestety zakup sprz\u0119tu do firmy wi\u0105\u017ce si\u0119 tak\u017ce z du\u017cymi wydatkami, kt\u00f3re mog\u0105 znacz\u0105co obci\u0105\u017cy\u0107 bud\u017cet, nie tylko mniejszego i pocz\u0105tkuj\u0105cego przedsi\u0119biorstwa, ale tak\u017ce du\u017cej korporacji. Z tego powodu coraz wi\u0119cej firm decyduje si\u0119 na leasing drukarek, kt\u00f3ry pozwala na optymalizacj\u0119 koszt\u00f3w i zachowanie p\u0142ynno\u015bci finansowej. Przyjrzyjmy si\u0119 g\u0142\u00f3wnym zaletom wynikaj\u0105cym z korzystania z us\u0142ug wynajmu drukarek do biur i przekonajmy si\u0119, dlaczego rozwi\u0105zanie to jest coraz bardziej popularne.<\/p>\t\t\t\t\t\t\t\t<\/div>\n\t\t\t\t<\/div>\n\t\t\t\t<div class=\"elementor-element elementor-element-760b8171 elementor-widget elementor-widget-table-of-contents\" data-id=\"760b8171\" data-element_type=\"widget\" data-settings=\"{&quot;headings_by_tags&quot;:[&quot;h2&quot;,&quot;h3&quot;],&quot;marker_view&quot;:&quot;bullets&quot;,&quot;icon&quot;:{&quot;value&quot;:&quot;fas fa-circle&quot;,&quot;library&quot;:&quot;fa-solid&quot;},&quot;no_headings_message&quot;:&quot;No headings were found on this page.&quot;,&quot;hierarchical_view&quot;:&quot;yes&quot;,&quot;min_height&quot;:{&quot;unit&quot;:&quot;px&quot;,&quot;size&quot;:&quot;&quot;,&quot;sizes&quot;:[]},&quot;min_height_tablet&quot;:{&quot;unit&quot;:&quot;px&quot;,&quot;size&quot;:&quot;&quot;,&quot;sizes&quot;:[]},&quot;min_height_mobile&quot;:{&quot;unit&quot;:&quot;px&quot;,&quot;size&quot;:&quot;&quot;,&quot;sizes&quot;:[]}}\" data-widget_type=\"table-of-contents.default\">\n\t\t\t\t<div class=\"elementor-widget-container\">\n\t\t\t\t\t\t\t<div class=\"elementor-toc__header\">\n\t\t\t<h3 class=\"elementor-toc__header-title\">\n\t\t\t\tSpis tre\u015bci\t\t\t<\/h3>\n\t\t\t\t\t<\/div>\n\t\t<div id=\"elementor-toc__760b8171\" class=\"elementor-toc__body\">\n\t\t\t<div class=\"elementor-toc__spinner-container\">\n\t\t\t\t<i class=\"elementor-toc__spinner eicon-animation-spin eicon-loading\" aria-hidden=\"true\"><\/i>\t\t\t<\/div>\n\t\t<\/div>\n\t\t\t\t\t\t<\/div>\n\t\t\t\t<\/div>\n\t\t\t\t<div class=\"elementor-element elementor-element-7c8c054a elementor-widget elementor-widget-spacer\" data-id=\"7c8c054a\" data-element_type=\"widget\" data-widget_type=\"spacer.default\">\n\t\t\t\t<div class=\"elementor-widget-container\">\n\t\t\t\t\t\t\t<div class=\"elementor-spacer\">\n\t\t\t<div class=\"elementor-spacer-inner\"><\/div>\n\t\t<\/div>\n\t\t\t\t\t\t<\/div>\n\t\t\t\t<\/div>\n\t\t\t\t<div class=\"elementor-element elementor-element-2149191f elementor-alert-success elementor-widget elementor-widget-alert\" data-id=\"2149191f\" data-element_type=\"widget\" data-widget_type=\"alert.default\">\n\t\t\t\t<div class=\"elementor-widget-container\">\n\t\t\t\t\t\t\t<div class=\"elementor-alert\" role=\"alert\">\n\n\t\t\t\t\t\t<span class=\"elementor-alert-title\">Czy wiesz, \u017ce...<\/span>\n\t\t\t\n\t\t\t\t\t\t<span class=\"elementor-alert-description\">Niekt\u00f3re firmy oferuj\u0105 us\u0142ug\u0119 dowozu materia\u0142\u00f3w niezb\u0119dnych do druku takich jak tonery czy tusze. <\/span>\n\t\t\t\n\t\t\t\n\t\t<\/div>\n\t\t\t\t\t\t<\/div>\n\t\t\t\t<\/div>\n\t\t\t\t<div class=\"elementor-element elementor-element-7b3a68f7 elementor-widget elementor-widget-heading\" data-id=\"7b3a68f7\" data-element_type=\"widget\" data-widget_type=\"heading.default\">\n\t\t\t\t<div class=\"elementor-widget-container\">\n\t\t\t\t\t<h2 class=\"elementor-heading-title elementor-size-default\">Dlaczego lepiej wynaj\u0105\u0107 ni\u017c kupi\u0107 drukark\u0119?<\/h2>\t\t\t\t<\/div>\n\t\t\t\t<\/div>\n\t\t\t\t<div class=\"elementor-element elementor-element-19515077 elementor-widget elementor-widget-text-editor\" data-id=\"19515077\" data-element_type=\"widget\" data-widget_type=\"text-editor.default\">\n\t\t\t\t<div class=\"elementor-widget-container\">\n\t\t\t\t\t\t\t\t\t<p>Us\u0142uga leasingu drukarek niesie dla przedsi\u0119biorstw wiele korzy\u015bci. Je\u015bli zastanawiasz si\u0119, co jest lepsze dla Twojego biznesu \u2013 wynajem czy kupno drukarki, koniecznie zapoznaj si\u0119 poni\u017cszymi argumentami przemawiaj\u0105cymi za leasingiem tego rodzaju urz\u0105dze\u0144 biurowych.<\/p>\t\t\t\t\t\t\t\t<\/div>\n\t\t\t\t<\/div>\n\t\t\t\t<div class=\"elementor-element elementor-element-c81b557 elementor-widget elementor-widget-spacer\" data-id=\"c81b557\" data-element_type=\"widget\" data-widget_type=\"spacer.default\">\n\t\t\t\t<div class=\"elementor-widget-container\">\n\t\t\t\t\t\t\t<div class=\"elementor-spacer\">\n\t\t\t<div class=\"elementor-spacer-inner\"><\/div>\n\t\t<\/div>\n\t\t\t\t\t\t<\/div>\n\t\t\t\t<\/div>\n\t\t\t\t<div class=\"elementor-element elementor-element-781b969 elementor-widget elementor-widget-heading\" data-id=\"781b969\" data-element_type=\"widget\" data-widget_type=\"heading.default\">\n\t\t\t\t<div class=\"elementor-widget-container\">\n\t\t\t\t\t<h2 class=\"elementor-heading-title elementor-size-default\">Sprz\u0119t dostosowany do indywidualnych potrzeb<\/h2>\t\t\t\t<\/div>\n\t\t\t\t<\/div>\n\t\t\t\t<div class=\"elementor-element elementor-element-47728768 elementor-widget elementor-widget-text-editor\" data-id=\"47728768\" data-element_type=\"widget\" data-widget_type=\"text-editor.default\">\n\t\t\t\t<div class=\"elementor-widget-container\">\n\t\t\t\t\t\t\t\t\t<p align=\"left\">Leasing drukarek to przede wszystkim mo\u017cliwo\u015b\u0107 dostosowania sprz\u0119tu do bie\u017c\u0105cych potrzeb firmy i korzystania z najnowszej technologii bez konieczno\u015bci ponoszenia du\u017cego wk\u0142adu pocz\u0105tkowego. Na przyk\u0142ad oferta najmu w TuszTusz.pl obejmuje trzy warianty urz\u0105dze\u0144, dostosowane do r\u00f3\u017cnych potrzeb \u2013 od ma\u0142ych drukarek ze skanerem i ksero, kt\u00f3rych przeznaczeniem s\u0105 recepcje, kancelarie czy niewielkich biura, po zaawansowane urz\u0105dzenia wyposa\u017cone w wiele podajnik\u00f3w papieru, idealne dla korporacji.<\/p><p align=\"left\">Nasi klienci maj\u0105 mo\u017cliwo\u015b\u0107 wyboru pakietu w zale\u017cno\u015bci od ilo\u015bci drukowanych kopii, co pozwala im na znalezienie najbardziej efektywnego i ekonomicznego rozwi\u0105zania. Poniewa\u017c dob\u00f3r odpowiedniego wariantu mo\u017ce sprawia\u0107 trudno\u015b\u0107, nasi konsultanci s\u0142u\u017c\u0105 pomoc\u0105, by dopasowa\u0107 sprz\u0119t i plan abonamentu do potrzeb Twojego biznesu. Je\u015bli wybrany pakiet oka\u017ce si\u0119 dla Twojej firmy zbyt du\u017cy lub wr\u0119cz przeciwnie \u2013 niewystarczaj\u0105cy, w ka\u017cdym momencie b\u0119dziesz mie\u0107 mo\u017cliwo\u015b\u0107 jego korekty.<\/p>\t\t\t\t\t\t\t\t<\/div>\n\t\t\t\t<\/div>\n\t\t\t\t<div class=\"elementor-element elementor-element-50f93665 elementor-widget elementor-widget-image\" data-id=\"50f93665\" data-element_type=\"widget\" data-widget_type=\"image.default\">\n\t\t\t\t<div class=\"elementor-widget-container\">\n\t\t\t\t\t\t\t\t\t\t\t\t\t\t\t<img decoding=\"async\" width=\"1024\" height=\"683\" data-src=\"https:\/\/www.tusztusz.pl\/sklepy\/wp-content\/uploads\/2023\/11\/drukarka-dla-biura-1024x683.jpg\" class=\"attachment-large size-large wp-image-9476 lazyload\" alt=\"Jak sprawdzi\u0107 poziom tonera?\" data-srcset=\"https:\/\/www.tusztusz.pl\/sklepy\/wp-content\/uploads\/2023\/11\/drukarka-dla-biura-1024x683.jpg 1024w, https:\/\/www.tusztusz.pl\/sklepy\/wp-content\/uploads\/2023\/11\/drukarka-dla-biura-300x200.jpg 300w, https:\/\/www.tusztusz.pl\/sklepy\/wp-content\/uploads\/2023\/11\/drukarka-dla-biura-768x512.jpg 768w, https:\/\/www.tusztusz.pl\/sklepy\/wp-content\/uploads\/2023\/11\/drukarka-dla-biura-1536x1024.jpg 1536w, https:\/\/www.tusztusz.pl\/sklepy\/wp-content\/uploads\/2023\/11\/drukarka-dla-biura-2048x1365.jpg 2048w\" data-sizes=\"(max-width: 1024px) 100vw, 1024px\" src=\"data:image\/gif;base64,R0lGODlhAQABAAAAACH5BAEKAAEALAAAAAABAAEAAAICTAEAOw==\" style=\"--smush-placeholder-width: 1024px; --smush-placeholder-aspect-ratio: 1024\/683;\" \/>\t\t\t\t\t\t\t\t\t\t\t\t\t\t\t<\/div>\n\t\t\t\t<\/div>\n\t\t\t\t<div class=\"elementor-element elementor-element-64e8e22 elementor-widget elementor-widget-spacer\" data-id=\"64e8e22\" data-element_type=\"widget\" data-widget_type=\"spacer.default\">\n\t\t\t\t<div class=\"elementor-widget-container\">\n\t\t\t\t\t\t\t<div class=\"elementor-spacer\">\n\t\t\t<div class=\"elementor-spacer-inner\"><\/div>\n\t\t<\/div>\n\t\t\t\t\t\t<\/div>\n\t\t\t\t<\/div>\n\t\t\t\t<div class=\"elementor-element elementor-element-11c910a8 elementor-widget elementor-widget-heading\" data-id=\"11c910a8\" data-element_type=\"widget\" data-widget_type=\"heading.default\">\n\t\t\t\t<div class=\"elementor-widget-container\">\n\t\t\t\t\t<h2 class=\"elementor-heading-title elementor-size-default\">Wygoda, wysokiej jako\u015bci materia\u0142y i kompleksowa obs\u0142uga \u2013 wynajem drukarek Warszawa i okolice<\/h2>\t\t\t\t<\/div>\n\t\t\t\t<\/div>\n\t\t\t\t<div class=\"elementor-element elementor-element-795014ed elementor-widget elementor-widget-text-editor\" data-id=\"795014ed\" data-element_type=\"widget\" data-widget_type=\"text-editor.default\">\n\t\t\t\t<div class=\"elementor-widget-container\">\n\t\t\t\t\t\t\t\t\t<p>Wybieraj\u0105c wynajem drukarki, zyskujesz nie tylko sprz\u0119t, ale tak\u017ce wygod\u0119 i kompleksow\u0105 obs\u0142ug\u0119. Na przyk\u0142ad w TuszTusz.pl oferujemy w ramach pakietu dost\u0119p do materia\u0142\u00f3w eksploatacyjnych, takich jak tusze i tonery, kt\u00f3re mo\u017cesz \u0142atwo zamawia\u0107 z profilu na naszej stronie internetowej.<\/p><p>Nasz serwis jest zawsze do Twojej dyspozycji, a jego czas reakcji w dni robocze wynosi maksymalnie 24 godziny. Dzi\u0119ki takiemu podej\u015bciu \u017cadna awaria nie spowoduje przestoj\u00f3w w dzia\u0142aniu Twojej firmy i nie zaskoczy Ci\u0119 nieprzewidzianymi kosztami. Oferujemy nasz\u0105 us\u0142ug\u0119 nie tylko na terenie Warszawy, ale i okolic, zatem je\u015bli interesuje Ci\u0119 na przyk\u0142ad wynajem drukarki \u2013 Wilan\u00f3w czy Piaseczno, zach\u0119camy do skorzystania z naszej oferty. <\/p>\t\t\t\t\t\t\t\t<\/div>\n\t\t\t\t<\/div>\n\t\t\t\t<div class=\"elementor-element elementor-element-394e5544 elementor-alert-success elementor-widget elementor-widget-alert\" data-id=\"394e5544\" data-element_type=\"widget\" data-widget_type=\"alert.default\">\n\t\t\t\t<div class=\"elementor-widget-container\">\n\t\t\t\t\t\t\t<div class=\"elementor-alert\" role=\"alert\">\n\n\t\t\t\t\t\t<span class=\"elementor-alert-title\">Uwaga!<\/span>\n\t\t\t\n\t\t\t\t\t\t<span class=\"elementor-alert-description\">Przed podpisaniem umowy zawsze dopytaj czy us\u0142uga najmu drukarki obejmuje r\u00f3wnie\u017c serwisu.<\/span>\n\t\t\t\n\t\t\t\n\t\t<\/div>\n\t\t\t\t\t\t<\/div>\n\t\t\t\t<\/div>\n\t\t\t\t<div class=\"elementor-element elementor-element-5d4e028 elementor-widget elementor-widget-spacer\" data-id=\"5d4e028\" data-element_type=\"widget\" data-widget_type=\"spacer.default\">\n\t\t\t\t<div class=\"elementor-widget-container\">\n\t\t\t\t\t\t\t<div class=\"elementor-spacer\">\n\t\t\t<div class=\"elementor-spacer-inner\"><\/div>\n\t\t<\/div>\n\t\t\t\t\t\t<\/div>\n\t\t\t\t<\/div>\n\t\t\t\t<div class=\"elementor-element elementor-element-ea582ca elementor-widget elementor-widget-heading\" data-id=\"ea582ca\" data-element_type=\"widget\" data-widget_type=\"heading.default\">\n\t\t\t\t<div class=\"elementor-widget-container\">\n\t\t\t\t\t<h2 class=\"elementor-heading-title elementor-size-default\">Optymalizacja koszt\u00f3w poprzez wynajem drukarki \u2013 cennik leasingu dopasowany do mo\u017cliwo\u015bci<\/h2>\t\t\t\t<\/div>\n\t\t\t\t<\/div>\n\t\t\t\t<div class=\"elementor-element elementor-element-dc421ce elementor-widget elementor-widget-text-editor\" data-id=\"dc421ce\" data-element_type=\"widget\" data-widget_type=\"text-editor.default\">\n\t\t\t\t<div class=\"elementor-widget-container\">\n\t\t\t\t\t\t\t\t\t<p>Wynajem drukarki to przede wszystkim znacz\u0105ca optymalizacja koszt\u00f3w. Zakup urz\u0105dzenia wi\u0105\u017ce si\u0119 z pocz\u0105tkowym, cz\u0119sto du\u017cym wydatkiem, podczas gdy leasing drukarki eliminuje ten koszt, rozk\u0142adaj\u0105c go na przyst\u0119pne miesi\u0119czne raty. Dodatkowo, jak om\u00f3wili\u015bmy powy\u017cej, przedsi\u0119biorcy nie musz\u0105 martwi\u0107 si\u0119 o dodatkowe nak\u0142ady finansowe na serwis czy materia\u0142y eksploatacyjne.<\/p><p>Wielu dostawc\u00f3w, mi\u0119dzy innymi nasza firma, oferuje pakiety obejmuj\u0105ce w cenie wsparcie techniczne. Co wi\u0119cej, stale uzupe\u0142niany zapas toner\u00f3w wliczony w koszt wynajmu drukarki, pozwala na lepsz\u0105 kontrol\u0119 nad wydatkami zwi\u0105zanymi z drukiem oraz mo\u017cliwo\u015b\u0107 skupienia si\u0119 na innych kluczowych kwestiach dla biznesu. Nasze drukarki dostosowane s\u0105 do pracy na wysokiej jako\u015bci, a jednocze\u015bnie ta\u0144szych zamiennikach, co stanowi kolejny spos\u00f3b na zaoszcz\u0119dzenie firmowego bud\u017cetu. Po stronie klienta korzystaj\u0105cego z naszego abonamentu pozostaje jedynie zakup papieru do drukarki.<\/p>\t\t\t\t\t\t\t\t<\/div>\n\t\t\t\t<\/div>\n\t\t\t\t<div class=\"elementor-element elementor-element-75c9ad5 elementor-widget elementor-widget-image\" data-id=\"75c9ad5\" data-element_type=\"widget\" data-widget_type=\"image.default\">\n\t\t\t\t<div class=\"elementor-widget-container\">\n\t\t\t\t\t\t\t\t\t\t\t\t\t\t\t<img decoding=\"async\" width=\"960\" height=\"720\" data-src=\"https:\/\/www.tusztusz.pl\/sklepy\/wp-content\/uploads\/2023\/04\/drukarka-uzywana-3.jpg\" class=\"attachment-large size-large wp-image-7567 lazyload\" alt=\"wynajem drukarek biurowych\" data-srcset=\"https:\/\/www.tusztusz.pl\/sklepy\/wp-content\/uploads\/2023\/04\/drukarka-uzywana-3.jpg 960w, https:\/\/www.tusztusz.pl\/sklepy\/wp-content\/uploads\/2023\/04\/drukarka-uzywana-3-300x225.jpg 300w, https:\/\/www.tusztusz.pl\/sklepy\/wp-content\/uploads\/2023\/04\/drukarka-uzywana-3-768x576.jpg 768w\" data-sizes=\"(max-width: 960px) 100vw, 960px\" src=\"data:image\/gif;base64,R0lGODlhAQABAAAAACH5BAEKAAEALAAAAAABAAEAAAICTAEAOw==\" style=\"--smush-placeholder-width: 960px; --smush-placeholder-aspect-ratio: 960\/720;\" \/>\t\t\t\t\t\t\t\t\t\t\t\t\t\t\t<\/div>\n\t\t\t\t<\/div>\n\t\t\t\t<div class=\"elementor-element elementor-element-2463123d elementor-widget elementor-widget-spacer\" data-id=\"2463123d\" data-element_type=\"widget\" data-widget_type=\"spacer.default\">\n\t\t\t\t<div class=\"elementor-widget-container\">\n\t\t\t\t\t\t\t<div class=\"elementor-spacer\">\n\t\t\t<div class=\"elementor-spacer-inner\"><\/div>\n\t\t<\/div>\n\t\t\t\t\t\t<\/div>\n\t\t\t\t<\/div>\n\t\t\t\t<div class=\"elementor-element elementor-element-34f0c834 elementor-widget elementor-widget-text-editor\" data-id=\"34f0c834\" data-element_type=\"widget\" data-widget_type=\"text-editor.default\">\n\t\t\t\t<div class=\"elementor-widget-container\">\n\t\t\t\t\t\t\t\t\t<p><strong>Artyku\u0142y powi\u0105zane:<\/strong><\/p><p><a href=\"https:\/\/www.tusztusz.pl\/sklepy\/blog\/dlaczego-gramatura-papieru-jest-wazna\/\">&gt;&gt;\u00a0 Wydruk na ka\u017cd\u0105 okazj\u0119, czyli jaki papier wybra\u0107 do okre\u015blonego typu wydruku?<\/a><\/p><p><a href=\"https:\/\/www.tusztusz.pl\/sklepy\/?p=7099&amp;preview=true\">&gt;&gt; Jakie s\u0105 typy papieru do drukarek?<\/a><\/p><p><a href=\"https:\/\/www.tusztusz.pl\/sklepy\/?p=7094&amp;preview=true\">&gt;&gt; Papier do drukarki &#8211; jaki rodzaj najlepiej wybra\u0107?<\/a><\/p>\t\t\t\t\t\t\t\t<\/div>\n\t\t\t\t<\/div>\n\t\t\t\t<div class=\"elementor-element elementor-element-91fa87f elementor-widget elementor-widget-text-editor\" data-id=\"91fa87f\" data-element_type=\"widget\" data-widget_type=\"text-editor.default\">\n\t\t\t\t<div class=\"elementor-widget-container\">\n\t\t\t\t\t\t\t\t\t<p>Wynajem drukarek stanowi korzystn\u0105 alternatyw\u0119 dla ich zakupu i przynosi przedsi\u0119biorstwom mn\u00f3stwo korzy\u015bci. Przede wszystkim eliminuje konieczno\u015b\u0107 ponoszenia du\u017cych nak\u0142ad\u00f3w finansowych na sprz\u0119t, co jest szczeg\u00f3lnie istotne dla ma\u0142ych i \u015brednich przedsi\u0119biorstw zmuszonych do uwa\u017cnego zarz\u0105dzania swoim bud\u017cetem. Korzy\u015bci z leasingu drukarek doceniaj\u0105 jednak tak\u017ce wi\u0119ksze firmy, a nawet korporacje, w kt\u00f3rych zapotrzebowanie na druk jest znacznie wi\u0119kszy. <br \/>Wynajem drukarek zapewnia wygod\u0119 i oszcz\u0119dno\u015b\u0107 czasu dzi\u0119ki kompleksowej obs\u0142udze i wsparciu specjalist\u00f3w. Wszelkie kwestie techniczne, serwisowe oraz zapotrzebowanie na dost\u0119p do materia\u0142\u00f3w eksploatacyjnych, pokrywane s\u0105 przez dostawc\u0119 us\u0142ugi, takich jak TuszTusz.pl. To z kolei pozwala firmom na skupieniu si\u0119 na ich podstawowej dzia\u0142alno\u015bci, przek\u0142ada si\u0119 na p\u0142ynno\u015b\u0107 operacyjn\u0105 oraz redukuje przestoje zwi\u0105zane z awariami lub brakami materia\u0142\u00f3w.<\/p><p>Korzystaj\u0105c z leasingu drukarek, firmy mog\u0105 tak\u017ce lepiej kontrolowa\u0107 swoje wydatki. Sta\u0142e miesi\u0119czne raty, z uwagi na swoj\u0105 przewidywalno\u015b\u0107, mog\u0105 zosta\u0107 \u0142atwo uwzgl\u0119dnione w bud\u017cecie ka\u017cdego przedsi\u0119biorstwa. Decyduj\u0105c si\u0119 na leasing drukarki \u2013 Warszawa, wybierz TuszTusz.pl, a zyskasz najwy\u017csz\u0105 jako\u015b\u0107 us\u0142ugi w najkorzystniejszej cenie.<\/p>\t\t\t\t\t\t\t\t<\/div>\n\t\t\t\t<\/div>\n\t\t\t\t<div class=\"elementor-element elementor-element-2f64900e elementor-widget-divider--view-line elementor-widget elementor-widget-divider\" data-id=\"2f64900e\" data-element_type=\"widget\" data-widget_type=\"divider.default\">\n\t\t\t\t<div class=\"elementor-widget-container\">\n\t\t\t\t\t\t\t<div class=\"elementor-divider\">\n\t\t\t<span class=\"elementor-divider-separator\">\n\t\t\t\t\t\t<\/span>\n\t\t<\/div>\n\t\t\t\t\t\t<\/div>\n\t\t\t\t<\/div>\n\t\t\t\t\t<\/div>\n\t\t<\/div>\n\t\t\t\t\t<\/div>\n\t\t<\/section>\n\t\t\t\t<section class=\"elementor-section elementor-top-section elementor-element elementor-element-6275ee93 elementor-section-boxed elementor-section-height-default elementor-section-height-default\" data-id=\"6275ee93\" data-element_type=\"section\" data-settings=\"{&quot;background_background&quot;:&quot;classic&quot;}\">\n\t\t\t\t\t\t<div class=\"elementor-container elementor-column-gap-default\">\n\t\t\t\t\t<div class=\"elementor-column elementor-col-20 elementor-top-column elementor-element elementor-element-21e3c04b\" data-id=\"21e3c04b\" data-element_type=\"column\">\n\t\t\t<div class=\"elementor-widget-wrap elementor-element-populated\">\n\t\t\t\t\t\t<div class=\"elementor-element elementor-element-4b52ffe2 elementor-widget__width-initial elementor-widget elementor-widget-text-editor\" data-id=\"4b52ffe2\" data-element_type=\"widget\" data-widget_type=\"text-editor.default\">\n\t\t\t\t<div class=\"elementor-widget-container\">\n\t\t\t\t\t\t\t\t\t<p><a style=\"font-size: 18px; font-style: normal; font-weight: 400; background-color: rgba(242, 242, 242, 0.61);\" href=\"https:\/\/www.tusztusz.pl\/sklep\/product\/27493,marker-kredowy-smw26\">Markery kredowe Pentel SMW 26, 8 kolor\u00f3w<\/a><\/p>\t\t\t\t\t\t\t\t<\/div>\n\t\t\t\t<\/div>\n\t\t\t\t<div class=\"elementor-element elementor-element-7a864f44 elementor-widget elementor-widget-image\" data-id=\"7a864f44\" data-element_type=\"widget\" data-widget_type=\"image.default\">\n\t\t\t\t<div class=\"elementor-widget-container\">\n\t\t\t\t\t\t\t\t\t\t\t\t\t\t\t\t<a href=\"https:\/\/www.tusztusz.pl\/sklep\/product\/27493,marker-kredowy-smw26\">\n\t\t\t\t\t\t\t<img decoding=\"async\" width=\"150\" height=\"150\" data-src=\"https:\/\/www.tusztusz.pl\/sklepy\/wp-content\/uploads\/2021\/08\/27493-150x150.jpg\" class=\"attachment-thumbnail size-thumbnail wp-image-5453 lazyload\" alt=\"\" src=\"data:image\/gif;base64,R0lGODlhAQABAAAAACH5BAEKAAEALAAAAAABAAEAAAICTAEAOw==\" style=\"--smush-placeholder-width: 150px; --smush-placeholder-aspect-ratio: 150\/150;\" \/>\t\t\t\t\t\t\t\t<\/a>\n\t\t\t\t\t\t\t\t\t\t\t\t\t\t\t<\/div>\n\t\t\t\t<\/div>\n\t\t\t\t<div class=\"elementor-element elementor-element-4517a004 elementor-widget elementor-widget-text-editor\" data-id=\"4517a004\" data-element_type=\"widget\" data-widget_type=\"text-editor.default\">\n\t\t\t\t<div class=\"elementor-widget-container\">\n\t\t\t\t\t\t\t\t\t<center><strong><a href=\"https:\/\/www.tusztusz.pl\/sklep\/product\/27493,marker-kredowy-smw26\">Zobacz cen\u0119 &gt;&gt;&gt;<\/a><\/strong><\/center>\t\t\t\t\t\t\t\t<\/div>\n\t\t\t\t<\/div>\n\t\t\t\t\t<\/div>\n\t\t<\/div>\n\t\t\t\t<div class=\"elementor-column elementor-col-20 elementor-top-column elementor-element elementor-element-7cd9e5de\" data-id=\"7cd9e5de\" data-element_type=\"column\">\n\t\t\t<div class=\"elementor-widget-wrap elementor-element-populated\">\n\t\t\t\t\t\t<div class=\"elementor-element elementor-element-571b4210 elementor-widget elementor-widget-text-editor\" data-id=\"571b4210\" data-element_type=\"widget\" data-widget_type=\"text-editor.default\">\n\t\t\t\t<div class=\"elementor-widget-container\">\n\t\t\t\t\t\t\t\t\t<p><a href=\"https:\/\/www.tusztusz.pl\/sklep\/product\/27493,marker-kredowy-smw26\">Markery kredowe Pentel SMW 26, 8 kolor\u00f3w<\/a><\/p>\t\t\t\t\t\t\t\t<\/div>\n\t\t\t\t<\/div>\n\t\t\t\t<div class=\"elementor-element elementor-element-743b3fb9 elementor-widget elementor-widget-image\" data-id=\"743b3fb9\" data-element_type=\"widget\" data-widget_type=\"image.default\">\n\t\t\t\t<div class=\"elementor-widget-container\">\n\t\t\t\t\t\t\t\t\t\t\t\t\t\t\t\t<a href=\"https:\/\/www.tusztusz.pl\/sklep\/product\/27493,marker-kredowy-smw26\">\n\t\t\t\t\t\t\t<img decoding=\"async\" width=\"150\" height=\"150\" data-src=\"https:\/\/www.tusztusz.pl\/sklepy\/wp-content\/uploads\/2021\/08\/27493-150x150.jpg\" class=\"attachment-thumbnail size-thumbnail wp-image-5453 lazyload\" alt=\"\" src=\"data:image\/gif;base64,R0lGODlhAQABAAAAACH5BAEKAAEALAAAAAABAAEAAAICTAEAOw==\" style=\"--smush-placeholder-width: 150px; --smush-placeholder-aspect-ratio: 150\/150;\" \/>\t\t\t\t\t\t\t\t<\/a>\n\t\t\t\t\t\t\t\t\t\t\t\t\t\t\t<\/div>\n\t\t\t\t<\/div>\n\t\t\t\t<div class=\"elementor-element elementor-element-22e2fdae elementor-widget elementor-widget-text-editor\" data-id=\"22e2fdae\" data-element_type=\"widget\" data-widget_type=\"text-editor.default\">\n\t\t\t\t<div class=\"elementor-widget-container\">\n\t\t\t\t\t\t\t\t\t<center><strong><a href=\"https:\/\/www.tusztusz.pl\/sklep\/product\/27493,marker-kredowy-smw26\">Zobacz cen\u0119 &gt;&gt;&gt;<\/a><\/strong><\/center>\t\t\t\t\t\t\t\t<\/div>\n\t\t\t\t<\/div>\n\t\t\t\t\t<\/div>\n\t\t<\/div>\n\t\t\t\t<div class=\"elementor-column elementor-col-20 elementor-top-column elementor-element elementor-element-664a6664\" data-id=\"664a6664\" data-element_type=\"column\">\n\t\t\t<div class=\"elementor-widget-wrap elementor-element-populated\">\n\t\t\t\t\t\t<div class=\"elementor-element elementor-element-4e65c0d1 elementor-widget elementor-widget-text-editor\" data-id=\"4e65c0d1\" data-element_type=\"widget\" data-widget_type=\"text-editor.default\">\n\t\t\t\t<div class=\"elementor-widget-container\">\n\t\t\t\t\t\t\t\t\t<p><a href=\"https:\/\/www.tusztusz.pl\/sklep\/product\/27493,marker-kredowy-smw26\">Markery kredowe Pentel SMW 26, 8 kolor\u00f3w<\/a><\/p>\t\t\t\t\t\t\t\t<\/div>\n\t\t\t\t<\/div>\n\t\t\t\t<div class=\"elementor-element elementor-element-603a182a elementor-widget elementor-widget-image\" data-id=\"603a182a\" data-element_type=\"widget\" data-widget_type=\"image.default\">\n\t\t\t\t<div class=\"elementor-widget-container\">\n\t\t\t\t\t\t\t\t\t\t\t\t\t\t\t\t<a href=\"https:\/\/www.tusztusz.pl\/sklep\/product\/27493,marker-kredowy-smw26\">\n\t\t\t\t\t\t\t<img decoding=\"async\" width=\"150\" height=\"150\" data-src=\"https:\/\/www.tusztusz.pl\/sklepy\/wp-content\/uploads\/2021\/08\/27493-150x150.jpg\" class=\"attachment-thumbnail size-thumbnail wp-image-5453 lazyload\" alt=\"\" src=\"data:image\/gif;base64,R0lGODlhAQABAAAAACH5BAEKAAEALAAAAAABAAEAAAICTAEAOw==\" style=\"--smush-placeholder-width: 150px; --smush-placeholder-aspect-ratio: 150\/150;\" \/>\t\t\t\t\t\t\t\t<\/a>\n\t\t\t\t\t\t\t\t\t\t\t\t\t\t\t<\/div>\n\t\t\t\t<\/div>\n\t\t\t\t<div class=\"elementor-element elementor-element-3e2ddf52 elementor-widget elementor-widget-text-editor\" data-id=\"3e2ddf52\" data-element_type=\"widget\" data-widget_type=\"text-editor.default\">\n\t\t\t\t<div class=\"elementor-widget-container\">\n\t\t\t\t\t\t\t\t\t<center><strong><a href=\"https:\/\/www.tusztusz.pl\/sklep\/product\/27493,marker-kredowy-smw26\">Zobacz cen\u0119 &gt;&gt;&gt;<\/a><\/strong><\/center>\t\t\t\t\t\t\t\t<\/div>\n\t\t\t\t<\/div>\n\t\t\t\t\t<\/div>\n\t\t<\/div>\n\t\t\t\t<div class=\"elementor-column elementor-col-20 elementor-top-column elementor-element elementor-element-1acd55bf\" data-id=\"1acd55bf\" data-element_type=\"column\">\n\t\t\t<div class=\"elementor-widget-wrap elementor-element-populated\">\n\t\t\t\t\t\t<div class=\"elementor-element elementor-element-2f4baf82 elementor-widget elementor-widget-text-editor\" data-id=\"2f4baf82\" data-element_type=\"widget\" data-widget_type=\"text-editor.default\">\n\t\t\t\t<div class=\"elementor-widget-container\">\n\t\t\t\t\t\t\t\t\t<p><a href=\"https:\/\/www.tusztusz.pl\/sklep\/product\/27493,marker-kredowy-smw26\">Markery kredowe Pentel SMW 26, 8 kolor\u00f3w<\/a><\/p>\t\t\t\t\t\t\t\t<\/div>\n\t\t\t\t<\/div>\n\t\t\t\t<div class=\"elementor-element elementor-element-7f1e6339 elementor-widget elementor-widget-image\" data-id=\"7f1e6339\" data-element_type=\"widget\" data-widget_type=\"image.default\">\n\t\t\t\t<div class=\"elementor-widget-container\">\n\t\t\t\t\t\t\t\t\t\t\t\t\t\t\t\t<a href=\"https:\/\/www.tusztusz.pl\/sklep\/product\/27493,marker-kredowy-smw26\">\n\t\t\t\t\t\t\t<img decoding=\"async\" width=\"150\" height=\"150\" data-src=\"https:\/\/www.tusztusz.pl\/sklepy\/wp-content\/uploads\/2021\/08\/27493-150x150.jpg\" class=\"attachment-thumbnail size-thumbnail wp-image-5453 lazyload\" alt=\"\" src=\"data:image\/gif;base64,R0lGODlhAQABAAAAACH5BAEKAAEALAAAAAABAAEAAAICTAEAOw==\" style=\"--smush-placeholder-width: 150px; --smush-placeholder-aspect-ratio: 150\/150;\" \/>\t\t\t\t\t\t\t\t<\/a>\n\t\t\t\t\t\t\t\t\t\t\t\t\t\t\t<\/div>\n\t\t\t\t<\/div>\n\t\t\t\t<div class=\"elementor-element elementor-element-2f6592b1 elementor-widget elementor-widget-text-editor\" data-id=\"2f6592b1\" data-element_type=\"widget\" data-widget_type=\"text-editor.default\">\n\t\t\t\t<div class=\"elementor-widget-container\">\n\t\t\t\t\t\t\t\t\t<center><strong><a href=\"https:\/\/www.tusztusz.pl\/sklep\/product\/27493,marker-kredowy-smw26\">Zobacz cen\u0119 &gt;&gt;&gt;<\/a><\/strong><\/center>\t\t\t\t\t\t\t\t<\/div>\n\t\t\t\t<\/div>\n\t\t\t\t\t<\/div>\n\t\t<\/div>\n\t\t\t\t<div class=\"elementor-column elementor-col-20 elementor-top-column elementor-element elementor-element-e1c368e\" data-id=\"e1c368e\" data-element_type=\"column\">\n\t\t\t<div class=\"elementor-widget-wrap elementor-element-populated\">\n\t\t\t\t\t\t<div class=\"elementor-element elementor-element-46a55a82 elementor-widget elementor-widget-text-editor\" data-id=\"46a55a82\" data-element_type=\"widget\" data-widget_type=\"text-editor.default\">\n\t\t\t\t<div class=\"elementor-widget-container\">\n\t\t\t\t\t\t\t\t\t<p><a href=\"https:\/\/www.tusztusz.pl\/sklep\/product\/27493,marker-kredowy-smw26\">Markery kredowe Pentel SMW 26, 8 kolor\u00f3w<\/a><\/p>\t\t\t\t\t\t\t\t<\/div>\n\t\t\t\t<\/div>\n\t\t\t\t<div class=\"elementor-element elementor-element-31e09faa elementor-widget elementor-widget-image\" data-id=\"31e09faa\" data-element_type=\"widget\" data-widget_type=\"image.default\">\n\t\t\t\t<div class=\"elementor-widget-container\">\n\t\t\t\t\t\t\t\t\t\t\t\t\t\t\t\t<a href=\"https:\/\/www.tusztusz.pl\/sklep\/product\/27493,marker-kredowy-smw26\">\n\t\t\t\t\t\t\t<img decoding=\"async\" width=\"150\" height=\"150\" data-src=\"https:\/\/www.tusztusz.pl\/sklepy\/wp-content\/uploads\/2021\/08\/27493-150x150.jpg\" class=\"attachment-thumbnail size-thumbnail wp-image-5453 lazyload\" alt=\"\" src=\"data:image\/gif;base64,R0lGODlhAQABAAAAACH5BAEKAAEALAAAAAABAAEAAAICTAEAOw==\" style=\"--smush-placeholder-width: 150px; --smush-placeholder-aspect-ratio: 150\/150;\" \/>\t\t\t\t\t\t\t\t<\/a>\n\t\t\t\t\t\t\t\t\t\t\t\t\t\t\t<\/div>\n\t\t\t\t<\/div>\n\t\t\t\t<div class=\"elementor-element elementor-element-7a9e9e5 elementor-widget elementor-widget-text-editor\" data-id=\"7a9e9e5\" data-element_type=\"widget\" data-widget_type=\"text-editor.default\">\n\t\t\t\t<div class=\"elementor-widget-container\">\n\t\t\t\t\t\t\t\t\t<center><strong><a href=\"https:\/\/www.tusztusz.pl\/sklep\/product\/27493,marker-kredowy-smw26\">Zobacz cen\u0119 &gt;&gt;&gt;<\/a><\/strong><\/center>\t\t\t\t\t\t\t\t<\/div>\n\t\t\t\t<\/div>\n\t\t\t\t\t<\/div>\n\t\t<\/div>\n\t\t\t\t\t<\/div>\n\t\t<\/section>\n\t\t\t\t<section class=\"elementor-section elementor-top-section elementor-element elementor-element-107f4f3a elementor-section-boxed elementor-section-height-default elementor-section-height-default\" data-id=\"107f4f3a\" data-element_type=\"section\">\n\t\t\t\t\t\t<div class=\"elementor-container elementor-column-gap-default\">\n\t\t\t\t\t<div class=\"elementor-column elementor-col-100 elementor-top-column elementor-element elementor-element-1280b5ae\" data-id=\"1280b5ae\" data-element_type=\"column\">\n\t\t\t<div class=\"elementor-widget-wrap elementor-element-populated\">\n\t\t\t\t\t\t<div class=\"elementor-element elementor-element-649b586 elementor-widget elementor-widget-text-editor\" data-id=\"649b586\" data-element_type=\"widget\" data-widget_type=\"text-editor.default\">\n\t\t\t\t<div class=\"elementor-widget-container\">\n\t\t\t\t\t\t\t\t\t<p>\u0179r\u00f3d\u0142o zdj\u0119\u0107 zamieszczonych w artykule: Freepic<\/p>\t\t\t\t\t\t\t\t<\/div>\n\t\t\t\t<\/div>\n\t\t\t\t\t<\/div>\n\t\t<\/div>\n\t\t\t\t\t<\/div>\n\t\t<\/section>\n\t\t\t\t<\/div>\n\t\t","protected":false},"excerpt":{"rendered":"<p>Dlaczego warto wynaj\u0105\u0107 drukark\u0119? Wynajem drukarek- Oszcz\u0119dno\u015b\u0107 czasu, pieni\u0119dzy i profesjonalna obs\u0142uga Drukarki s\u0105 nieod\u0142\u0105cznym elementem wyposa\u017cenia i stanowi\u0105 jedno z podstawowych narz\u0119dzi pracy ka\u017cdej firmy \u2013 zwi\u0119kszaj\u0105 efektywno\u015b\u0107 operacyjn\u0105 i organizacyjn\u0105 przedsi\u0119biorstw oraz u\u0142atwiaj\u0105 procesy administracyjne. Cho\u0107 ich g\u0142\u00f3wn\u0105 &hellip;<\/p>\n<p class=\"read-more\"> <a class=\"ast-button\" href=\"https:\/\/www.tusztusz.pl\/sklepy\/blog\/dlaczego-warto-wynajac-drukarke\/\"> <span class=\"screen-reader-text\">Dlaczego warto wynaj\u0105\u0107 drukark\u0119? Wynajem drukarek- Oszcz\u0119dno\u015b\u0107 czasu, pieni\u0119dzy i profesjonalna obs\u0142uga<\/span> Wi\u0119cej \u00bb<\/a><\/p>\n","protected":false},"author":10,"featured_media":9476,"comment_status":"closed","ping_status":"closed","sticky":false,"template":"","format":"standard","meta":{"footnotes":""},"categories":[9],"tags":[],"class_list":["post-9473","post","type-post","status-publish","format-standard","has-post-thumbnail","hentry","category-artykuly-edukacyjne"],"_links":{"self":[{"href":"https:\/\/www.tusztusz.pl\/sklepy\/wp-json\/wp\/v2\/posts\/9473","targetHints":{"allow":["GET"]}}],"collection":[{"href":"https:\/\/www.tusztusz.pl\/sklepy\/wp-json\/wp\/v2\/posts"}],"about":[{"href":"https:\/\/www.tusztusz.pl\/sklepy\/wp-json\/wp\/v2\/types\/post"}],"author":[{"embeddable":true,"href":"https:\/\/www.tusztusz.pl\/sklepy\/wp-json\/wp\/v2\/users\/10"}],"replies":[{"embeddable":true,"href":"https:\/\/www.tusztusz.pl\/sklepy\/wp-json\/wp\/v2\/comments?post=9473"}],"version-history":[{"count":21,"href":"https:\/\/www.tusztusz.pl\/sklepy\/wp-json\/wp\/v2\/posts\/9473\/revisions"}],"predecessor-version":[{"id":9508,"href":"https:\/\/www.tusztusz.pl\/sklepy\/wp-json\/wp\/v2\/posts\/9473\/revisions\/9508"}],"wp:featuredmedia":[{"embeddable":true,"href":"https:\/\/www.tusztusz.pl\/sklepy\/wp-json\/wp\/v2\/media\/9476"}],"wp:attachment":[{"href":"https:\/\/www.tusztusz.pl\/sklepy\/wp-json\/wp\/v2\/media?parent=9473"}],"wp:term":[{"taxonomy":"category","embeddable":true,"href":"https:\/\/www.tusztusz.pl\/sklepy\/wp-json\/wp\/v2\/categories?post=9473"},{"taxonomy":"post_tag","embeddable":true,"href":"https:\/\/www.tusztusz.pl\/sklepy\/wp-json\/wp\/v2\/tags?post=9473"}],"curies":[{"name":"wp","href":"https:\/\/api.w.org\/{rel}","templated":true}]}}