{"id":8810,"date":"2023-08-13T10:04:36","date_gmt":"2023-08-13T08:04:36","guid":{"rendered":"https:\/\/www.tusztusz.pl\/sklepy\/?p=8810"},"modified":"2023-08-13T10:05:36","modified_gmt":"2023-08-13T08:05:36","slug":"14-08-nie-pracujemy","status":"publish","type":"post","link":"https:\/\/www.tusztusz.pl\/sklepy\/blog\/14-08-nie-pracujemy\/","title":{"rendered":"14.08 &#8211; nie pracujemy"},"content":{"rendered":"\t\t<div data-elementor-type=\"wp-post\" data-elementor-id=\"8810\" class=\"elementor elementor-8810\" data-elementor-post-type=\"post\">\n\t\t\t\t\t\t<section class=\"elementor-section elementor-top-section elementor-element elementor-element-8c42c99 elementor-section-boxed elementor-section-height-default elementor-section-height-default\" data-id=\"8c42c99\" data-element_type=\"section\">\n\t\t\t\t\t\t<div class=\"elementor-container elementor-column-gap-default\">\n\t\t\t\t\t<div class=\"elementor-column elementor-col-100 elementor-top-column elementor-element elementor-element-1926d75\" data-id=\"1926d75\" data-element_type=\"column\">\n\t\t\t<div class=\"elementor-widget-wrap elementor-element-populated\">\n\t\t\t\t\t\t<div class=\"elementor-element elementor-element-7619edc elementor-widget elementor-widget-heading\" data-id=\"7619edc\" data-element_type=\"widget\" data-widget_type=\"heading.default\">\n\t\t\t\t<div class=\"elementor-widget-container\">\n\t\t\t\t\t<h2 class=\"elementor-heading-title elementor-size-default\">Organizacja pracy - 14 sierpnia<\/h2>\t\t\t\t<\/div>\n\t\t\t\t<\/div>\n\t\t\t\t\t<\/div>\n\t\t<\/div>\n\t\t\t\t\t<\/div>\n\t\t<\/section>\n\t\t\t\t<section class=\"elementor-section elementor-top-section elementor-element elementor-element-f2e6a86 elementor-section-boxed elementor-section-height-default elementor-section-height-default\" data-id=\"f2e6a86\" data-element_type=\"section\">\n\t\t\t\t\t\t<div class=\"elementor-container elementor-column-gap-default\">\n\t\t\t\t\t<div class=\"elementor-column elementor-col-100 elementor-top-column elementor-element elementor-element-679331b\" data-id=\"679331b\" data-element_type=\"column\">\n\t\t\t<div class=\"elementor-widget-wrap elementor-element-populated\">\n\t\t\t\t\t\t<div class=\"elementor-element elementor-element-b7872cc elementor-widget elementor-widget-text-editor\" data-id=\"b7872cc\" data-element_type=\"widget\" data-widget_type=\"text-editor.default\">\n\t\t\t\t<div class=\"elementor-widget-container\">\n\t\t\t\t\t\t\t\t\t<p>Drodzy Klienci,<\/p><p>dnia 14.08 nasz dzia\u0142 obs\u0142ugi Klienta b\u0119dzie zamkni\u0119ty. Zam\u00f3wienia z\u0142o\u017cone tego dnia zrealizujemy 16.08.<\/p><p>Tego dnia zamkni\u0119ty jest r\u00f3wnie\u017c nasz sklep przy ul. Kra\u0144cowej 11 w Warszawie, a sklep przy ul. Meander 2a pracuje w godzinach 10-16.<\/p><p>Za utrudnienia przepraszamy,<\/p><p>Zesp\u00f3\u0142 TuszTusz.pl<\/p>\t\t\t\t\t\t\t\t<\/div>\n\t\t\t\t<\/div>\n\t\t\t\t\t<\/div>\n\t\t<\/div>\n\t\t\t\t\t<\/div>\n\t\t<\/section>\n\t\t\t\t<\/div>\n\t\t","protected":false},"excerpt":{"rendered":"<p>Organizacja pracy &#8211; 14 sierpnia Drodzy Klienci, dnia 14.08 nasz dzia\u0142 obs\u0142ugi Klienta b\u0119dzie zamkni\u0119ty. Zam\u00f3wienia z\u0142o\u017cone tego dnia zrealizujemy 16.08. Tego dnia zamkni\u0119ty jest r\u00f3wnie\u017c nasz sklep przy ul. Kra\u0144cowej 11 w Warszawie, a sklep przy ul. Meander 2a &hellip;<\/p>\n<p class=\"read-more\"> <a class=\"ast-button\" href=\"https:\/\/www.tusztusz.pl\/sklepy\/blog\/14-08-nie-pracujemy\/\"> <span class=\"screen-reader-text\">14.08 &#8211; nie pracujemy<\/span> Wi\u0119cej \u00bb<\/a><\/p>\n","protected":false},"author":2,"featured_media":8330,"comment_status":"closed","ping_status":"closed","sticky":false,"template":"","format":"standard","meta":{"footnotes":""},"categories":[6],"tags":[],"class_list":["post-8810","post","type-post","status-publish","format-standard","has-post-thumbnail","hentry","category-aktualnosci"],"_links":{"self":[{"href":"https:\/\/www.tusztusz.pl\/sklepy\/wp-json\/wp\/v2\/posts\/8810","targetHints":{"allow":["GET"]}}],"collection":[{"href":"https:\/\/www.tusztusz.pl\/sklepy\/wp-json\/wp\/v2\/posts"}],"about":[{"href":"https:\/\/www.tusztusz.pl\/sklepy\/wp-json\/wp\/v2\/types\/post"}],"author":[{"embeddable":true,"href":"https:\/\/www.tusztusz.pl\/sklepy\/wp-json\/wp\/v2\/users\/2"}],"replies":[{"embeddable":true,"href":"https:\/\/www.tusztusz.pl\/sklepy\/wp-json\/wp\/v2\/comments?post=8810"}],"version-history":[{"count":4,"href":"https:\/\/www.tusztusz.pl\/sklepy\/wp-json\/wp\/v2\/posts\/8810\/revisions"}],"predecessor-version":[{"id":8814,"href":"https:\/\/www.tusztusz.pl\/sklepy\/wp-json\/wp\/v2\/posts\/8810\/revisions\/8814"}],"wp:featuredmedia":[{"embeddable":true,"href":"https:\/\/www.tusztusz.pl\/sklepy\/wp-json\/wp\/v2\/media\/8330"}],"wp:attachment":[{"href":"https:\/\/www.tusztusz.pl\/sklepy\/wp-json\/wp\/v2\/media?parent=8810"}],"wp:term":[{"taxonomy":"category","embeddable":true,"href":"https:\/\/www.tusztusz.pl\/sklepy\/wp-json\/wp\/v2\/categories?post=8810"},{"taxonomy":"post_tag","embeddable":true,"href":"https:\/\/www.tusztusz.pl\/sklepy\/wp-json\/wp\/v2\/tags?post=8810"}],"curies":[{"name":"wp","href":"https:\/\/api.w.org\/{rel}","templated":true}]}}