{"id":8807,"date":"2023-08-21T18:21:40","date_gmt":"2023-08-21T16:21:40","guid":{"rendered":"https:\/\/www.tusztusz.pl\/sklepy\/?p=8807"},"modified":"2023-08-21T18:23:22","modified_gmt":"2023-08-21T16:23:22","slug":"wyprawka-na-nowy-rok-szkolny-poradnik","status":"publish","type":"post","link":"https:\/\/www.tusztusz.pl\/sklepy\/blog\/wyprawka-na-nowy-rok-szkolny-poradnik\/","title":{"rendered":"Wyprawka na nowy rok szkolny  \u2013 poradnik last minute!"},"content":{"rendered":"\t\t<div data-elementor-type=\"wp-post\" data-elementor-id=\"8807\" class=\"elementor elementor-8807\" data-elementor-post-type=\"post\">\n\t\t\t\t\t\t<section class=\"elementor-section elementor-top-section elementor-element elementor-element-5823508 elementor-section-boxed elementor-section-height-default elementor-section-height-default\" data-id=\"5823508\" data-element_type=\"section\">\n\t\t\t\t\t\t<div class=\"elementor-container elementor-column-gap-default\">\n\t\t\t\t\t<div class=\"elementor-column elementor-col-100 elementor-top-column elementor-element elementor-element-10fc3865\" data-id=\"10fc3865\" data-element_type=\"column\">\n\t\t\t<div class=\"elementor-widget-wrap elementor-element-populated\">\n\t\t\t\t\t\t<div class=\"elementor-element elementor-element-33d9bfd3 elementor-widget elementor-widget-heading\" data-id=\"33d9bfd3\" data-element_type=\"widget\" data-widget_type=\"heading.default\">\n\t\t\t\t<div class=\"elementor-widget-container\">\n\t\t\t\t\t<h1 class=\"elementor-heading-title elementor-size-default\">Wyprawka na nowy rok szkolny \n\u2013 poradnik last minute<\/h1>\t\t\t\t<\/div>\n\t\t\t\t<\/div>\n\t\t\t\t\t<\/div>\n\t\t<\/div>\n\t\t\t\t\t<\/div>\n\t\t<\/section>\n\t\t\t\t<section class=\"elementor-section elementor-top-section elementor-element elementor-element-5d5a0274 elementor-section-boxed elementor-section-height-default elementor-section-height-default\" data-id=\"5d5a0274\" data-element_type=\"section\">\n\t\t\t\t\t\t<div class=\"elementor-container elementor-column-gap-default\">\n\t\t\t\t\t<div class=\"elementor-column elementor-col-100 elementor-top-column elementor-element elementor-element-124c6a4e\" data-id=\"124c6a4e\" data-element_type=\"column\">\n\t\t\t<div class=\"elementor-widget-wrap elementor-element-populated\">\n\t\t\t\t\t\t<div class=\"elementor-element elementor-element-34924480 elementor-widget elementor-widget-image\" data-id=\"34924480\" data-element_type=\"widget\" data-widget_type=\"image.default\">\n\t\t\t\t<div class=\"elementor-widget-container\">\n\t\t\t\t\t\t\t\t\t\t\t\t\t\t\t<img fetchpriority=\"high\" decoding=\"async\" width=\"1024\" height=\"731\" src=\"https:\/\/www.tusztusz.pl\/sklepy\/wp-content\/uploads\/2023\/08\/artboard-studio-c-KRSHct7Ho-unsplash-1024x731.jpg\" class=\"attachment-large size-large wp-image-8865\" alt=\"nowy rok szkolny wyprawka 1\" srcset=\"https:\/\/www.tusztusz.pl\/sklepy\/wp-content\/uploads\/2023\/08\/artboard-studio-c-KRSHct7Ho-unsplash-1024x731.jpg 1024w, https:\/\/www.tusztusz.pl\/sklepy\/wp-content\/uploads\/2023\/08\/artboard-studio-c-KRSHct7Ho-unsplash-300x214.jpg 300w, https:\/\/www.tusztusz.pl\/sklepy\/wp-content\/uploads\/2023\/08\/artboard-studio-c-KRSHct7Ho-unsplash-768x549.jpg 768w, https:\/\/www.tusztusz.pl\/sklepy\/wp-content\/uploads\/2023\/08\/artboard-studio-c-KRSHct7Ho-unsplash-1536x1097.jpg 1536w, https:\/\/www.tusztusz.pl\/sklepy\/wp-content\/uploads\/2023\/08\/artboard-studio-c-KRSHct7Ho-unsplash-2048x1463.jpg 2048w\" sizes=\"(max-width: 1024px) 100vw, 1024px\" \/>\t\t\t\t\t\t\t\t\t\t\t\t\t\t\t<\/div>\n\t\t\t\t<\/div>\n\t\t\t\t\t<\/div>\n\t\t<\/div>\n\t\t\t\t\t<\/div>\n\t\t<\/section>\n\t\t\t\t<section class=\"elementor-section elementor-top-section elementor-element elementor-element-499262fb elementor-section-boxed elementor-section-height-default elementor-section-height-default\" data-id=\"499262fb\" data-element_type=\"section\">\n\t\t\t\t\t\t<div class=\"elementor-container elementor-column-gap-default\">\n\t\t\t\t\t<div class=\"elementor-column elementor-col-100 elementor-top-column elementor-element elementor-element-5dd205f7\" data-id=\"5dd205f7\" data-element_type=\"column\">\n\t\t\t<div class=\"elementor-widget-wrap elementor-element-populated\">\n\t\t\t\t\t\t<div class=\"elementor-element elementor-element-7b680020 elementor-widget elementor-widget-text-editor\" data-id=\"7b680020\" data-element_type=\"widget\" data-widget_type=\"text-editor.default\">\n\t\t\t\t<div class=\"elementor-widget-container\">\n\t\t\t\t\t\t\t\t\t<p><strong>Zbli\u017ca si\u0119 potwora, ale nie taki diabe\u0142 straszny, jak go maluj\u0105. Z nowym rokiem szkolnym przychodzi pewnie sporo stresu czy wszystko przygotowane. Je\u015bli jeszcze \u017cyjesz latem i w\u0142a\u015bnie sobie przypominasz, \u017ce plecak wci\u0105\u017c jest pusty, to przeczytaj nasz poradnik last minute dla wyprawki szkolnej \u2013 Tusztusz Ci\u0119 spakuje!<\/strong><\/p>\t\t\t\t\t\t\t\t<\/div>\n\t\t\t\t<\/div>\n\t\t\t\t<div class=\"elementor-element elementor-element-2ae2ea5 elementor-widget elementor-widget-global elementor-global-5458 elementor-widget-table-of-contents\" data-id=\"2ae2ea5\" data-element_type=\"widget\" data-settings=\"{&quot;headings_by_tags&quot;:[&quot;h2&quot;],&quot;exclude_headings_by_selector&quot;:&quot;footer&quot;,&quot;marker_view&quot;:&quot;bullets&quot;,&quot;min_height&quot;:{&quot;unit&quot;:&quot;px&quot;,&quot;size&quot;:&quot;0&quot;,&quot;sizes&quot;:[]},&quot;icon&quot;:{&quot;value&quot;:&quot;fas fa-circle&quot;,&quot;library&quot;:&quot;fa-solid&quot;},&quot;no_headings_message&quot;:&quot;No headings were found on this page.&quot;,&quot;hierarchical_view&quot;:&quot;yes&quot;,&quot;min_height_tablet&quot;:{&quot;unit&quot;:&quot;px&quot;,&quot;size&quot;:&quot;&quot;,&quot;sizes&quot;:[]},&quot;min_height_mobile&quot;:{&quot;unit&quot;:&quot;px&quot;,&quot;size&quot;:&quot;&quot;,&quot;sizes&quot;:[]}}\" data-widget_type=\"table-of-contents.default\">\n\t\t\t\t<div class=\"elementor-widget-container\">\n\t\t\t\t\t\t\t<div class=\"elementor-toc__header\">\n\t\t\t<h2 class=\"elementor-toc__header-title\">\n\t\t\t\tSpis tre\u015bci\t\t\t<\/h2>\n\t\t\t\t\t<\/div>\n\t\t<div id=\"elementor-toc__2ae2ea5\" class=\"elementor-toc__body\">\n\t\t\t<div class=\"elementor-toc__spinner-container\">\n\t\t\t\t<i class=\"elementor-toc__spinner eicon-animation-spin eicon-loading\" aria-hidden=\"true\"><\/i>\t\t\t<\/div>\n\t\t<\/div>\n\t\t\t\t\t\t<\/div>\n\t\t\t\t<\/div>\n\t\t\t\t<div class=\"elementor-element elementor-element-5e00f8b7 elementor-widget elementor-widget-heading\" data-id=\"5e00f8b7\" data-element_type=\"widget\" data-widget_type=\"heading.default\">\n\t\t\t\t<div class=\"elementor-widget-container\">\n\t\t\t\t\t<h2 class=\"elementor-heading-title elementor-size-default\">Wyprawka szkolna \u2013 lista<\/h2>\t\t\t\t<\/div>\n\t\t\t\t<\/div>\n\t\t\t\t<div class=\"elementor-element elementor-element-5c9f08d8 elementor-widget elementor-widget-text-editor\" data-id=\"5c9f08d8\" data-element_type=\"widget\" data-widget_type=\"text-editor.default\">\n\t\t\t\t<div class=\"elementor-widget-container\">\n\t\t\t\t\t\t\t\t\t<p>Na pocz\u0105tku we\u017a kartk\u0119 papieru i<strong> zr\u00f3b sobie list\u0119<\/strong> najpotrzebniejszych rzeczy, kt\u00f3re b\u0119dziesz zabiera\u0107 ze sob\u0105<strong> do szko\u0142y<\/strong> ka\u017cdego dnia. Mo\u017cesz si\u0119 znale\u017a\u0107 w trzech sytuacjach: to pierwszy rok w szkole Twojego dziecka, jeste\u015b uczniem szko\u0142y podstawowej lub zaczynasz kolejny rok w klasie szko\u0142y \u015bredniej.\u00a0<\/p><p><span style=\"font-size: 18px;\">Zasada jest dosy\u0107 prosta. Im ni\u017csza klasa, tym potrzeba wi\u0119cej akcesori\u00f3w na korzy\u015b\u0107 cie\u0144szych i mniejszych zeszyt\u00f3w. Z kolei w wy\u017cszych klasach potrzebne stan\u0105 przybory do pisania oraz zakre\u015blania. Szykuj\u0105c si\u0119 do matury, dobrze mie\u0107 przy sobie grubszy zeszyt w formacie A4, w kt\u00f3rym notatki stan\u0105 si\u0119 bardziej przejrzyste.<\/span><\/p>\t\t\t\t\t\t\t\t<\/div>\n\t\t\t\t<\/div>\n\t\t\t\t<div class=\"elementor-element elementor-element-56188859 elementor-widget elementor-widget-spacer\" data-id=\"56188859\" data-element_type=\"widget\" data-widget_type=\"spacer.default\">\n\t\t\t\t<div class=\"elementor-widget-container\">\n\t\t\t\t\t\t\t<div class=\"elementor-spacer\">\n\t\t\t<div class=\"elementor-spacer-inner\"><\/div>\n\t\t<\/div>\n\t\t\t\t\t\t<\/div>\n\t\t\t\t<\/div>\n\t\t\t\t<div class=\"elementor-element elementor-element-7c279a6d elementor-alert-success elementor-widget elementor-widget-alert\" data-id=\"7c279a6d\" data-element_type=\"widget\" data-widget_type=\"alert.default\">\n\t\t\t\t<div class=\"elementor-widget-container\">\n\t\t\t\t\t\t\t<div class=\"elementor-alert\" role=\"alert\">\n\n\t\t\t\t\t\t<span class=\"elementor-alert-title\">Rada-porada<\/span>\n\t\t\t\n\t\t\t\t\t\t<span class=\"elementor-alert-description\">Wyprawka szkolna nie mus by\u0107 ci\u0119\u017cka i obszerna. Wypisz sobie przedmioty, kt\u00f3re czekaj\u0105 si\u0119 w najbli\u017cszym roku szkolnym i zastan\u00f3w si\u0119, co na pewno b\u0119dzie potrzebne. Zobaczysz, \u017ce na paru lekcjach skorzystasz z tych samych akcesori\u00f3w. Cze\u015b\u0107 z nich warto schowa\u0107 do szkolnej szafki. B\u0119d\u0105 pod r\u0119k\u0105.<\/span>\n\t\t\t\n\t\t\t\n\t\t<\/div>\n\t\t\t\t\t\t<\/div>\n\t\t\t\t<\/div>\n\t\t\t\t<div class=\"elementor-element elementor-element-e9cbc05 elementor-widget elementor-widget-text-editor\" data-id=\"e9cbc05\" data-element_type=\"widget\" data-widget_type=\"text-editor.default\">\n\t\t\t\t<div class=\"elementor-widget-container\">\n\t\t\t\t\t\t\t\t\t<p>Dla u\u0142atwienia podajemy <b>list\u0119 akcesori\u00f3w szkolnych<\/b>, w kt\u00f3re warto si\u0119 zaopatrzy\u0107 przed 1 wrze\u015bnia:<\/p><ul><li><a href=\"https:\/\/www.tusztusz.pl\/sklep\/products\/szkola-i-przedszkole\/zeszyty\">zeszyty<\/a> w kartk\u0119 lub lini\u0119: format A5 i A4,<\/li><li><a href=\"https:\/\/www.tusztusz.pl\/sklep\/products\/do-pisania\">przybory do pisania<\/a>: o\u0142\u00f3wek ( HB i B), pi\u00f3ro i naboje z atramentem, d\u0142ugopisy (czarne i niebieskie),<\/li><li>r\u00f3\u017cnokolorowe<a href=\"https:\/\/www.tusztusz.pl\/sklep\/products\/szkola-i-przedszkole\/zakreslacze\"> zakre\u015blacze<\/a>,<\/li><li>pude\u0142ko ze spinaczami,<\/li><li><a href=\"https:\/\/www.tusztusz.pl\/sklep\/product\/37106,temperowka-maped-shaker\">temper\u00f3wka<\/a>,<\/li><li><a href=\"https:\/\/www.tusztusz.pl\/sklep\/product\/36956,gumka-maped-mini-technic\">gumka do \u015bcierania<\/a>,<\/li><li>blok rysunkowy, brystol,<\/li><li>pi\u00f3rnik,<\/li><li>no\u017cyczki (w tym r\u00f3wnie\u017c <a href=\"https:\/\/www.tusztusz.pl\/sklep\/product\/34496,nozyczki-donau-czarne\">no\u017cyczki dla lewor\u0119cznych<\/a>),<\/li><li>linijka i ekierka,<\/li><li>k\u0105tomierz,<\/li><li><a href=\"https:\/\/www.tusztusz.pl\/sklep\/product\/36929,klej-w-sztyfcie-linex-8-g\">klej w sztyfcie<\/a>,<\/li><li>kredki lub kolorowe <a href=\"https:\/\/www.tusztusz.pl\/sklep\/products\/szkola-i-przedszkole\/cienkopisy\">cienkopisy<\/a>,<\/li><li><a href=\"https:\/\/www.tusztusz.pl\/sklep\/product\/36383,flet-grand\">flet<\/a>,<\/li><li>ewentualnie plastelina, p\u0119dzle, farby i <a href=\"https:\/\/www.tusztusz.pl\/sklep\/products\/szkola-i-przedszkole\/pastele\">pastele<\/a>.<\/li><\/ul><p>Ostatnie tygodnie sierpnia <strong>przed nowym rokiem szkolnym<\/strong> to r\u00f3wnie\u017c dobry czas na przejrzenie zesz\u0142orocznych przybor\u00f3w. By\u0107 mo\u017ce ko\u0144czy si\u0119 zeszyt lub zamek w pi\u00f3rnik wo\u0142a o pomst\u0119 do nieba. A nu\u017c trafi si\u0119 jeszcze kilka sprawnych, niewysuszonych d\u0142ugopis\u00f3w, kt\u00f3re przydadz\u0105 si\u0119 na pocz\u0105tek. Niemniej ju\u017c teraz warto dokupi\u0107<a href=\"https:\/\/www.tusztusz.pl\/sklep\/products\/do-pisania\/dlugopisy-popularne\"> par\u0119 na zapas<\/a>.<\/p>\t\t\t\t\t\t\t\t<\/div>\n\t\t\t\t<\/div>\n\t\t\t\t<div class=\"elementor-element elementor-element-7b405bb3 elementor-widget elementor-widget-image\" data-id=\"7b405bb3\" data-element_type=\"widget\" data-widget_type=\"image.default\">\n\t\t\t\t<div class=\"elementor-widget-container\">\n\t\t\t\t\t\t\t\t\t\t\t\t\t\t\t<img decoding=\"async\" width=\"1024\" height=\"683\" data-src=\"https:\/\/www.tusztusz.pl\/sklepy\/wp-content\/uploads\/2023\/08\/gr-stocks-1ytUKz_Ms8U-unsplash-1-1024x683.jpg\" class=\"attachment-large size-large wp-image-8869 lazyload\" alt=\"nowy rok szkolny wyprawka 2\" data-srcset=\"https:\/\/www.tusztusz.pl\/sklepy\/wp-content\/uploads\/2023\/08\/gr-stocks-1ytUKz_Ms8U-unsplash-1-1024x683.jpg 1024w, https:\/\/www.tusztusz.pl\/sklepy\/wp-content\/uploads\/2023\/08\/gr-stocks-1ytUKz_Ms8U-unsplash-1-300x200.jpg 300w, https:\/\/www.tusztusz.pl\/sklepy\/wp-content\/uploads\/2023\/08\/gr-stocks-1ytUKz_Ms8U-unsplash-1-768x512.jpg 768w, https:\/\/www.tusztusz.pl\/sklepy\/wp-content\/uploads\/2023\/08\/gr-stocks-1ytUKz_Ms8U-unsplash-1-1536x1024.jpg 1536w, https:\/\/www.tusztusz.pl\/sklepy\/wp-content\/uploads\/2023\/08\/gr-stocks-1ytUKz_Ms8U-unsplash-1-2048x1365.jpg 2048w\" data-sizes=\"(max-width: 1024px) 100vw, 1024px\" src=\"data:image\/gif;base64,R0lGODlhAQABAAAAACH5BAEKAAEALAAAAAABAAEAAAICTAEAOw==\" style=\"--smush-placeholder-width: 1024px; --smush-placeholder-aspect-ratio: 1024\/683;\" \/>\t\t\t\t\t\t\t\t\t\t\t\t\t\t\t<\/div>\n\t\t\t\t<\/div>\n\t\t\t\t<div class=\"elementor-element elementor-element-232ede7 elementor-widget elementor-widget-spacer\" data-id=\"232ede7\" data-element_type=\"widget\" data-widget_type=\"spacer.default\">\n\t\t\t\t<div class=\"elementor-widget-container\">\n\t\t\t\t\t\t\t<div class=\"elementor-spacer\">\n\t\t\t<div class=\"elementor-spacer-inner\"><\/div>\n\t\t<\/div>\n\t\t\t\t\t\t<\/div>\n\t\t\t\t<\/div>\n\t\t\t\t<div class=\"elementor-element elementor-element-22e58b76 elementor-widget elementor-widget-heading\" data-id=\"22e58b76\" data-element_type=\"widget\" data-widget_type=\"heading.default\">\n\t\t\t\t<div class=\"elementor-widget-container\">\n\t\t\t\t\t<h2 class=\"elementor-heading-title elementor-size-default\">Szkolne notatki do wyprawki<\/h2>\t\t\t\t<\/div>\n\t\t\t\t<\/div>\n\t\t\t\t<div class=\"elementor-element elementor-element-df3187d elementor-widget elementor-widget-text-editor\" data-id=\"df3187d\" data-element_type=\"widget\" data-widget_type=\"text-editor.default\">\n\t\t\t\t<div class=\"elementor-widget-container\">\n\t\t\t\t\t\t\t\t\t<p>Kiedy ju\u017c przejrzysz zesz\u0142oroczne zeszyty, przeka\u017cesz nast\u0119pnym rocznikom stare podr\u0119czniki i zbierzesz informacje, co przygotowa\u0107 na pierwszy tydzie\u0144 w nowym roku szkolnym, to zapakuj przed lekcj\u0105 skoroszyty i notatniki. To bardzo przydatne dodatki. Wiemy, \u017ce trudno o tym teraz m\u00f3wi\u0107 na g\u0142os, ale kartk\u00f3wki i wypracowania na lekcji b\u0119d\u0105 mie\u0107 mie\u0107 miejsce. Dlatego warto mie\u0107 pod r\u0119k\u0105 notatnik z kartkami. Mniej stresu i chaosu, i chodzenia po klasie w poszukiwaniu pustej kartki.<\/p>\t\t\t\t\t\t\t\t<\/div>\n\t\t\t\t<\/div>\n\t\t\t\t<div class=\"elementor-element elementor-element-727ee89e elementor-alert-success elementor-widget elementor-widget-alert\" data-id=\"727ee89e\" data-element_type=\"widget\" data-widget_type=\"alert.default\">\n\t\t\t\t<div class=\"elementor-widget-container\">\n\t\t\t\t\t\t\t<div class=\"elementor-alert\" role=\"alert\">\n\n\t\t\t\t\t\t<span class=\"elementor-alert-title\">Warto spr\u00f3bowa\u0107<\/span>\n\t\t\t\n\t\t\t\t\t\t<span class=\"elementor-alert-description\">Je\u015bli nie masz szafki na zapasowe przybory, to zapytaj koleg\u0119 lub kole\u017cank\u0119 ze szko\u0142y. Mo\u017cecie dzieli\u0107 we dwoje jedn\u0105 szafk\u0119. Nie musisz dzi\u0119ki temu zabiera\u0107 ca\u0142ego ekwipunku z powrotem do domu.<\/span>\n\t\t\t\n\t\t\t\n\t\t<\/div>\n\t\t\t\t\t\t<\/div>\n\t\t\t\t<\/div>\n\t\t\t\t<div class=\"elementor-element elementor-element-28912c9 elementor-widget elementor-widget-spacer\" data-id=\"28912c9\" data-element_type=\"widget\" data-widget_type=\"spacer.default\">\n\t\t\t\t<div class=\"elementor-widget-container\">\n\t\t\t\t\t\t\t<div class=\"elementor-spacer\">\n\t\t\t<div class=\"elementor-spacer-inner\"><\/div>\n\t\t<\/div>\n\t\t\t\t\t\t<\/div>\n\t\t\t\t<\/div>\n\t\t\t\t<div class=\"elementor-element elementor-element-1b9ebd5f elementor-widget-divider--view-line elementor-widget elementor-widget-divider\" data-id=\"1b9ebd5f\" data-element_type=\"widget\" data-widget_type=\"divider.default\">\n\t\t\t\t<div class=\"elementor-widget-container\">\n\t\t\t\t\t\t\t<div class=\"elementor-divider\">\n\t\t\t<span class=\"elementor-divider-separator\">\n\t\t\t\t\t\t<\/span>\n\t\t<\/div>\n\t\t\t\t\t\t<\/div>\n\t\t\t\t<\/div>\n\t\t\t\t<div class=\"elementor-element elementor-element-2e616c8e elementor-widget elementor-widget-text-editor\" data-id=\"2e616c8e\" data-element_type=\"widget\" data-widget_type=\"text-editor.default\">\n\t\t\t\t<div class=\"elementor-widget-container\">\n\t\t\t\t\t\t\t\t\t<p><strong>Artyku\u0142y powi\u0105zane:<\/strong><\/p><p><a href=\"https:\/\/www.tusztusz.pl\/sklepy\/blog\/dlaczego-gramatura-papieru-jest-wazna\/\">&gt;&gt;\u00a0 Wydruk na ka\u017cd\u0105 okazj\u0119, czyli jaki papier wybra\u0107 do okre\u015blonego typu wydruku?<\/a><\/p><p><a href=\"https:\/\/www.tusztusz.pl\/sklepy\/?p=7099&amp;preview=true\">&gt;&gt; Jakie s\u0105 typy papieru do drukarek?<\/a><\/p><p><a href=\"https:\/\/www.tusztusz.pl\/sklepy\/?p=7094&amp;preview=true\">&gt;&gt; Papier do drukarki &#8211; jaki rodzaj najlepiej wybra\u0107?<\/a><\/p>\t\t\t\t\t\t\t\t<\/div>\n\t\t\t\t<\/div>\n\t\t\t\t<div class=\"elementor-element elementor-element-50a8324f elementor-widget-divider--view-line elementor-widget elementor-widget-divider\" data-id=\"50a8324f\" data-element_type=\"widget\" data-widget_type=\"divider.default\">\n\t\t\t\t<div class=\"elementor-widget-container\">\n\t\t\t\t\t\t\t<div class=\"elementor-divider\">\n\t\t\t<span class=\"elementor-divider-separator\">\n\t\t\t\t\t\t<\/span>\n\t\t<\/div>\n\t\t\t\t\t\t<\/div>\n\t\t\t\t<\/div>\n\t\t\t\t<div class=\"elementor-element elementor-element-25364b5b elementor-widget elementor-widget-text-editor\" data-id=\"25364b5b\" data-element_type=\"widget\" data-widget_type=\"text-editor.default\">\n\t\t\t\t<div class=\"elementor-widget-container\">\n\t\t\t\t\t\t\t\t\t<p>Z kolei<a href=\"https:\/\/www.tusztusz.pl\/sklep\/products\/organizacja-dokumentow\/skoroszyty\"> skoroszyt<\/a> (wpinany, zciskany, standardowy) sprawdzi\u00a0 si\u0119 na dodatkowe notatki lub kser\u00f3wki z zaj\u0119\u0107. Czasami trzeba co\u015b rozpisa\u0107, np. list\u0119 temat\u00f3w do wyboru, daty projekt\u00f3w czy prezentacji, wa\u017cn\u0105 informacj\u0119 do przekazania rodzicom.<\/p><p>W naszej ofercie znajdziesz tak\u017ce <a href=\"https:\/\/www.tusztusz.pl\/sklep\/product\/29068,kolonotatnik-z-kolorowymi-regist\">ko\u0142onotatniki<\/a> \u2013 z nich wystarczy wyrwa\u0107 pojedyncz\u0105 kartk\u0119 przez prac\u0105 klasow\u0105, np. w formie wypracowania. Przyda si\u0119 tak\u017ce na szybk\u0105 burz\u0119 m\u00f3zg\u00f3w podczas pracy\u00a0 w grupach.<\/p>\t\t\t\t\t\t\t\t<\/div>\n\t\t\t\t<\/div>\n\t\t\t\t<div class=\"elementor-element elementor-element-16ec6d86 elementor-widget elementor-widget-image\" data-id=\"16ec6d86\" data-element_type=\"widget\" data-widget_type=\"image.default\">\n\t\t\t\t<div class=\"elementor-widget-container\">\n\t\t\t\t\t\t\t\t\t\t\t\t\t\t\t<img decoding=\"async\" width=\"1024\" height=\"725\" data-src=\"https:\/\/www.tusztusz.pl\/sklepy\/wp-content\/uploads\/2023\/08\/aaron-burden-1zR3WNSTnvY-unsplash-1024x725.jpg\" class=\"attachment-large size-large wp-image-8867 lazyload\" alt=\"nowy rok szkolny wyprawka 3\" data-srcset=\"https:\/\/www.tusztusz.pl\/sklepy\/wp-content\/uploads\/2023\/08\/aaron-burden-1zR3WNSTnvY-unsplash-1024x725.jpg 1024w, https:\/\/www.tusztusz.pl\/sklepy\/wp-content\/uploads\/2023\/08\/aaron-burden-1zR3WNSTnvY-unsplash-300x212.jpg 300w, https:\/\/www.tusztusz.pl\/sklepy\/wp-content\/uploads\/2023\/08\/aaron-burden-1zR3WNSTnvY-unsplash-768x544.jpg 768w, https:\/\/www.tusztusz.pl\/sklepy\/wp-content\/uploads\/2023\/08\/aaron-burden-1zR3WNSTnvY-unsplash-1536x1087.jpg 1536w, https:\/\/www.tusztusz.pl\/sklepy\/wp-content\/uploads\/2023\/08\/aaron-burden-1zR3WNSTnvY-unsplash-2048x1449.jpg 2048w\" data-sizes=\"(max-width: 1024px) 100vw, 1024px\" src=\"data:image\/gif;base64,R0lGODlhAQABAAAAACH5BAEKAAEALAAAAAABAAEAAAICTAEAOw==\" style=\"--smush-placeholder-width: 1024px; --smush-placeholder-aspect-ratio: 1024\/725;\" \/>\t\t\t\t\t\t\t\t\t\t\t\t\t\t\t<\/div>\n\t\t\t\t<\/div>\n\t\t\t\t<div class=\"elementor-element elementor-element-174b2121 elementor-widget elementor-widget-text-editor\" data-id=\"174b2121\" data-element_type=\"widget\" data-widget_type=\"text-editor.default\">\n\t\t\t\t<div class=\"elementor-widget-container\">\n\t\t\t\t\t\t\t\t\t<p>Warto te\u017c mie\u0107 przy sobie jeszcze jeden znany zeszyt.<b> Brudnopis<\/b>. Nim zaczniesz przelewa\u0107 swoje pomys\u0142y i obliczenia na papier, to najpierw lepiej to prze\u0107wiczy\u0107 na czym\u015b, na czym <b>mo\u017cesz skre\u015bla\u0107, poprawia\u0107 i zmienia\u0107 koncepcje<\/b>.<\/p><p>Brudnopis pozwoli Ci upewni\u0107, \u017ce Twoje wyliczenia s\u0105 poprawne, a tak\u017ce \u017ce zbudowane zdania i argumentacje nie zawieraj\u0105 \u017cadnych ra\u017c\u0105cych b\u0142\u0119d\u00f3w.<\/p><p>To r\u00f3wnie\u017c dobre miejsce na tworzenie konspektu pracy.\u00a0<\/p>\t\t\t\t\t\t\t\t<\/div>\n\t\t\t\t<\/div>\n\t\t\t\t<div class=\"elementor-element elementor-element-1522b611 elementor-widget elementor-widget-heading\" data-id=\"1522b611\" data-element_type=\"widget\" data-widget_type=\"heading.default\">\n\t\t\t\t<div class=\"elementor-widget-container\">\n\t\t\t\t\t<h2 class=\"elementor-heading-title elementor-size-default\">Nowy rok szkolny dla pierwszak\u00f3w<\/h2>\t\t\t\t<\/div>\n\t\t\t\t<\/div>\n\t\t\t\t<div class=\"elementor-element elementor-element-6117abf8 elementor-widget elementor-widget-text-editor\" data-id=\"6117abf8\" data-element_type=\"widget\" data-widget_type=\"text-editor.default\">\n\t\t\t\t<div class=\"elementor-widget-container\">\n\t\t\t\t\t\t\t\t\t<p>Je\u017celi Twoje dziecko rozpoczyna swoj\u0105 edukacj\u0119, to z pewno\u015bci\u0105 trzeba b\u0119dzie zebra\u0107 wi\u0119kszo\u015b\u0107 przybor\u00f3w podanych w powy\u017cszej li\u015bcie.<\/p><p>W pierwszych klasach cho\u0107 akcesori\u00f3w jest sporo, to jednak zeszyty nie musz\u0105 mie\u0107 du\u017cych format\u00f3w i wiele kartk\u0119. Lepiej dokupi\u0107 kilka mniejszych zeszyt\u00f3w i mie\u0107 je na zapas. Dziecko nie powinno obci\u0105\u017ca\u0107 delikatnego kr\u0119gos\u0142upa. W ni\u017cszych klasach odbywa si\u0119 te\u017c wi\u0119cej zaj\u0119\u0107 plastycznych, a one tak\u017ce b\u0119d\u0105 l\u0105dowa\u0107 w tornistrze. Warto o tym pami\u0119ta\u0107.<\/p>\t\t\t\t\t\t\t\t<\/div>\n\t\t\t\t<\/div>\n\t\t\t\t<div class=\"elementor-element elementor-element-5db5e16 elementor-widget elementor-widget-image\" data-id=\"5db5e16\" data-element_type=\"widget\" data-widget_type=\"image.default\">\n\t\t\t\t<div class=\"elementor-widget-container\">\n\t\t\t\t\t\t\t\t\t\t\t\t\t\t\t<img decoding=\"async\" width=\"1024\" height=\"683\" data-src=\"https:\/\/www.tusztusz.pl\/sklepy\/wp-content\/uploads\/2023\/08\/deleece-cook-zzjLGF_6dx4-unsplash-1024x683.jpg\" class=\"attachment-large size-large wp-image-8866 lazyload\" alt=\"nowy rok szkolny wyprawka 5\" data-srcset=\"https:\/\/www.tusztusz.pl\/sklepy\/wp-content\/uploads\/2023\/08\/deleece-cook-zzjLGF_6dx4-unsplash-1024x683.jpg 1024w, https:\/\/www.tusztusz.pl\/sklepy\/wp-content\/uploads\/2023\/08\/deleece-cook-zzjLGF_6dx4-unsplash-300x200.jpg 300w, https:\/\/www.tusztusz.pl\/sklepy\/wp-content\/uploads\/2023\/08\/deleece-cook-zzjLGF_6dx4-unsplash-768x512.jpg 768w, https:\/\/www.tusztusz.pl\/sklepy\/wp-content\/uploads\/2023\/08\/deleece-cook-zzjLGF_6dx4-unsplash-1536x1024.jpg 1536w, https:\/\/www.tusztusz.pl\/sklepy\/wp-content\/uploads\/2023\/08\/deleece-cook-zzjLGF_6dx4-unsplash-2048x1366.jpg 2048w\" data-sizes=\"(max-width: 1024px) 100vw, 1024px\" src=\"data:image\/gif;base64,R0lGODlhAQABAAAAACH5BAEKAAEALAAAAAABAAEAAAICTAEAOw==\" style=\"--smush-placeholder-width: 1024px; --smush-placeholder-aspect-ratio: 1024\/683;\" \/>\t\t\t\t\t\t\t\t\t\t\t\t\t\t\t<\/div>\n\t\t\t\t<\/div>\n\t\t\t\t<div class=\"elementor-element elementor-element-42f027b elementor-widget elementor-widget-text-editor\" data-id=\"42f027b\" data-element_type=\"widget\" data-widget_type=\"text-editor.default\">\n\t\t\t\t<div class=\"elementor-widget-container\">\n\t\t\t\t\t\t\t\t\t<p>Mo\u017cesz za to dobra\u0107 kilka przybor\u00f3w do dekorowania. B\u0119dzie czas na to, by ozdobi\u0107 swoje notatki. S\u0105 to tak\u017ce dodatkowe \u0107wiczenia manualne, dzi\u0119ki kt\u00f3rym dziecko kszta\u0142tuje umiej\u0119tno\u015b\u0107 pisania oraz rysowania. \u0106wiczy r\u00f3wnie\u017c dba\u0142o\u015b\u0107 o szczeg\u00f3\u0142y. W <a href=\"https:\/\/www.tusztusz.pl\">Tusztusz.pl<\/a> znajdziesz r\u00f3\u017cne <a href=\"https:\/\/www.tusztusz.pl\/sklep\/products\/szkola-i-przedszkole\/dekorowanie\">dodatki do dekoracji<\/a> pracy plastycznej, np. <strong>kreatywne druciki do r\u0119kodzie\u0142a lub klej z brokatem<\/strong>.<\/p><p>Spakuj si\u0119 z <a href=\"https:\/\/www.tusztusz.pl\">Tusztuszem<\/a> ju\u017c dzi\u015b i ciesz reszt\u0105 wakacji bez martwienia o <strong>wyprawk\u0119 na nowy rok szkolny<\/strong>. \u017byczymy samych sukces\u00f3w i po\u0142amania pi\u00f3r!<\/p>\t\t\t\t\t\t\t\t<\/div>\n\t\t\t\t<\/div>\n\t\t\t\t<div class=\"elementor-element elementor-element-172d1bf5 elementor-widget elementor-widget-spacer\" data-id=\"172d1bf5\" data-element_type=\"widget\" data-widget_type=\"spacer.default\">\n\t\t\t\t<div class=\"elementor-widget-container\">\n\t\t\t\t\t\t\t<div class=\"elementor-spacer\">\n\t\t\t<div class=\"elementor-spacer-inner\"><\/div>\n\t\t<\/div>\n\t\t\t\t\t\t<\/div>\n\t\t\t\t<\/div>\n\t\t\t\t\t<\/div>\n\t\t<\/div>\n\t\t\t\t\t<\/div>\n\t\t<\/section>\n\t\t\t\t<section class=\"elementor-section elementor-top-section elementor-element elementor-element-4261f2c0 elementor-section-boxed elementor-section-height-default elementor-section-height-default\" data-id=\"4261f2c0\" data-element_type=\"section\" data-settings=\"{&quot;background_background&quot;:&quot;classic&quot;}\">\n\t\t\t\t\t\t<div class=\"elementor-container elementor-column-gap-default\">\n\t\t\t\t\t<div class=\"elementor-column elementor-col-20 elementor-top-column elementor-element elementor-element-20037ef9\" data-id=\"20037ef9\" data-element_type=\"column\">\n\t\t\t<div class=\"elementor-widget-wrap elementor-element-populated\">\n\t\t\t\t\t\t<div class=\"elementor-element elementor-element-13a66485 elementor-widget elementor-widget-text-editor\" data-id=\"13a66485\" data-element_type=\"widget\" data-widget_type=\"text-editor.default\">\n\t\t\t\t<div class=\"elementor-widget-container\">\n\t\t\t\t\t\t\t\t\t<p><a href=\"https:\/\/www.tusztusz.pl\/sklep\/product\/36851,klej-z-brokatem-fiorello-6-ml-x-6-kolorow\">Klej z brokatem<\/a><\/p>\t\t\t\t\t\t\t\t<\/div>\n\t\t\t\t<\/div>\n\t\t\t\t<div class=\"elementor-element elementor-element-19ecd9b1 elementor-widget elementor-widget-image\" data-id=\"19ecd9b1\" data-element_type=\"widget\" data-widget_type=\"image.default\">\n\t\t\t\t<div class=\"elementor-widget-container\">\n\t\t\t\t\t\t\t\t\t\t\t\t\t\t\t\t<a href=\"https:\/\/www.tusztusz.pl\/sklep\/product\/27493,marker-kredowy-smw26\">\n\t\t\t\t\t\t\t<img decoding=\"async\" width=\"150\" height=\"150\" data-src=\"https:\/\/www.tusztusz.pl\/sklepy\/wp-content\/uploads\/2023\/08\/36851-150x150.jpg\" class=\"attachment-thumbnail size-thumbnail wp-image-8932 lazyload\" alt=\"nowy rok szkolny wyprawka\" data-srcset=\"https:\/\/www.tusztusz.pl\/sklepy\/wp-content\/uploads\/2023\/08\/36851-150x150.jpg 150w, https:\/\/www.tusztusz.pl\/sklepy\/wp-content\/uploads\/2023\/08\/36851.jpg 300w\" data-sizes=\"(max-width: 150px) 100vw, 150px\" src=\"data:image\/gif;base64,R0lGODlhAQABAAAAACH5BAEKAAEALAAAAAABAAEAAAICTAEAOw==\" style=\"--smush-placeholder-width: 150px; --smush-placeholder-aspect-ratio: 150\/150;\" \/>\t\t\t\t\t\t\t\t<\/a>\n\t\t\t\t\t\t\t\t\t\t\t\t\t\t\t<\/div>\n\t\t\t\t<\/div>\n\t\t\t\t<div class=\"elementor-element elementor-element-6f002662 elementor-widget elementor-widget-text-editor\" data-id=\"6f002662\" data-element_type=\"widget\" data-widget_type=\"text-editor.default\">\n\t\t\t\t<div class=\"elementor-widget-container\">\n\t\t\t\t\t\t\t\t\t<center><strong><a href=\"https:\/\/www.tusztusz.pl\/sklep\/product\/36851,klej-z-brokatem-fiorello-6-ml-x-6-kolorow\">Zobacz cen\u0119 &gt;&gt;&gt;<\/a><\/strong><\/center>\t\t\t\t\t\t\t\t<\/div>\n\t\t\t\t<\/div>\n\t\t\t\t\t<\/div>\n\t\t<\/div>\n\t\t\t\t<div class=\"elementor-column elementor-col-20 elementor-top-column elementor-element elementor-element-282092c\" data-id=\"282092c\" data-element_type=\"column\">\n\t\t\t<div class=\"elementor-widget-wrap elementor-element-populated\">\n\t\t\t\t\t\t<div class=\"elementor-element elementor-element-5b4e884e elementor-widget elementor-widget-text-editor\" data-id=\"5b4e884e\" data-element_type=\"widget\" data-widget_type=\"text-editor.default\">\n\t\t\t\t<div class=\"elementor-widget-container\">\n\t\t\t\t\t\t\t\t\t<p><a href=\"https:\/\/www.tusztusz.pl\/sklep\/product\/8584,zakreslacz-drect-th\">Zakre\u015blacz dr. Rect<\/a><\/p>\t\t\t\t\t\t\t\t<\/div>\n\t\t\t\t<\/div>\n\t\t\t\t<div class=\"elementor-element elementor-element-31f46d7f elementor-widget elementor-widget-image\" data-id=\"31f46d7f\" data-element_type=\"widget\" data-widget_type=\"image.default\">\n\t\t\t\t<div class=\"elementor-widget-container\">\n\t\t\t\t\t\t\t\t\t\t\t\t\t\t\t\t<a href=\"https:\/\/www.tusztusz.pl\/sklep\/product\/27493,marker-kredowy-smw26\">\n\t\t\t\t\t\t\t<img decoding=\"async\" width=\"150\" height=\"150\" data-src=\"https:\/\/www.tusztusz.pl\/sklepy\/wp-content\/uploads\/2023\/08\/8584-150x150.jpg\" class=\"attachment-thumbnail size-thumbnail wp-image-8933 lazyload\" alt=\"nowy rok szkolny wyprawka\" data-srcset=\"https:\/\/www.tusztusz.pl\/sklepy\/wp-content\/uploads\/2023\/08\/8584-150x150.jpg 150w, https:\/\/www.tusztusz.pl\/sklepy\/wp-content\/uploads\/2023\/08\/8584-300x300.jpg 300w, https:\/\/www.tusztusz.pl\/sklepy\/wp-content\/uploads\/2023\/08\/8584.jpg 525w\" data-sizes=\"(max-width: 150px) 100vw, 150px\" src=\"data:image\/gif;base64,R0lGODlhAQABAAAAACH5BAEKAAEALAAAAAABAAEAAAICTAEAOw==\" style=\"--smush-placeholder-width: 150px; --smush-placeholder-aspect-ratio: 150\/150;\" \/>\t\t\t\t\t\t\t\t<\/a>\n\t\t\t\t\t\t\t\t\t\t\t\t\t\t\t<\/div>\n\t\t\t\t<\/div>\n\t\t\t\t<div class=\"elementor-element elementor-element-213ad44b elementor-widget elementor-widget-text-editor\" data-id=\"213ad44b\" data-element_type=\"widget\" data-widget_type=\"text-editor.default\">\n\t\t\t\t<div class=\"elementor-widget-container\">\n\t\t\t\t\t\t\t\t\t<center><strong><a href=\"https:\/\/www.tusztusz.pl\/sklep\/product\/8584,zakreslacz-drect-th\">Zobacz cen\u0119 &gt;&gt;&gt;<\/a><\/strong><\/center>\t\t\t\t\t\t\t\t<\/div>\n\t\t\t\t<\/div>\n\t\t\t\t\t<\/div>\n\t\t<\/div>\n\t\t\t\t<div class=\"elementor-column elementor-col-20 elementor-top-column elementor-element elementor-element-2f07047f\" data-id=\"2f07047f\" data-element_type=\"column\">\n\t\t\t<div class=\"elementor-widget-wrap elementor-element-populated\">\n\t\t\t\t\t\t<div class=\"elementor-element elementor-element-7a83b3da elementor-widget elementor-widget-text-editor\" data-id=\"7a83b3da\" data-element_type=\"widget\" data-widget_type=\"text-editor.default\">\n\t\t\t\t<div class=\"elementor-widget-container\">\n\t\t\t\t\t\t\t\t\t<p><a href=\"https:\/\/www.tusztusz.pl\/sklep\/product\/36590,gumka-myszka-astra\">Gumka Myszka Astra<\/a><\/p>\t\t\t\t\t\t\t\t<\/div>\n\t\t\t\t<\/div>\n\t\t\t\t<div class=\"elementor-element elementor-element-191ee29f elementor-widget elementor-widget-image\" data-id=\"191ee29f\" data-element_type=\"widget\" data-widget_type=\"image.default\">\n\t\t\t\t<div class=\"elementor-widget-container\">\n\t\t\t\t\t\t\t\t\t\t\t\t\t\t\t\t<a href=\"https:\/\/www.tusztusz.pl\/sklep\/product\/27493,marker-kredowy-smw26\">\n\t\t\t\t\t\t\t<img decoding=\"async\" width=\"150\" height=\"150\" data-src=\"https:\/\/www.tusztusz.pl\/sklepy\/wp-content\/uploads\/2023\/08\/36590-150x150.jpg\" class=\"attachment-thumbnail size-thumbnail wp-image-8934 lazyload\" alt=\"nowy rok szkolny wyprawka\" data-srcset=\"https:\/\/www.tusztusz.pl\/sklepy\/wp-content\/uploads\/2023\/08\/36590-150x150.jpg 150w, https:\/\/www.tusztusz.pl\/sklepy\/wp-content\/uploads\/2023\/08\/36590-300x300.jpg 300w, https:\/\/www.tusztusz.pl\/sklepy\/wp-content\/uploads\/2023\/08\/36590.jpg 700w\" data-sizes=\"(max-width: 150px) 100vw, 150px\" src=\"data:image\/gif;base64,R0lGODlhAQABAAAAACH5BAEKAAEALAAAAAABAAEAAAICTAEAOw==\" style=\"--smush-placeholder-width: 150px; --smush-placeholder-aspect-ratio: 150\/150;\" \/>\t\t\t\t\t\t\t\t<\/a>\n\t\t\t\t\t\t\t\t\t\t\t\t\t\t\t<\/div>\n\t\t\t\t<\/div>\n\t\t\t\t<div class=\"elementor-element elementor-element-638040cf elementor-widget elementor-widget-text-editor\" data-id=\"638040cf\" data-element_type=\"widget\" data-widget_type=\"text-editor.default\">\n\t\t\t\t<div class=\"elementor-widget-container\">\n\t\t\t\t\t\t\t\t\t<center><strong><a href=\"https:\/\/www.tusztusz.pl\/sklep\/product\/36590,gumka-myszka-astra\">Zobacz cen\u0119 &gt;&gt;&gt;<\/a><\/strong><\/center>\t\t\t\t\t\t\t\t<\/div>\n\t\t\t\t<\/div>\n\t\t\t\t\t<\/div>\n\t\t<\/div>\n\t\t\t\t<div class=\"elementor-column elementor-col-20 elementor-top-column elementor-element elementor-element-5fa98e4d\" data-id=\"5fa98e4d\" data-element_type=\"column\">\n\t\t\t<div class=\"elementor-widget-wrap elementor-element-populated\">\n\t\t\t\t\t\t<div class=\"elementor-element elementor-element-10fbf44f elementor-widget elementor-widget-text-editor\" data-id=\"10fbf44f\" data-element_type=\"widget\" data-widget_type=\"text-editor.default\">\n\t\t\t\t<div class=\"elementor-widget-container\">\n\t\t\t\t\t\t\t\t\t<p><a href=\"https:\/\/www.tusztusz.pl\/sklep\/product\/36383,flet-grand\">Flet Grand<\/a><\/p>\t\t\t\t\t\t\t\t<\/div>\n\t\t\t\t<\/div>\n\t\t\t\t<div class=\"elementor-element elementor-element-783b2fb0 elementor-widget elementor-widget-image\" data-id=\"783b2fb0\" data-element_type=\"widget\" data-widget_type=\"image.default\">\n\t\t\t\t<div class=\"elementor-widget-container\">\n\t\t\t\t\t\t\t\t\t\t\t\t\t\t\t\t<a href=\"https:\/\/www.tusztusz.pl\/sklep\/product\/27493,marker-kredowy-smw26\">\n\t\t\t\t\t\t\t<img decoding=\"async\" width=\"150\" height=\"150\" data-src=\"https:\/\/www.tusztusz.pl\/sklepy\/wp-content\/uploads\/2023\/08\/36383-150x150.jpg\" class=\"attachment-thumbnail size-thumbnail wp-image-8936 lazyload\" alt=\"nowy rok szkolny wyprawka\" data-srcset=\"https:\/\/www.tusztusz.pl\/sklepy\/wp-content\/uploads\/2023\/08\/36383-150x150.jpg 150w, https:\/\/www.tusztusz.pl\/sklepy\/wp-content\/uploads\/2023\/08\/36383-300x300.jpg 300w, https:\/\/www.tusztusz.pl\/sklepy\/wp-content\/uploads\/2023\/08\/36383-768x768.jpg 768w, https:\/\/www.tusztusz.pl\/sklepy\/wp-content\/uploads\/2023\/08\/36383.jpg 810w\" data-sizes=\"(max-width: 150px) 100vw, 150px\" src=\"data:image\/gif;base64,R0lGODlhAQABAAAAACH5BAEKAAEALAAAAAABAAEAAAICTAEAOw==\" style=\"--smush-placeholder-width: 150px; --smush-placeholder-aspect-ratio: 150\/150;\" \/>\t\t\t\t\t\t\t\t<\/a>\n\t\t\t\t\t\t\t\t\t\t\t\t\t\t\t<\/div>\n\t\t\t\t<\/div>\n\t\t\t\t<div class=\"elementor-element elementor-element-7fa7cfda elementor-widget elementor-widget-text-editor\" data-id=\"7fa7cfda\" data-element_type=\"widget\" data-widget_type=\"text-editor.default\">\n\t\t\t\t<div class=\"elementor-widget-container\">\n\t\t\t\t\t\t\t\t\t<center><strong><a href=\"https:\/\/www.tusztusz.pl\/sklep\/product\/36383,flet-grand\">Zobacz cen\u0119 &gt;&gt;&gt;<\/a><\/strong><\/center>\t\t\t\t\t\t\t\t<\/div>\n\t\t\t\t<\/div>\n\t\t\t\t\t<\/div>\n\t\t<\/div>\n\t\t\t\t<div class=\"elementor-column elementor-col-20 elementor-top-column elementor-element elementor-element-2aab7d86\" data-id=\"2aab7d86\" data-element_type=\"column\">\n\t\t\t<div class=\"elementor-widget-wrap elementor-element-populated\">\n\t\t\t\t\t\t<div class=\"elementor-element elementor-element-28378b87 elementor-widget elementor-widget-text-editor\" data-id=\"28378b87\" data-element_type=\"widget\" data-widget_type=\"text-editor.default\">\n\t\t\t\t<div class=\"elementor-widget-container\">\n\t\t\t\t\t\t\t\t\t<p><a href=\"https:\/\/www.tusztusz.pl\/sklep\/product\/36929,klej-w-sztyfcie-linex-8-g\">Klej w sztyfcie Linex<\/a><\/p>\t\t\t\t\t\t\t\t<\/div>\n\t\t\t\t<\/div>\n\t\t\t\t<div class=\"elementor-element elementor-element-24f5fa34 elementor-widget elementor-widget-image\" data-id=\"24f5fa34\" data-element_type=\"widget\" data-widget_type=\"image.default\">\n\t\t\t\t<div class=\"elementor-widget-container\">\n\t\t\t\t\t\t\t\t\t\t\t\t\t\t\t\t<a href=\"https:\/\/www.tusztusz.pl\/sklep\/product\/27493,marker-kredowy-smw26\">\n\t\t\t\t\t\t\t<img decoding=\"async\" width=\"150\" height=\"150\" data-src=\"https:\/\/www.tusztusz.pl\/sklepy\/wp-content\/uploads\/2023\/08\/36929-150x150.jpg\" class=\"attachment-thumbnail size-thumbnail wp-image-8935 lazyload\" alt=\"nowy rok szkolny wyprawka\" data-srcset=\"https:\/\/www.tusztusz.pl\/sklepy\/wp-content\/uploads\/2023\/08\/36929-150x150.jpg 150w, https:\/\/www.tusztusz.pl\/sklepy\/wp-content\/uploads\/2023\/08\/36929.jpg 223w\" data-sizes=\"(max-width: 150px) 100vw, 150px\" src=\"data:image\/gif;base64,R0lGODlhAQABAAAAACH5BAEKAAEALAAAAAABAAEAAAICTAEAOw==\" style=\"--smush-placeholder-width: 150px; --smush-placeholder-aspect-ratio: 150\/150;\" \/>\t\t\t\t\t\t\t\t<\/a>\n\t\t\t\t\t\t\t\t\t\t\t\t\t\t\t<\/div>\n\t\t\t\t<\/div>\n\t\t\t\t<div class=\"elementor-element elementor-element-56470f2d elementor-widget elementor-widget-text-editor\" data-id=\"56470f2d\" data-element_type=\"widget\" data-widget_type=\"text-editor.default\">\n\t\t\t\t<div class=\"elementor-widget-container\">\n\t\t\t\t\t\t\t\t\t<center><strong><a href=\"https:\/\/www.tusztusz.pl\/sklep\/product\/36929,klej-w-sztyfcie-linex-8-g\">Zobacz cen\u0119 &gt;&gt;&gt;<\/a><\/strong><\/center>\t\t\t\t\t\t\t\t<\/div>\n\t\t\t\t<\/div>\n\t\t\t\t\t<\/div>\n\t\t<\/div>\n\t\t\t\t\t<\/div>\n\t\t<\/section>\n\t\t\t\t<section class=\"elementor-section elementor-top-section elementor-element elementor-element-33f53d25 elementor-section-boxed elementor-section-height-default elementor-section-height-default\" data-id=\"33f53d25\" data-element_type=\"section\">\n\t\t\t\t\t\t<div class=\"elementor-container elementor-column-gap-default\">\n\t\t\t\t\t<div class=\"elementor-column elementor-col-100 elementor-top-column elementor-element elementor-element-5a19f78d\" data-id=\"5a19f78d\" data-element_type=\"column\">\n\t\t\t<div class=\"elementor-widget-wrap\">\n\t\t\t\t\t\t\t<\/div>\n\t\t<\/div>\n\t\t\t\t\t<\/div>\n\t\t<\/section>\n\t\t\t\t<\/div>\n\t\t","protected":false},"excerpt":{"rendered":"<p>Wyprawka na nowy rok szkolny \u2013 poradnik last minute Zbli\u017ca si\u0119 potwora, ale nie taki diabe\u0142 straszny, jak go maluj\u0105. Z nowym rokiem szkolnym przychodzi pewnie sporo stresu czy wszystko przygotowane. Je\u015bli jeszcze \u017cyjesz latem i w\u0142a\u015bnie sobie przypominasz, \u017ce &hellip;<\/p>\n<p class=\"read-more\"> <a class=\"ast-button\" href=\"https:\/\/www.tusztusz.pl\/sklepy\/blog\/wyprawka-na-nowy-rok-szkolny-poradnik\/\"> <span class=\"screen-reader-text\">Wyprawka na nowy rok szkolny  \u2013 poradnik last minute!<\/span> Wi\u0119cej \u00bb<\/a><\/p>\n","protected":false},"author":9,"featured_media":8865,"comment_status":"closed","ping_status":"closed","sticky":false,"template":"","format":"standard","meta":{"footnotes":""},"categories":[9,6],"tags":[67,66],"class_list":["post-8807","post","type-post","status-publish","format-standard","has-post-thumbnail","hentry","category-artykuly-edukacyjne","category-aktualnosci","tag-artykuly-szkolne","tag-szkola"],"_links":{"self":[{"href":"https:\/\/www.tusztusz.pl\/sklepy\/wp-json\/wp\/v2\/posts\/8807","targetHints":{"allow":["GET"]}}],"collection":[{"href":"https:\/\/www.tusztusz.pl\/sklepy\/wp-json\/wp\/v2\/posts"}],"about":[{"href":"https:\/\/www.tusztusz.pl\/sklepy\/wp-json\/wp\/v2\/types\/post"}],"author":[{"embeddable":true,"href":"https:\/\/www.tusztusz.pl\/sklepy\/wp-json\/wp\/v2\/users\/9"}],"replies":[{"embeddable":true,"href":"https:\/\/www.tusztusz.pl\/sklepy\/wp-json\/wp\/v2\/comments?post=8807"}],"version-history":[{"count":49,"href":"https:\/\/www.tusztusz.pl\/sklepy\/wp-json\/wp\/v2\/posts\/8807\/revisions"}],"predecessor-version":[{"id":8951,"href":"https:\/\/www.tusztusz.pl\/sklepy\/wp-json\/wp\/v2\/posts\/8807\/revisions\/8951"}],"wp:featuredmedia":[{"embeddable":true,"href":"https:\/\/www.tusztusz.pl\/sklepy\/wp-json\/wp\/v2\/media\/8865"}],"wp:attachment":[{"href":"https:\/\/www.tusztusz.pl\/sklepy\/wp-json\/wp\/v2\/media?parent=8807"}],"wp:term":[{"taxonomy":"category","embeddable":true,"href":"https:\/\/www.tusztusz.pl\/sklepy\/wp-json\/wp\/v2\/categories?post=8807"},{"taxonomy":"post_tag","embeddable":true,"href":"https:\/\/www.tusztusz.pl\/sklepy\/wp-json\/wp\/v2\/tags?post=8807"}],"curies":[{"name":"wp","href":"https:\/\/api.w.org\/{rel}","templated":true}]}}