{"id":8540,"date":"2023-07-14T12:27:05","date_gmt":"2023-07-14T10:27:05","guid":{"rendered":"https:\/\/www.tusztusz.pl\/sklepy\/?p=8540"},"modified":"2023-07-14T12:42:19","modified_gmt":"2023-07-14T10:42:19","slug":"lipiec-sierpien-2023","status":"publish","type":"post","link":"https:\/\/www.tusztusz.pl\/sklepy\/blog\/lipiec-sierpien-2023\/","title":{"rendered":"Lipiec &#8211; sierpie\u0144 2023"},"content":{"rendered":"\t\t<div data-elementor-type=\"wp-post\" data-elementor-id=\"8540\" class=\"elementor elementor-8540\" data-elementor-post-type=\"post\">\n\t\t\t\t\t\t<section class=\"elementor-section elementor-top-section elementor-element elementor-element-f790323 elementor-section-boxed elementor-section-height-default elementor-section-height-default\" data-id=\"f790323\" data-element_type=\"section\">\n\t\t\t\t\t\t<div class=\"elementor-container elementor-column-gap-default\">\n\t\t\t\t\t<div class=\"elementor-column elementor-col-100 elementor-top-column elementor-element elementor-element-7226e4f\" data-id=\"7226e4f\" data-element_type=\"column\">\n\t\t\t<div class=\"elementor-widget-wrap elementor-element-populated\">\n\t\t\t\t\t\t<div class=\"elementor-element elementor-element-4345fa2 elementor-widget elementor-widget-heading\" data-id=\"4345fa2\" data-element_type=\"widget\" data-widget_type=\"heading.default\">\n\t\t\t\t<div class=\"elementor-widget-container\">\n\t\t\t\t\t<h1 class=\"elementor-heading-title elementor-size-default\">Praca sklepu w okresie wakacyjnym<\/h1>\t\t\t\t<\/div>\n\t\t\t\t<\/div>\n\t\t\t\t\t<\/div>\n\t\t<\/div>\n\t\t\t\t\t<\/div>\n\t\t<\/section>\n\t\t\t\t<section class=\"elementor-section elementor-top-section elementor-element elementor-element-fa56af0 elementor-section-boxed elementor-section-height-default elementor-section-height-default\" data-id=\"fa56af0\" data-element_type=\"section\">\n\t\t\t\t\t\t<div class=\"elementor-container elementor-column-gap-default\">\n\t\t\t\t\t<div class=\"elementor-column elementor-col-100 elementor-top-column elementor-element elementor-element-bc4b00f\" data-id=\"bc4b00f\" data-element_type=\"column\">\n\t\t\t<div class=\"elementor-widget-wrap elementor-element-populated\">\n\t\t\t\t\t\t<div class=\"elementor-element elementor-element-a8226de elementor-widget elementor-widget-text-editor\" data-id=\"a8226de\" data-element_type=\"widget\" data-widget_type=\"text-editor.default\">\n\t\t\t\t<div class=\"elementor-widget-container\">\n\t\t\t\t\t\t\t\t\t<p>Niniejszym informujemy, \u017ce jak co roku, w okresie wakacyjnym, nasz sklep przy ul. Meander 2a w Warszawie, <strong>b\u0119dzie w soboty zamkni\u0119ty<\/strong>.<\/p><p>Dotyczy to nast\u0119puj\u0105cych dni:<\/p><ul><li>15, 22 i 30 lipca<\/li><li>5 i 12 sierpnia<\/li><\/ul>\t\t\t\t\t\t\t\t<\/div>\n\t\t\t\t<\/div>\n\t\t\t\t\t<\/div>\n\t\t<\/div>\n\t\t\t\t\t<\/div>\n\t\t<\/section>\n\t\t\t\t<section class=\"elementor-section elementor-top-section elementor-element elementor-element-221dc7a elementor-section-boxed elementor-section-height-default elementor-section-height-default\" data-id=\"221dc7a\" data-element_type=\"section\">\n\t\t\t\t\t\t<div class=\"elementor-container elementor-column-gap-default\">\n\t\t\t\t\t<div class=\"elementor-column elementor-col-100 elementor-top-column elementor-element elementor-element-1fd3b8c\" data-id=\"1fd3b8c\" data-element_type=\"column\">\n\t\t\t<div class=\"elementor-widget-wrap elementor-element-populated\">\n\t\t\t\t\t\t<div class=\"elementor-element elementor-element-71ba1bd elementor-widget elementor-widget-image\" data-id=\"71ba1bd\" data-element_type=\"widget\" data-widget_type=\"image.default\">\n\t\t\t\t<div class=\"elementor-widget-container\">\n\t\t\t\t\t\t\t\t\t\t\t\t\t\t\t<img fetchpriority=\"high\" decoding=\"async\" width=\"500\" height=\"333\" src=\"https:\/\/www.tusztusz.pl\/sklepy\/wp-content\/uploads\/2021\/02\/sklemmeanderrzutpasaz.jpg\" class=\"attachment-large size-large wp-image-2333\" alt=\"faksowanie dokument\u00f3w\" srcset=\"https:\/\/www.tusztusz.pl\/sklepy\/wp-content\/uploads\/2021\/02\/sklemmeanderrzutpasaz.jpg 500w, https:\/\/www.tusztusz.pl\/sklepy\/wp-content\/uploads\/2021\/02\/sklemmeanderrzutpasaz-300x200.jpg 300w\" sizes=\"(max-width: 500px) 100vw, 500px\" \/>\t\t\t\t\t\t\t\t\t\t\t\t\t\t\t<\/div>\n\t\t\t\t<\/div>\n\t\t\t\t\t<\/div>\n\t\t<\/div>\n\t\t\t\t\t<\/div>\n\t\t<\/section>\n\t\t\t\t<\/div>\n\t\t","protected":false},"excerpt":{"rendered":"<p>Praca sklepu w okresie wakacyjnym Niniejszym informujemy, \u017ce jak co roku, w okresie wakacyjnym, nasz sklep przy ul. Meander 2a w Warszawie, b\u0119dzie w soboty zamkni\u0119ty. Dotyczy to nast\u0119puj\u0105cych dni: 15, 22 i 30 lipca 5 i 12 sierpnia<\/p>\n","protected":false},"author":2,"featured_media":2333,"comment_status":"closed","ping_status":"closed","sticky":false,"template":"","format":"standard","meta":{"footnotes":""},"categories":[6],"tags":[],"class_list":["post-8540","post","type-post","status-publish","format-standard","has-post-thumbnail","hentry","category-aktualnosci"],"_links":{"self":[{"href":"https:\/\/www.tusztusz.pl\/sklepy\/wp-json\/wp\/v2\/posts\/8540","targetHints":{"allow":["GET"]}}],"collection":[{"href":"https:\/\/www.tusztusz.pl\/sklepy\/wp-json\/wp\/v2\/posts"}],"about":[{"href":"https:\/\/www.tusztusz.pl\/sklepy\/wp-json\/wp\/v2\/types\/post"}],"author":[{"embeddable":true,"href":"https:\/\/www.tusztusz.pl\/sklepy\/wp-json\/wp\/v2\/users\/2"}],"replies":[{"embeddable":true,"href":"https:\/\/www.tusztusz.pl\/sklepy\/wp-json\/wp\/v2\/comments?post=8540"}],"version-history":[{"count":8,"href":"https:\/\/www.tusztusz.pl\/sklepy\/wp-json\/wp\/v2\/posts\/8540\/revisions"}],"predecessor-version":[{"id":8549,"href":"https:\/\/www.tusztusz.pl\/sklepy\/wp-json\/wp\/v2\/posts\/8540\/revisions\/8549"}],"wp:featuredmedia":[{"embeddable":true,"href":"https:\/\/www.tusztusz.pl\/sklepy\/wp-json\/wp\/v2\/media\/2333"}],"wp:attachment":[{"href":"https:\/\/www.tusztusz.pl\/sklepy\/wp-json\/wp\/v2\/media?parent=8540"}],"wp:term":[{"taxonomy":"category","embeddable":true,"href":"https:\/\/www.tusztusz.pl\/sklepy\/wp-json\/wp\/v2\/categories?post=8540"},{"taxonomy":"post_tag","embeddable":true,"href":"https:\/\/www.tusztusz.pl\/sklepy\/wp-json\/wp\/v2\/tags?post=8540"}],"curies":[{"name":"wp","href":"https:\/\/api.w.org\/{rel}","templated":true}]}}