{"id":8329,"date":"2023-06-01T09:33:01","date_gmt":"2023-06-01T07:33:01","guid":{"rendered":"https:\/\/www.tusztusz.pl\/sklepy\/?p=8329"},"modified":"2023-06-01T09:48:26","modified_gmt":"2023-06-01T07:48:26","slug":"organizacja-pracy-9-10-czerwca","status":"publish","type":"post","link":"https:\/\/www.tusztusz.pl\/sklepy\/blog\/organizacja-pracy-9-10-czerwca\/","title":{"rendered":"Organizacja pracy 9-10 czerwca"},"content":{"rendered":"\t\t<div data-elementor-type=\"wp-post\" data-elementor-id=\"8329\" class=\"elementor elementor-8329\" data-elementor-post-type=\"post\">\n\t\t\t\t\t\t<section class=\"elementor-section elementor-top-section elementor-element elementor-element-1ed3196 elementor-section-boxed elementor-section-height-default elementor-section-height-default\" data-id=\"1ed3196\" data-element_type=\"section\">\n\t\t\t\t\t\t<div class=\"elementor-container elementor-column-gap-default\">\n\t\t\t\t\t<div class=\"elementor-column elementor-col-100 elementor-top-column elementor-element elementor-element-424634b\" data-id=\"424634b\" data-element_type=\"column\">\n\t\t\t<div class=\"elementor-widget-wrap elementor-element-populated\">\n\t\t\t\t\t\t<div class=\"elementor-element elementor-element-26297ef elementor-widget elementor-widget-text-editor\" data-id=\"26297ef\" data-element_type=\"widget\" data-widget_type=\"text-editor.default\">\n\t\t\t\t<div class=\"elementor-widget-container\">\n\t\t\t\t\t\t\t\t\t<p>Szanowni Pa\u0144stwo,<\/p><p>poni\u017cej przedstawiamy plan organizacji pracy naszej firmy w dniach 9-10 czerwca.<\/p><p>\u00a0<\/p><p>1) Dnia 9 czerwca nasz <strong>Dzia\u0142 Obs\u0142ugi Klienta<\/strong> b\u0119dzie nieczynny.<\/p><p>Wszelkie zam\u00f3wienia z\u0142o\u017cone w dniach 8-9 czerwca zrealizowane zostan\u0105 12 czerwca.<\/p><p>2) Dnia 9 czerwca nasz <a href=\"https:\/\/www.tusztusz.pl\/sklepy\/wlochy\/\"><strong>sklep stacjonarny przy ul. Kra\u0144cowej 11<\/strong> <\/a><strong>b\u0119dzie nieczynny.<\/strong><\/p><p>3) <strong><a href=\"https:\/\/www.tusztusz.pl\/sklepy\/ursynow\/\">Sklep stacjonarny na Natolinie<\/a><\/strong> przy ul. Meander 2a pracowa\u0107 b\u0119dzie <strong>w nast\u0119puj\u0105cych godzinach<\/strong>:<\/p><ul><li>9 czerwca (pi\u0105tek) w godz. 10.00 &#8211; 16.00<\/li><li>10 czerwca (sobota) w godz. 10.00 &#8211; 14.00<\/li><\/ul><p>Za ewentualne utrudnienia przepraszamy :).<\/p><p>\u00a0<\/p><p>Pozdrawiamy,<\/p><p>Zesp\u00f3\u0142 TuszTusz.pl<\/p>\t\t\t\t\t\t\t\t<\/div>\n\t\t\t\t<\/div>\n\t\t\t\t<div class=\"elementor-element elementor-element-927d9fb elementor-widget elementor-widget-image\" data-id=\"927d9fb\" data-element_type=\"widget\" data-widget_type=\"image.default\">\n\t\t\t\t<div class=\"elementor-widget-container\">\n\t\t\t\t\t\t\t\t\t\t\t\t\t\t\t<img fetchpriority=\"high\" decoding=\"async\" width=\"1024\" height=\"429\" src=\"https:\/\/www.tusztusz.pl\/sklepy\/wp-content\/uploads\/2023\/06\/people-beach-sunset-girl-is-jumping-1024x429.jpg\" class=\"attachment-large size-large wp-image-8330\" alt=\"\" srcset=\"https:\/\/www.tusztusz.pl\/sklepy\/wp-content\/uploads\/2023\/06\/people-beach-sunset-girl-is-jumping-1024x429.jpg 1024w, https:\/\/www.tusztusz.pl\/sklepy\/wp-content\/uploads\/2023\/06\/people-beach-sunset-girl-is-jumping-300x126.jpg 300w, https:\/\/www.tusztusz.pl\/sklepy\/wp-content\/uploads\/2023\/06\/people-beach-sunset-girl-is-jumping-768x322.jpg 768w, https:\/\/www.tusztusz.pl\/sklepy\/wp-content\/uploads\/2023\/06\/people-beach-sunset-girl-is-jumping-1536x643.jpg 1536w, https:\/\/www.tusztusz.pl\/sklepy\/wp-content\/uploads\/2023\/06\/people-beach-sunset-girl-is-jumping.jpg 1600w\" sizes=\"(max-width: 1024px) 100vw, 1024px\" \/>\t\t\t\t\t\t\t\t\t\t\t\t\t\t\t<\/div>\n\t\t\t\t<\/div>\n\t\t\t\t\t<\/div>\n\t\t<\/div>\n\t\t\t\t\t<\/div>\n\t\t<\/section>\n\t\t\t\t<\/div>\n\t\t","protected":false},"excerpt":{"rendered":"<p>Szanowni Pa\u0144stwo, poni\u017cej przedstawiamy plan organizacji pracy naszej firmy w dniach 9-10 czerwca. \u00a0 1) Dnia 9 czerwca nasz Dzia\u0142 Obs\u0142ugi Klienta b\u0119dzie nieczynny. Wszelkie zam\u00f3wienia z\u0142o\u017cone w dniach 8-9 czerwca zrealizowane zostan\u0105 12 czerwca. 2) Dnia 9 czerwca nasz &hellip;<\/p>\n<p class=\"read-more\"> <a class=\"ast-button\" href=\"https:\/\/www.tusztusz.pl\/sklepy\/blog\/organizacja-pracy-9-10-czerwca\/\"> <span class=\"screen-reader-text\">Organizacja pracy 9-10 czerwca<\/span> Wi\u0119cej \u00bb<\/a><\/p>\n","protected":false},"author":2,"featured_media":8330,"comment_status":"closed","ping_status":"closed","sticky":false,"template":"","format":"standard","meta":{"footnotes":""},"categories":[6],"tags":[],"class_list":["post-8329","post","type-post","status-publish","format-standard","has-post-thumbnail","hentry","category-aktualnosci"],"_links":{"self":[{"href":"https:\/\/www.tusztusz.pl\/sklepy\/wp-json\/wp\/v2\/posts\/8329","targetHints":{"allow":["GET"]}}],"collection":[{"href":"https:\/\/www.tusztusz.pl\/sklepy\/wp-json\/wp\/v2\/posts"}],"about":[{"href":"https:\/\/www.tusztusz.pl\/sklepy\/wp-json\/wp\/v2\/types\/post"}],"author":[{"embeddable":true,"href":"https:\/\/www.tusztusz.pl\/sklepy\/wp-json\/wp\/v2\/users\/2"}],"replies":[{"embeddable":true,"href":"https:\/\/www.tusztusz.pl\/sklepy\/wp-json\/wp\/v2\/comments?post=8329"}],"version-history":[{"count":7,"href":"https:\/\/www.tusztusz.pl\/sklepy\/wp-json\/wp\/v2\/posts\/8329\/revisions"}],"predecessor-version":[{"id":8337,"href":"https:\/\/www.tusztusz.pl\/sklepy\/wp-json\/wp\/v2\/posts\/8329\/revisions\/8337"}],"wp:featuredmedia":[{"embeddable":true,"href":"https:\/\/www.tusztusz.pl\/sklepy\/wp-json\/wp\/v2\/media\/8330"}],"wp:attachment":[{"href":"https:\/\/www.tusztusz.pl\/sklepy\/wp-json\/wp\/v2\/media?parent=8329"}],"wp:term":[{"taxonomy":"category","embeddable":true,"href":"https:\/\/www.tusztusz.pl\/sklepy\/wp-json\/wp\/v2\/categories?post=8329"},{"taxonomy":"post_tag","embeddable":true,"href":"https:\/\/www.tusztusz.pl\/sklepy\/wp-json\/wp\/v2\/tags?post=8329"}],"curies":[{"name":"wp","href":"https:\/\/api.w.org\/{rel}","templated":true}]}}