{"id":7845,"date":"2023-05-07T14:10:17","date_gmt":"2023-05-07T12:10:17","guid":{"rendered":"https:\/\/www.tusztusz.pl\/sklepy\/?p=7845"},"modified":"2023-07-09T20:38:34","modified_gmt":"2023-07-09T18:38:34","slug":"kreda-marker-kredowy-roznice","status":"publish","type":"post","link":"https:\/\/www.tusztusz.pl\/sklepy\/blog\/kreda-marker-kredowy-roznice\/","title":{"rendered":"Czym si\u0119 r\u00f3\u017cni kreda od markera kredowego?"},"content":{"rendered":"\t\t<div data-elementor-type=\"wp-post\" data-elementor-id=\"7845\" class=\"elementor elementor-7845\" data-elementor-post-type=\"post\">\n\t\t\t\t\t\t<section class=\"elementor-section elementor-top-section elementor-element elementor-element-535b93d4 elementor-section-boxed elementor-section-height-default elementor-section-height-default\" data-id=\"535b93d4\" data-element_type=\"section\">\n\t\t\t\t\t\t<div class=\"elementor-container elementor-column-gap-default\">\n\t\t\t\t\t<div class=\"elementor-column elementor-col-100 elementor-top-column elementor-element elementor-element-17cba941\" data-id=\"17cba941\" data-element_type=\"column\">\n\t\t\t<div class=\"elementor-widget-wrap elementor-element-populated\">\n\t\t\t\t\t\t<div class=\"elementor-element elementor-element-67e8d1ae elementor-widget elementor-widget-heading\" data-id=\"67e8d1ae\" data-element_type=\"widget\" data-widget_type=\"heading.default\">\n\t\t\t\t<div class=\"elementor-widget-container\">\n\t\t\t\t\t<h1 class=\"elementor-heading-title elementor-size-default\">Czym si\u0119 r\u00f3\u017cni kreda od markera kredowego?<\/h1>\t\t\t\t<\/div>\n\t\t\t\t<\/div>\n\t\t\t\t\t<\/div>\n\t\t<\/div>\n\t\t\t\t\t<\/div>\n\t\t<\/section>\n\t\t\t\t<section class=\"elementor-section elementor-top-section elementor-element elementor-element-9060603 elementor-section-boxed elementor-section-height-default elementor-section-height-default\" data-id=\"9060603\" data-element_type=\"section\">\n\t\t\t\t\t\t<div class=\"elementor-container elementor-column-gap-default\">\n\t\t\t\t\t<div class=\"elementor-column elementor-col-100 elementor-top-column elementor-element elementor-element-65806df4\" data-id=\"65806df4\" data-element_type=\"column\">\n\t\t\t<div class=\"elementor-widget-wrap elementor-element-populated\">\n\t\t\t\t\t\t<div class=\"elementor-element elementor-element-1ef66bbe elementor-widget elementor-widget-image\" data-id=\"1ef66bbe\" data-element_type=\"widget\" data-widget_type=\"image.default\">\n\t\t\t\t<div class=\"elementor-widget-container\">\n\t\t\t\t\t\t\t\t\t\t\t\t\t\t\t<img decoding=\"async\" data-src=\"https:\/\/www.tusztusz.pl\/sklepy\/wp-content\/uploads\/elementor\/thumbs\/alexander-grey-YZOVz5f3SBo-unsplash-scaled-r34qzv0qb8hsqb0dmypvblk9kg98pnhj382hwygqs8.jpg\" title=\"alexander-grey-YZOVz5f3SBo-unsplash\" alt=\"kreda markery kredowe 2\" src=\"data:image\/gif;base64,R0lGODlhAQABAAAAACH5BAEKAAEALAAAAAABAAEAAAICTAEAOw==\" class=\"lazyload\" style=\"--smush-placeholder-width: 1025px; --smush-placeholder-aspect-ratio: 1025\/700;\" \/>\t\t\t\t\t\t\t\t\t\t\t\t\t\t\t<\/div>\n\t\t\t\t<\/div>\n\t\t\t\t\t<\/div>\n\t\t<\/div>\n\t\t\t\t\t<\/div>\n\t\t<\/section>\n\t\t\t\t<section class=\"elementor-section elementor-top-section elementor-element elementor-element-7bd6690 elementor-section-boxed elementor-section-height-default elementor-section-height-default\" data-id=\"7bd6690\" data-element_type=\"section\">\n\t\t\t\t\t\t<div class=\"elementor-container elementor-column-gap-default\">\n\t\t\t\t\t<div class=\"elementor-column elementor-col-100 elementor-top-column elementor-element elementor-element-40190edc\" data-id=\"40190edc\" data-element_type=\"column\">\n\t\t\t<div class=\"elementor-widget-wrap elementor-element-populated\">\n\t\t\t\t\t\t<div class=\"elementor-element elementor-element-4ea5b61f elementor-widget elementor-widget-text-editor\" data-id=\"4ea5b61f\" data-element_type=\"widget\" data-widget_type=\"text-editor.default\">\n\t\t\t\t<div class=\"elementor-widget-container\">\n\t\t\t\t\t\t\t\t\t<p><strong>Kto nie zna osiedlowej gry w klasy i kolorowych rysunk\u00f3w na chodniku, niech pierwszy rzuci&#8230; kred\u0105? Nie, jeszcze mog\u0142oby si\u0119 to sko\u0144czy\u0107 uwag\u0105!\u00a0<\/strong><strong style=\"font-size: 18px;\">Kreda najcz\u0119\u015bciej kojarzy si\u0119 z b\u0142ogim okresem dzieci\u0144stwa lub czasem edukacji.\u00a0 By\u0142a i wci\u0105\u017c jest u\u017cywana w wielu szko\u0142ach. Wdra\u017canie interaktywnych rozwi\u0105za\u0144 wymaga i czasu, i wi\u0119kszych nak\u0142ad\u00f3w finansowych, wi\u0119c kredowe notatki na zielonych tablicach nikogo nie dziwi\u0105. Nowocze\u015bniejszy marker kredowy jest bardziej ekonomiczny w u\u017cyciu.\u00a0 Stopniowo te\u017c wypiera tradycyjn\u0105 kred\u0119 ze szk\u00f3\u0142, uczelni i niekt\u00f3rych biur. Jakie s\u0105 mi\u0119dzy nimi r\u00f3\u017cnice i kt\u00f3re z nich b\u0119dzie lepsze?<\/strong><\/p>\t\t\t\t\t\t\t\t<\/div>\n\t\t\t\t<\/div>\n\t\t\t\t<div class=\"elementor-element elementor-element-0ef89fd elementor-widget elementor-widget-global elementor-global-5458 elementor-widget-table-of-contents\" data-id=\"0ef89fd\" data-element_type=\"widget\" data-settings=\"{&quot;headings_by_tags&quot;:[&quot;h2&quot;],&quot;exclude_headings_by_selector&quot;:&quot;footer&quot;,&quot;marker_view&quot;:&quot;bullets&quot;,&quot;min_height&quot;:{&quot;unit&quot;:&quot;px&quot;,&quot;size&quot;:&quot;0&quot;,&quot;sizes&quot;:[]},&quot;icon&quot;:{&quot;value&quot;:&quot;fas fa-circle&quot;,&quot;library&quot;:&quot;fa-solid&quot;},&quot;no_headings_message&quot;:&quot;No headings were found on this page.&quot;,&quot;hierarchical_view&quot;:&quot;yes&quot;,&quot;min_height_tablet&quot;:{&quot;unit&quot;:&quot;px&quot;,&quot;size&quot;:&quot;&quot;,&quot;sizes&quot;:[]},&quot;min_height_mobile&quot;:{&quot;unit&quot;:&quot;px&quot;,&quot;size&quot;:&quot;&quot;,&quot;sizes&quot;:[]}}\" data-widget_type=\"table-of-contents.default\">\n\t\t\t\t<div class=\"elementor-widget-container\">\n\t\t\t\t\t\t\t<div class=\"elementor-toc__header\">\n\t\t\t<h2 class=\"elementor-toc__header-title\">\n\t\t\t\tSpis tre\u015bci\t\t\t<\/h2>\n\t\t\t\t\t<\/div>\n\t\t<div id=\"elementor-toc__0ef89fd\" class=\"elementor-toc__body\">\n\t\t\t<div class=\"elementor-toc__spinner-container\">\n\t\t\t\t<i class=\"elementor-toc__spinner eicon-animation-spin eicon-loading\" aria-hidden=\"true\"><\/i>\t\t\t<\/div>\n\t\t<\/div>\n\t\t\t\t\t\t<\/div>\n\t\t\t\t<\/div>\n\t\t\t\t<div class=\"elementor-element elementor-element-3b0dcfa0 elementor-widget elementor-widget-heading\" data-id=\"3b0dcfa0\" data-element_type=\"widget\" data-widget_type=\"heading.default\">\n\t\t\t\t<div class=\"elementor-widget-container\">\n\t\t\t\t\t<h2 class=\"elementor-heading-title elementor-size-default\">Do czego najlepsza jest kreda?<\/h2>\t\t\t\t<\/div>\n\t\t\t\t<\/div>\n\t\t\t\t<div class=\"elementor-element elementor-element-34dd14a7 elementor-widget elementor-widget-text-editor\" data-id=\"34dd14a7\" data-element_type=\"widget\" data-widget_type=\"text-editor.default\">\n\t\t\t\t<div class=\"elementor-widget-container\">\n\t\t\t\t\t\t\t\t\t<p><strong>Tradycyjna bia\u0142a kreda<\/strong> wykorzystywana jest do zapisywania notatek na zielonej lub czarnej tablicy. Mo\u017cna jej u\u017cywa\u0107 na g\u0142adkiej lub chropowatej powierzchni. Ka\u017cdy chyba raz si\u0119 przeszed\u0142 (zaszczyt dy\u017curnego) namoczy\u0107 g\u0105bk\u0119 lub szmatk\u0119, by zetrze\u0107 tablicy z <strong>kredy<\/strong>. Powinno wi\u0119c nam zapa\u015b\u0107 r\u00f3wnie\u017c w pami\u0119\u0107 sporo kredowego py\u0142u pod tablic\u0105 i na r\u0119kach, czasami na ubraniu, a nawet w nosie!<\/p><p>Niemniej, ta niewielka ska\u0142a osadowa sta\u0142a jedn\u0105 z pierwszych <strong>kreatywnych narz\u0119dzi do pisania<\/strong>. Mo\u017cesz kupi\u0107 j\u0105 w r\u00f3\u017cnych kszta\u0142tach oraz barwach, dzi\u0119ki czemu rysunek\u00a0 na chodniku b\u0119dzie kolorowy i atrakcyjny.<strong> To \u015bwietna zabawa dla wielu dzieci, kt\u00f3re lubi\u0105 sp\u0119dza\u0107 wolny czas na podw\u00f3rku<\/strong>. P\u00f3\u017aniej wystarczy lekki deszcz \u2013 chodnik b\u0119dzie gotowy na kolejny popis wyobra\u017ani Twojego dziecka.<\/p>\t\t\t\t\t\t\t\t<\/div>\n\t\t\t\t<\/div>\n\t\t\t\t<div class=\"elementor-element elementor-element-60c62f1d elementor-alert-success elementor-widget elementor-widget-alert\" data-id=\"60c62f1d\" data-element_type=\"widget\" data-widget_type=\"alert.default\">\n\t\t\t\t<div class=\"elementor-widget-container\">\n\t\t\t\t\t\t\t<div class=\"elementor-alert\" role=\"alert\">\n\n\t\t\t\t\t\t<span class=\"elementor-alert-title\">Ciekawostka<\/span>\n\t\t\t\n\t\t\t\t\t\t<span class=\"elementor-alert-description\">Du\u017ce z\u0142o\u017ca naturalnej  kredy mo\u017cesz zobaczy\u0107 mi\u0119dzy innymi w Che\u0142mie w Podziemiach Kredowych.<\/span>\n\t\t\t\n\t\t\t\n\t\t<\/div>\n\t\t\t\t\t\t<\/div>\n\t\t\t\t<\/div>\n\t\t\t\t<div class=\"elementor-element elementor-element-11f83d5b elementor-widget elementor-widget-spacer\" data-id=\"11f83d5b\" data-element_type=\"widget\" data-widget_type=\"spacer.default\">\n\t\t\t\t<div class=\"elementor-widget-container\">\n\t\t\t\t\t\t\t<div class=\"elementor-spacer\">\n\t\t\t<div class=\"elementor-spacer-inner\"><\/div>\n\t\t<\/div>\n\t\t\t\t\t\t<\/div>\n\t\t\t\t<\/div>\n\t\t\t\t<div class=\"elementor-element elementor-element-2c0a4d67 elementor-widget elementor-widget-text-editor\" data-id=\"2c0a4d67\" data-element_type=\"widget\" data-widget_type=\"text-editor.default\">\n\t\t\t\t<div class=\"elementor-widget-container\">\n\t\t\t\t\t\t\t\t\t<p>Zalet\u0105 tradycyjnej kredy jest na pewno jej <strong>lekko\u015b\u0107<\/strong>. Mo\u017cna j\u0105 te\u017c z \u0142atwo\u015bci\u0105 dzieli\u0107 na mniejsze cz\u0119\u015bci.\u00a0<\/p><p>Oczywi\u015bcie jej krucho\u015b\u0107 mo\u017ce niekt\u00f3rym przeszkadza\u0107, zw\u0142aszcza, \u017ce <strong>kreda mocno si\u0119 pyli<\/strong> podczas pisania i \u015bcierania (dlatego lepiej j\u0105 wyciera\u0107 wilgotn\u0105 szmatk\u0105!). Py\u0142 mo\u017ce dosta\u0107 si\u0119 do naszych dr\u00f3g oddechowych, co mo\u017ce wywo\u0142a\u0107 chwilowy kaszel.\u00a0<\/p>\t\t\t\t\t\t\t\t<\/div>\n\t\t\t\t<\/div>\n\t\t\t\t<div class=\"elementor-element elementor-element-13bcdc94 elementor-widget elementor-widget-image\" data-id=\"13bcdc94\" data-element_type=\"widget\" data-widget_type=\"image.default\">\n\t\t\t\t<div class=\"elementor-widget-container\">\n\t\t\t\t\t\t\t\t\t\t\t\t\t\t\t<img fetchpriority=\"high\" decoding=\"async\" width=\"1024\" height=\"678\" src=\"https:\/\/www.tusztusz.pl\/sklepy\/wp-content\/uploads\/2023\/04\/daniel-watson-IEtUye-b28A-unsplash-1024x678.jpg\" class=\"attachment-large size-large wp-image-7849\" alt=\"kreda markery kredowe 3\" srcset=\"https:\/\/www.tusztusz.pl\/sklepy\/wp-content\/uploads\/2023\/04\/daniel-watson-IEtUye-b28A-unsplash-1024x678.jpg 1024w, https:\/\/www.tusztusz.pl\/sklepy\/wp-content\/uploads\/2023\/04\/daniel-watson-IEtUye-b28A-unsplash-300x199.jpg 300w, https:\/\/www.tusztusz.pl\/sklepy\/wp-content\/uploads\/2023\/04\/daniel-watson-IEtUye-b28A-unsplash-768x509.jpg 768w, https:\/\/www.tusztusz.pl\/sklepy\/wp-content\/uploads\/2023\/04\/daniel-watson-IEtUye-b28A-unsplash-1536x1017.jpg 1536w, https:\/\/www.tusztusz.pl\/sklepy\/wp-content\/uploads\/2023\/04\/daniel-watson-IEtUye-b28A-unsplash-2048x1356.jpg 2048w\" sizes=\"(max-width: 1024px) 100vw, 1024px\" \/>\t\t\t\t\t\t\t\t\t\t\t\t\t\t\t<\/div>\n\t\t\t\t<\/div>\n\t\t\t\t<div class=\"elementor-element elementor-element-173c582e elementor-widget elementor-widget-heading\" data-id=\"173c582e\" data-element_type=\"widget\" data-widget_type=\"heading.default\">\n\t\t\t\t<div class=\"elementor-widget-container\">\n\t\t\t\t\t<h2 class=\"elementor-heading-title elementor-size-default\">Do czego jest u\u017cywany marker kredowy?<\/h2>\t\t\t\t<\/div>\n\t\t\t\t<\/div>\n\t\t\t\t<div class=\"elementor-element elementor-element-60577f02 elementor-widget elementor-widget-text-editor\" data-id=\"60577f02\" data-element_type=\"widget\" data-widget_type=\"text-editor.default\">\n\t\t\t\t<div class=\"elementor-widget-container\">\n\t\t\t\t\t\t\t\t\t<p><strong>Marker kredowy<\/strong> posiada w \u015brodku specjalny p\u0142yn kredowy, kt\u00f3ry pozwala pisa\u0107 po g\u0142adkich powierzchniach. Nadaje si\u0119 do <strong>malowania po szkle, witrynach sklepowych, potykaczach reklamowych, g\u0142adkich tablicach czarnych i bia\u0142ych<\/strong>. Mo\u017cna nim tak\u017ce pisa\u0107 po przezroczystych tablicach. Te ostatnie spotkasz w niekt\u00f3rych korporacyjnych firmach lub agencjach projektowych. Maj\u0105 du\u017ce zastosowanie zar\u00f3wno w szeroko poj\u0119tym w \u015bwiecie marketingu, jak r\u00f3wnie\u017c jako atrakcyjna <strong>ozdoba szyby okiennej<\/strong> plac\u00f3wek edukacyjnych.<\/p>\t\t\t\t\t\t\t\t<\/div>\n\t\t\t\t<\/div>\n\t\t\t\t<div class=\"elementor-element elementor-element-162ab61d elementor-alert-success elementor-widget elementor-widget-alert\" data-id=\"162ab61d\" data-element_type=\"widget\" data-widget_type=\"alert.default\">\n\t\t\t\t<div class=\"elementor-widget-container\">\n\t\t\t\t\t\t\t<div class=\"elementor-alert\" role=\"alert\">\n\n\t\t\t\t\t\t<span class=\"elementor-alert-title\">Zapami\u0119taj<\/span>\n\t\t\t\n\t\t\t\t\t\t<span class=\"elementor-alert-description\">Powierzchnia, na  kt\u00f3rej piesze si\u0119 markerem kredowym musi by\u0107 g\u0142adka. Z chropowatej tablicy marker b\u0119dzie trudno zmy\u0107. <\/span>\n\t\t\t\n\t\t\t\n\t\t<\/div>\n\t\t\t\t\t\t<\/div>\n\t\t\t\t<\/div>\n\t\t\t\t<div class=\"elementor-element elementor-element-2c7907e9 elementor-widget elementor-widget-spacer\" data-id=\"2c7907e9\" data-element_type=\"widget\" data-widget_type=\"spacer.default\">\n\t\t\t\t<div class=\"elementor-widget-container\">\n\t\t\t\t\t\t\t<div class=\"elementor-spacer\">\n\t\t\t<div class=\"elementor-spacer-inner\"><\/div>\n\t\t<\/div>\n\t\t\t\t\t\t<\/div>\n\t\t\t\t<\/div>\n\t\t\t\t<div class=\"elementor-element elementor-element-444be9e0 elementor-widget-divider--view-line elementor-widget elementor-widget-divider\" data-id=\"444be9e0\" data-element_type=\"widget\" data-widget_type=\"divider.default\">\n\t\t\t\t<div class=\"elementor-widget-container\">\n\t\t\t\t\t\t\t<div class=\"elementor-divider\">\n\t\t\t<span class=\"elementor-divider-separator\">\n\t\t\t\t\t\t<\/span>\n\t\t<\/div>\n\t\t\t\t\t\t<\/div>\n\t\t\t\t<\/div>\n\t\t\t\t<div class=\"elementor-element elementor-element-3258a02c elementor-widget elementor-widget-text-editor\" data-id=\"3258a02c\" data-element_type=\"widget\" data-widget_type=\"text-editor.default\">\n\t\t\t\t<div class=\"elementor-widget-container\">\n\t\t\t\t\t\t\t\t\t<p><strong>Artyku\u0142y powi\u0105zane:<\/strong><\/p><p><a href=\"https:\/\/www.tusztusz.pl\/sklepy\/blog\/dlaczego-gramatura-papieru-jest-wazna\/\">&gt;&gt;\u00a0 Wydruk na ka\u017cd\u0105 okazj\u0119, czyli jaki papier wybra\u0107 do okre\u015blonego typu wydruku?<\/a><\/p><p><a href=\"https:\/\/www.tusztusz.pl\/sklepy\/blog\/jak-ozdobic-potykacz-pisakiem-kredowym\/\">&gt;&gt; 5 sposob\u00f3w, jak ozdobi\u0107 potykasz markerem kredowym<\/a><\/p><p><a href=\"https:\/\/www.tusztusz.pl\/sklepy\/blog\/malowanie-na-szkle-jakie-markery\/\">&gt;&gt; Malowanie na szkle \u2013 jakie markery kredowe wybra\u0107?<\/a><\/p>\t\t\t\t\t\t\t\t<\/div>\n\t\t\t\t<\/div>\n\t\t\t\t<div class=\"elementor-element elementor-element-accefc8 elementor-widget-divider--view-line elementor-widget elementor-widget-divider\" data-id=\"accefc8\" data-element_type=\"widget\" data-widget_type=\"divider.default\">\n\t\t\t\t<div class=\"elementor-widget-container\">\n\t\t\t\t\t\t\t<div class=\"elementor-divider\">\n\t\t\t<span class=\"elementor-divider-separator\">\n\t\t\t\t\t\t<\/span>\n\t\t<\/div>\n\t\t\t\t\t\t<\/div>\n\t\t\t\t<\/div>\n\t\t\t\t<div class=\"elementor-element elementor-element-577d4edd elementor-widget elementor-widget-text-editor\" data-id=\"577d4edd\" data-element_type=\"widget\" data-widget_type=\"text-editor.default\">\n\t\t\t\t<div class=\"elementor-widget-container\">\n\t\t\t\t\t\t\t\t\t<p>Niew\u0105tpliwym atutem <strong>marker\u00f3w kredowych<\/strong> jest ich ekonomiczno\u015b\u0107. S\u0105 tanie, \u0142atwe i przyjemne w u\u017cyciu. Napisane notatki s\u0105 widoczne z daleka i mo\u017cna je szybko zetrze\u0107.\u00a0<\/p><p>Niekt\u00f3re <strong>markery kredowe<\/strong> maj\u0105 te\u017c dwie ko\u0144c\u00f3wki o r\u00f3\u017cnych grubo\u015bciach, dzi\u0119ki czemu mo\u017cna sobie wybra\u0107 wi\u0119ksz\u0105 lub mniejsz\u0105 czcionk\u0119 \u2013 przydadz\u0105 si\u0119 nauczycielom, profesorom lub kierownikom, kt\u00f3rzy chcieliby\u00a0 co\u015b wa\u017cnego swojemu zespo\u0142owi podkre\u015bli\u0107 i zaakcentowa\u0107. <strong><a href=\"https:\/\/www.tusztusz.pl\/sklep\/products\/szkola-i-przedszkole\">Kolorowe notatki<\/a><\/strong> lepiej si\u0119 zapami\u0119tuje.<\/p>\t\t\t\t\t\t\t\t<\/div>\n\t\t\t\t<\/div>\n\t\t\t\t<div class=\"elementor-element elementor-element-4f26c87c elementor-widget elementor-widget-image\" data-id=\"4f26c87c\" data-element_type=\"widget\" data-widget_type=\"image.default\">\n\t\t\t\t<div class=\"elementor-widget-container\">\n\t\t\t\t\t\t\t\t\t\t\t\t\t\t\t<img decoding=\"async\" width=\"1024\" height=\"768\" data-src=\"https:\/\/www.tusztusz.pl\/sklepy\/wp-content\/uploads\/2023\/04\/natary-t-DUDQ_6nEmeQ-unsplash-1024x768.jpg\" class=\"attachment-large size-large wp-image-7846 lazyload\" alt=\"kreda markery kredowe\" data-srcset=\"https:\/\/www.tusztusz.pl\/sklepy\/wp-content\/uploads\/2023\/04\/natary-t-DUDQ_6nEmeQ-unsplash-1024x768.jpg 1024w, https:\/\/www.tusztusz.pl\/sklepy\/wp-content\/uploads\/2023\/04\/natary-t-DUDQ_6nEmeQ-unsplash-300x225.jpg 300w, https:\/\/www.tusztusz.pl\/sklepy\/wp-content\/uploads\/2023\/04\/natary-t-DUDQ_6nEmeQ-unsplash-768x576.jpg 768w, https:\/\/www.tusztusz.pl\/sklepy\/wp-content\/uploads\/2023\/04\/natary-t-DUDQ_6nEmeQ-unsplash-1536x1152.jpg 1536w, https:\/\/www.tusztusz.pl\/sklepy\/wp-content\/uploads\/2023\/04\/natary-t-DUDQ_6nEmeQ-unsplash-2048x1536.jpg 2048w\" data-sizes=\"(max-width: 1024px) 100vw, 1024px\" src=\"data:image\/gif;base64,R0lGODlhAQABAAAAACH5BAEKAAEALAAAAAABAAEAAAICTAEAOw==\" style=\"--smush-placeholder-width: 1024px; --smush-placeholder-aspect-ratio: 1024\/768;\" \/>\t\t\t\t\t\t\t\t\t\t\t\t\t\t\t<\/div>\n\t\t\t\t<\/div>\n\t\t\t\t<div class=\"elementor-element elementor-element-34368008 elementor-widget elementor-widget-text-editor\" data-id=\"34368008\" data-element_type=\"widget\" data-widget_type=\"text-editor.default\">\n\t\t\t\t<div class=\"elementor-widget-container\">\n\t\t\t\t\t\t\t\t\t<p>U\u0142atwia to te\u017c zakolorowanie <strong>t\u0142a<\/strong> rysunku. <strong>Marker kredowy<\/strong> sprawdzi si\u0119 tak\u017ce podczas malowania <strong>kontur\u00f3w<\/strong> postaci \u2013 mo\u017cna po\u0142\u0105czy\u0107<strong> markery kredowe z farbami witra\u017cowymi<\/strong>. Wi\u0119cej na temat znajdziesz w artykule o <a href=\"https:\/\/www.tusztusz.pl\/sklepy\/blog\/malowanie-na-szkle-jakie-farby\/\">malowaniu na szkle farbami<\/a>.<\/p>\t\t\t\t\t\t\t\t<\/div>\n\t\t\t\t<\/div>\n\t\t\t\t<div class=\"elementor-element elementor-element-72d1a9b3 elementor-widget elementor-widget-heading\" data-id=\"72d1a9b3\" data-element_type=\"widget\" data-widget_type=\"heading.default\">\n\t\t\t\t<div class=\"elementor-widget-container\">\n\t\t\t\t\t<h2 class=\"elementor-heading-title elementor-size-default\">Kreda i marker kredowy \u2013 co lepsze?<\/h2>\t\t\t\t<\/div>\n\t\t\t\t<\/div>\n\t\t\t\t<div class=\"elementor-element elementor-element-24050797 elementor-widget elementor-widget-text-editor\" data-id=\"24050797\" data-element_type=\"widget\" data-widget_type=\"text-editor.default\">\n\t\t\t\t<div class=\"elementor-widget-container\">\n\t\t\t\t\t\t\t\t\t<p>Nie ma co ukrywa\u0107, \u017ce tradycyjna <strong>kreda<\/strong> b\u0119dzie coraz rzadziej wybierana do pracy w wi\u0119kszym zespole. <strong>Py\u0142 przeszkadza i osadza si\u0119 w r\u00f3\u017cnych<\/strong> miejscach, ale bia\u0142a i kolorowa kreda \u2013 mo\u017ce mie\u0107 owalny lub bardziej kanciasty kszta\u0142t \u2013 ma swoje <strong>specjalne miejsce na placu zabaw <\/strong>i tam raczej warto z niej skorzysta\u0107. Daje du\u017co uciechy najm\u0142odszym. Pozwala te\u017c dzieciom \u0107wiczy\u0107 <strong>umiej\u0119tno\u015bci mi\u0119kkie.<\/strong> Dlatego tradycyjna<strong> kreda<\/strong> b\u0119dzie \u015bwietn\u0105 propozycj\u0105 na sp\u0119dzenie czasu <strong>na \u015bwie\u017cym powietrzu<\/strong>.\u00a0<\/p>\t\t\t\t\t\t\t\t<\/div>\n\t\t\t\t<\/div>\n\t\t\t\t<div class=\"elementor-element elementor-element-2f3ba11 elementor-widget elementor-widget-image\" data-id=\"2f3ba11\" data-element_type=\"widget\" data-widget_type=\"image.default\">\n\t\t\t\t<div class=\"elementor-widget-container\">\n\t\t\t\t\t\t\t\t\t\t\t\t\t\t\t<img decoding=\"async\" width=\"1024\" height=\"684\" data-src=\"https:\/\/www.tusztusz.pl\/sklepy\/wp-content\/uploads\/2023\/04\/estee-janssens-zEqkUMiMxMI-unsplash-1024x684.jpg\" class=\"attachment-large size-large wp-image-7847 lazyload\" alt=\"kreda markery kredowe 1\" data-srcset=\"https:\/\/www.tusztusz.pl\/sklepy\/wp-content\/uploads\/2023\/04\/estee-janssens-zEqkUMiMxMI-unsplash-1024x684.jpg 1024w, https:\/\/www.tusztusz.pl\/sklepy\/wp-content\/uploads\/2023\/04\/estee-janssens-zEqkUMiMxMI-unsplash-300x201.jpg 300w, https:\/\/www.tusztusz.pl\/sklepy\/wp-content\/uploads\/2023\/04\/estee-janssens-zEqkUMiMxMI-unsplash-768x513.jpg 768w, https:\/\/www.tusztusz.pl\/sklepy\/wp-content\/uploads\/2023\/04\/estee-janssens-zEqkUMiMxMI-unsplash-1536x1027.jpg 1536w, https:\/\/www.tusztusz.pl\/sklepy\/wp-content\/uploads\/2023\/04\/estee-janssens-zEqkUMiMxMI-unsplash-2048x1369.jpg 2048w\" data-sizes=\"(max-width: 1024px) 100vw, 1024px\" src=\"data:image\/gif;base64,R0lGODlhAQABAAAAACH5BAEKAAEALAAAAAABAAEAAAICTAEAOw==\" style=\"--smush-placeholder-width: 1024px; --smush-placeholder-aspect-ratio: 1024\/684;\" \/>\t\t\t\t\t\t\t\t\t\t\t\t\t\t\t<\/div>\n\t\t\t\t<\/div>\n\t\t\t\t<div class=\"elementor-element elementor-element-0af5145 elementor-widget elementor-widget-text-editor\" data-id=\"0af5145\" data-element_type=\"widget\" data-widget_type=\"text-editor.default\">\n\t\t\t\t<div class=\"elementor-widget-container\">\n\t\t\t\t\t\t\t\t\t<p>W zmi\u0119kni\u0119tych pomieszczeniach dbajmy o <strong>dobr\u0105 jako\u015b\u0107 powietrza<\/strong>. Zwykle sp\u0119dzamy tam sporo czasu, dlatego warto wybiera\u0107 narz\u0119dzia, kt\u00f3re u\u0142atwi\u0105 nam prac\u0119 i b\u0119d\u0105 dla nas zdrowsze. Wystarczy zawiesi\u0107 g\u0142adk\u0105 tablic\u0119 i za pomoc\u0105 <strong>marker\u00f3w kredowych<\/strong> stworzy\u0107 plan pracy dla ca\u0142ego zespo\u0142u \u2013 ka\u017cdy widzi i mo\u017cna szybko nanie\u015b\u0107 ewentualne poprawki.<\/p><p>W naszej ofercie znajdziesz kolorowe <a href=\"https:\/\/www.tusztusz.pl\/sklep\/products\/do-pisania\/markery-kredowe\">markery kredowe<\/a>, tradycyjne <a href=\"https:\/\/www.tusztusz.pl\/sklep\/products\/szkola-i-przedszkole\/kreda-szkolna\">kredy szkolne<\/a> i <a href=\"https:\/\/www.tusztusz.pl\/sklep\/products\/meble-i-wyposazenie\/tablice-suchoscieralne\">tablice sucho\u015bcieralne<\/a> do Twojego biura lub sali lekcyjnej.<\/p>\t\t\t\t\t\t\t\t<\/div>\n\t\t\t\t<\/div>\n\t\t\t\t<div class=\"elementor-element elementor-element-43874725 elementor-widget elementor-widget-spacer\" data-id=\"43874725\" data-element_type=\"widget\" data-widget_type=\"spacer.default\">\n\t\t\t\t<div class=\"elementor-widget-container\">\n\t\t\t\t\t\t\t<div class=\"elementor-spacer\">\n\t\t\t<div class=\"elementor-spacer-inner\"><\/div>\n\t\t<\/div>\n\t\t\t\t\t\t<\/div>\n\t\t\t\t<\/div>\n\t\t\t\t\t<\/div>\n\t\t<\/div>\n\t\t\t\t\t<\/div>\n\t\t<\/section>\n\t\t\t\t<section class=\"elementor-section elementor-top-section elementor-element elementor-element-9623c33 elementor-section-boxed elementor-section-height-default elementor-section-height-default\" data-id=\"9623c33\" data-element_type=\"section\" data-settings=\"{&quot;background_background&quot;:&quot;classic&quot;}\">\n\t\t\t\t\t\t<div class=\"elementor-container elementor-column-gap-default\">\n\t\t\t\t\t<div class=\"elementor-column elementor-col-20 elementor-top-column elementor-element elementor-element-7266ac98\" data-id=\"7266ac98\" data-element_type=\"column\">\n\t\t\t<div class=\"elementor-widget-wrap elementor-element-populated\">\n\t\t\t\t\t\t<div class=\"elementor-element elementor-element-70f1c18 elementor-widget elementor-widget-text-editor\" data-id=\"70f1c18\" data-element_type=\"widget\" data-widget_type=\"text-editor.default\">\n\t\t\t\t<div class=\"elementor-widget-container\">\n\t\t\t\t\t\t\t\t\t<p><a href=\"https:\/\/www.tusztusz.pl\/sklep\/product\/27493,marker-kredowy-smw26\">Marker kredowy <\/a><br \/><a href=\"https:\/\/www.tusztusz.pl\/sklep\/product\/27494,marker-kredowy-smw-56\">Smw 56<\/a><\/p>\t\t\t\t\t\t\t\t<\/div>\n\t\t\t\t<\/div>\n\t\t\t\t<div class=\"elementor-element elementor-element-5e3443a4 elementor-widget elementor-widget-image\" data-id=\"5e3443a4\" data-element_type=\"widget\" data-widget_type=\"image.default\">\n\t\t\t\t<div class=\"elementor-widget-container\">\n\t\t\t\t\t\t\t\t\t\t\t\t\t\t\t<img decoding=\"async\" width=\"150\" height=\"150\" data-src=\"https:\/\/www.tusztusz.pl\/sklepy\/wp-content\/uploads\/2023\/04\/27494-150x150.jpg\" class=\"attachment-thumbnail size-thumbnail wp-image-7782 lazyload\" alt=\"markery jak ozdobi\u0107 potykacz kreda\" data-srcset=\"https:\/\/www.tusztusz.pl\/sklepy\/wp-content\/uploads\/2023\/04\/27494-150x150.jpg 150w, https:\/\/www.tusztusz.pl\/sklepy\/wp-content\/uploads\/2023\/04\/27494-300x300.jpg 300w, https:\/\/www.tusztusz.pl\/sklepy\/wp-content\/uploads\/2023\/04\/27494-768x768.jpg 768w, https:\/\/www.tusztusz.pl\/sklepy\/wp-content\/uploads\/2023\/04\/27494.jpg 850w\" data-sizes=\"(max-width: 150px) 100vw, 150px\" src=\"data:image\/gif;base64,R0lGODlhAQABAAAAACH5BAEKAAEALAAAAAABAAEAAAICTAEAOw==\" style=\"--smush-placeholder-width: 150px; --smush-placeholder-aspect-ratio: 150\/150;\" \/>\t\t\t\t\t\t\t\t\t\t\t\t\t\t\t<\/div>\n\t\t\t\t<\/div>\n\t\t\t\t<div class=\"elementor-element elementor-element-7cce5959 elementor-widget elementor-widget-text-editor\" data-id=\"7cce5959\" data-element_type=\"widget\" data-widget_type=\"text-editor.default\">\n\t\t\t\t<div class=\"elementor-widget-container\">\n\t\t\t\t\t\t\t\t\t<center><strong><a href=\"https:\/\/www.tusztusz.pl\/sklep\/product\/27494,marker-kredowy-smw-56\">Zobacz cen\u0119 &gt;&gt;&gt;<\/a><\/strong><\/center>\t\t\t\t\t\t\t\t<\/div>\n\t\t\t\t<\/div>\n\t\t\t\t\t<\/div>\n\t\t<\/div>\n\t\t\t\t<div class=\"elementor-column elementor-col-20 elementor-top-column elementor-element elementor-element-695921ef\" data-id=\"695921ef\" data-element_type=\"column\">\n\t\t\t<div class=\"elementor-widget-wrap elementor-element-populated\">\n\t\t\t\t\t\t<div class=\"elementor-element elementor-element-b2cf441 elementor-widget elementor-widget-text-editor\" data-id=\"b2cf441\" data-element_type=\"widget\" data-widget_type=\"text-editor.default\">\n\t\t\t\t<div class=\"elementor-widget-container\">\n\t\t\t\t\t\t\t\t\t<p><a href=\"https:\/\/www.tusztusz.pl\/sklep\/product\/27493,marker-kredowy-smw26\" data-wplink-edit=\"true\">Marker do szk\u0142a zmazywalny Rystor<\/a><\/p>\t\t\t\t\t\t\t\t<\/div>\n\t\t\t\t<\/div>\n\t\t\t\t<div class=\"elementor-element elementor-element-331a7059 elementor-widget elementor-widget-image\" data-id=\"331a7059\" data-element_type=\"widget\" data-widget_type=\"image.default\">\n\t\t\t\t<div class=\"elementor-widget-container\">\n\t\t\t\t\t\t\t\t\t\t\t\t\t\t\t<img decoding=\"async\" width=\"150\" height=\"150\" data-src=\"https:\/\/www.tusztusz.pl\/sklepy\/wp-content\/uploads\/2023\/04\/malowanie-na-szkle-150x150.jpg\" class=\"attachment-thumbnail size-thumbnail wp-image-7830 lazyload\" alt=\"malowanie na szkle 5\" data-srcset=\"https:\/\/www.tusztusz.pl\/sklepy\/wp-content\/uploads\/2023\/04\/malowanie-na-szkle-150x150.jpg 150w, https:\/\/www.tusztusz.pl\/sklepy\/wp-content\/uploads\/2023\/04\/malowanie-na-szkle-300x300.jpg 300w, https:\/\/www.tusztusz.pl\/sklepy\/wp-content\/uploads\/2023\/04\/malowanie-na-szkle.jpg 500w\" data-sizes=\"(max-width: 150px) 100vw, 150px\" src=\"data:image\/gif;base64,R0lGODlhAQABAAAAACH5BAEKAAEALAAAAAABAAEAAAICTAEAOw==\" style=\"--smush-placeholder-width: 150px; --smush-placeholder-aspect-ratio: 150\/150;\" \/>\t\t\t\t\t\t\t\t\t\t\t\t\t\t\t<\/div>\n\t\t\t\t<\/div>\n\t\t\t\t<div class=\"elementor-element elementor-element-295b5d72 elementor-widget elementor-widget-text-editor\" data-id=\"295b5d72\" data-element_type=\"widget\" data-widget_type=\"text-editor.default\">\n\t\t\t\t<div class=\"elementor-widget-container\">\n\t\t\t\t\t\t\t\t\t<center><strong><a href=\"https:\/\/www.tusztusz.pl\/sklep\/product\/36316,markery-do-szkla-kredowe-rystor\">Zobacz cen\u0119 &gt;&gt;&gt;<\/a><\/strong><\/center>\t\t\t\t\t\t\t\t<\/div>\n\t\t\t\t<\/div>\n\t\t\t\t\t<\/div>\n\t\t<\/div>\n\t\t\t\t<div class=\"elementor-column elementor-col-20 elementor-top-column elementor-element elementor-element-9e470f9\" data-id=\"9e470f9\" data-element_type=\"column\">\n\t\t\t<div class=\"elementor-widget-wrap elementor-element-populated\">\n\t\t\t\t\t\t<div class=\"elementor-element elementor-element-66345bf6 elementor-widget elementor-widget-text-editor\" data-id=\"66345bf6\" data-element_type=\"widget\" data-widget_type=\"text-editor.default\">\n\t\t\t\t<div class=\"elementor-widget-container\">\n\t\t\t\t\t\t\t\t\t<p><a href=\"https:\/\/www.tusztusz.pl\/sklep\/product\/29201,marker-kredowy-chalk-pwe-8k\">Marker kredowy Chalk Pwe \u20138K<\/a><\/p>\t\t\t\t\t\t\t\t<\/div>\n\t\t\t\t<\/div>\n\t\t\t\t<div class=\"elementor-element elementor-element-1f190e87 elementor-widget elementor-widget-image\" data-id=\"1f190e87\" data-element_type=\"widget\" data-widget_type=\"image.default\">\n\t\t\t\t<div class=\"elementor-widget-container\">\n\t\t\t\t\t\t\t\t\t\t\t\t\t\t\t<img decoding=\"async\" width=\"150\" height=\"150\" data-src=\"https:\/\/www.tusztusz.pl\/sklepy\/wp-content\/uploads\/2023\/04\/29201-150x150.jpg\" class=\"attachment-thumbnail size-thumbnail wp-image-7784 lazyload\" alt=\"malowanie na szkle 6\" data-srcset=\"https:\/\/www.tusztusz.pl\/sklepy\/wp-content\/uploads\/2023\/04\/29201-150x150.jpg 150w, https:\/\/www.tusztusz.pl\/sklepy\/wp-content\/uploads\/2023\/04\/29201-300x300.jpg 300w, https:\/\/www.tusztusz.pl\/sklepy\/wp-content\/uploads\/2023\/04\/29201-768x768.jpg 768w, https:\/\/www.tusztusz.pl\/sklepy\/wp-content\/uploads\/2023\/04\/29201.jpg 850w\" data-sizes=\"(max-width: 150px) 100vw, 150px\" src=\"data:image\/gif;base64,R0lGODlhAQABAAAAACH5BAEKAAEALAAAAAABAAEAAAICTAEAOw==\" style=\"--smush-placeholder-width: 150px; --smush-placeholder-aspect-ratio: 150\/150;\" \/>\t\t\t\t\t\t\t\t\t\t\t\t\t\t\t<\/div>\n\t\t\t\t<\/div>\n\t\t\t\t<div class=\"elementor-element elementor-element-35c9f29a elementor-widget elementor-widget-text-editor\" data-id=\"35c9f29a\" data-element_type=\"widget\" data-widget_type=\"text-editor.default\">\n\t\t\t\t<div class=\"elementor-widget-container\">\n\t\t\t\t\t\t\t\t\t<center><strong><a href=\"https:\/\/www.tusztusz.pl\/sklep\/product\/29201,marker-kredowy-chalk-pwe-8k\">Zobacz cen\u0119 &gt;&gt;&gt;<\/a><\/strong><\/center>\t\t\t\t\t\t\t\t<\/div>\n\t\t\t\t<\/div>\n\t\t\t\t\t<\/div>\n\t\t<\/div>\n\t\t\t\t<div class=\"elementor-column elementor-col-20 elementor-top-column elementor-element elementor-element-636ffc0c\" data-id=\"636ffc0c\" data-element_type=\"column\">\n\t\t\t<div class=\"elementor-widget-wrap elementor-element-populated\">\n\t\t\t\t\t\t<div class=\"elementor-element elementor-element-3e47233 elementor-widget elementor-widget-text-editor\" data-id=\"3e47233\" data-element_type=\"widget\" data-widget_type=\"text-editor.default\">\n\t\t\t\t<div class=\"elementor-widget-container\">\n\t\t\t\t\t\t\t\t\t<p><a href=\"https:\/\/www.tusztusz.pl\/sklep\/product\/36019,marker-kredowy-schneider-maxx-26\">Marker kredowy Schneider Maxx<\/a><\/p>\t\t\t\t\t\t\t\t<\/div>\n\t\t\t\t<\/div>\n\t\t\t\t<div class=\"elementor-element elementor-element-752c7a6 elementor-widget elementor-widget-image\" data-id=\"752c7a6\" data-element_type=\"widget\" data-widget_type=\"image.default\">\n\t\t\t\t<div class=\"elementor-widget-container\">\n\t\t\t\t\t\t\t\t\t\t\t\t\t\t\t<img decoding=\"async\" width=\"150\" height=\"150\" data-src=\"https:\/\/www.tusztusz.pl\/sklepy\/wp-content\/uploads\/2023\/04\/36019-150x150.jpg\" class=\"attachment-thumbnail size-thumbnail wp-image-7780 lazyload\" alt=\"markery jak ozdobi\u0107 potykacz malowanie na szkle\" data-srcset=\"https:\/\/www.tusztusz.pl\/sklepy\/wp-content\/uploads\/2023\/04\/36019-150x150.jpg 150w, https:\/\/www.tusztusz.pl\/sklepy\/wp-content\/uploads\/2023\/04\/36019-300x300.jpg 300w, https:\/\/www.tusztusz.pl\/sklepy\/wp-content\/uploads\/2023\/04\/36019-768x768.jpg 768w, https:\/\/www.tusztusz.pl\/sklepy\/wp-content\/uploads\/2023\/04\/36019.jpg 850w\" data-sizes=\"(max-width: 150px) 100vw, 150px\" src=\"data:image\/gif;base64,R0lGODlhAQABAAAAACH5BAEKAAEALAAAAAABAAEAAAICTAEAOw==\" style=\"--smush-placeholder-width: 150px; --smush-placeholder-aspect-ratio: 150\/150;\" \/>\t\t\t\t\t\t\t\t\t\t\t\t\t\t\t<\/div>\n\t\t\t\t<\/div>\n\t\t\t\t<div class=\"elementor-element elementor-element-479ae734 elementor-widget elementor-widget-text-editor\" data-id=\"479ae734\" data-element_type=\"widget\" data-widget_type=\"text-editor.default\">\n\t\t\t\t<div class=\"elementor-widget-container\">\n\t\t\t\t\t\t\t\t\t<center><strong><a href=\"https:\/\/www.tusztusz.pl\/sklep\/product\/36019,marker-kredowy-schneider-maxx-26\">Zobacz cen\u0119 &gt;&gt;&gt;<\/a><\/strong><\/center>\t\t\t\t\t\t\t\t<\/div>\n\t\t\t\t<\/div>\n\t\t\t\t\t<\/div>\n\t\t<\/div>\n\t\t\t\t<div class=\"elementor-column elementor-col-20 elementor-top-column elementor-element elementor-element-5e0d0e73\" data-id=\"5e0d0e73\" data-element_type=\"column\">\n\t\t\t<div class=\"elementor-widget-wrap elementor-element-populated\">\n\t\t\t\t\t\t<div class=\"elementor-element elementor-element-572877f3 elementor-widget elementor-widget-text-editor\" data-id=\"572877f3\" data-element_type=\"widget\" data-widget_type=\"text-editor.default\">\n\t\t\t\t<div class=\"elementor-widget-container\">\n\t\t\t\t\t\t\t\t\t<p><a href=\"https:\/\/www.tusztusz.pl\/sklep\/product\/27493,marker-kredowy-smw26\">Markery kredowe Pentel, 8 kolor\u00f3w<\/a><\/p>\t\t\t\t\t\t\t\t<\/div>\n\t\t\t\t<\/div>\n\t\t\t\t<div class=\"elementor-element elementor-element-6c9109e5 elementor-widget elementor-widget-image\" data-id=\"6c9109e5\" data-element_type=\"widget\" data-widget_type=\"image.default\">\n\t\t\t\t<div class=\"elementor-widget-container\">\n\t\t\t\t\t\t\t\t\t\t\t\t\t\t\t\t<a href=\"https:\/\/www.tusztusz.pl\/sklep\/product\/27493,marker-kredowy-smw26\">\n\t\t\t\t\t\t\t<img decoding=\"async\" width=\"150\" height=\"150\" data-src=\"https:\/\/www.tusztusz.pl\/sklepy\/wp-content\/uploads\/2021\/08\/27493-150x150.jpg\" class=\"attachment-thumbnail size-thumbnail wp-image-5453 lazyload\" alt=\"\" src=\"data:image\/gif;base64,R0lGODlhAQABAAAAACH5BAEKAAEALAAAAAABAAEAAAICTAEAOw==\" style=\"--smush-placeholder-width: 150px; --smush-placeholder-aspect-ratio: 150\/150;\" \/>\t\t\t\t\t\t\t\t<\/a>\n\t\t\t\t\t\t\t\t\t\t\t\t\t\t\t<\/div>\n\t\t\t\t<\/div>\n\t\t\t\t<div class=\"elementor-element elementor-element-70cf3764 elementor-widget elementor-widget-text-editor\" data-id=\"70cf3764\" data-element_type=\"widget\" data-widget_type=\"text-editor.default\">\n\t\t\t\t<div class=\"elementor-widget-container\">\n\t\t\t\t\t\t\t\t\t<center><strong><a href=\"https:\/\/www.tusztusz.pl\/sklep\/product\/27493,marker-kredowy-smw26\">Zobacz cen\u0119 &gt;&gt;&gt;<\/a><\/strong><\/center>\t\t\t\t\t\t\t\t<\/div>\n\t\t\t\t<\/div>\n\t\t\t\t\t<\/div>\n\t\t<\/div>\n\t\t\t\t\t<\/div>\n\t\t<\/section>\n\t\t\t\t<section class=\"elementor-section elementor-top-section elementor-element elementor-element-66471836 elementor-section-boxed elementor-section-height-default elementor-section-height-default\" data-id=\"66471836\" data-element_type=\"section\">\n\t\t\t\t\t\t<div class=\"elementor-container elementor-column-gap-default\">\n\t\t\t\t\t<div class=\"elementor-column elementor-col-100 elementor-top-column elementor-element elementor-element-3ed75156\" data-id=\"3ed75156\" data-element_type=\"column\">\n\t\t\t<div class=\"elementor-widget-wrap\">\n\t\t\t\t\t\t\t<\/div>\n\t\t<\/div>\n\t\t\t\t\t<\/div>\n\t\t<\/section>\n\t\t\t\t<\/div>\n\t\t","protected":false},"excerpt":{"rendered":"<p>Czym si\u0119 r\u00f3\u017cni kreda od markera kredowego? Kto nie zna osiedlowej gry w klasy i kolorowych rysunk\u00f3w na chodniku, niech pierwszy rzuci&#8230; kred\u0105? Nie, jeszcze mog\u0142oby si\u0119 to sko\u0144czy\u0107 uwag\u0105!\u00a0Kreda najcz\u0119\u015bciej kojarzy si\u0119 z b\u0142ogim okresem dzieci\u0144stwa lub czasem edukacji.\u00a0 &hellip;<\/p>\n<p class=\"read-more\"> <a class=\"ast-button\" href=\"https:\/\/www.tusztusz.pl\/sklepy\/blog\/kreda-marker-kredowy-roznice\/\"> <span class=\"screen-reader-text\">Czym si\u0119 r\u00f3\u017cni kreda od markera kredowego?<\/span> Wi\u0119cej \u00bb<\/a><\/p>\n","protected":false},"author":9,"featured_media":7848,"comment_status":"closed","ping_status":"closed","sticky":false,"template":"","format":"standard","meta":{"footnotes":""},"categories":[6,9],"tags":[47],"class_list":["post-7845","post","type-post","status-publish","format-standard","has-post-thumbnail","hentry","category-aktualnosci","category-artykuly-edukacyjne","tag-markery-kredowe"],"_links":{"self":[{"href":"https:\/\/www.tusztusz.pl\/sklepy\/wp-json\/wp\/v2\/posts\/7845","targetHints":{"allow":["GET"]}}],"collection":[{"href":"https:\/\/www.tusztusz.pl\/sklepy\/wp-json\/wp\/v2\/posts"}],"about":[{"href":"https:\/\/www.tusztusz.pl\/sklepy\/wp-json\/wp\/v2\/types\/post"}],"author":[{"embeddable":true,"href":"https:\/\/www.tusztusz.pl\/sklepy\/wp-json\/wp\/v2\/users\/9"}],"replies":[{"embeddable":true,"href":"https:\/\/www.tusztusz.pl\/sklepy\/wp-json\/wp\/v2\/comments?post=7845"}],"version-history":[{"count":50,"href":"https:\/\/www.tusztusz.pl\/sklepy\/wp-json\/wp\/v2\/posts\/7845\/revisions"}],"predecessor-version":[{"id":8524,"href":"https:\/\/www.tusztusz.pl\/sklepy\/wp-json\/wp\/v2\/posts\/7845\/revisions\/8524"}],"wp:featuredmedia":[{"embeddable":true,"href":"https:\/\/www.tusztusz.pl\/sklepy\/wp-json\/wp\/v2\/media\/7848"}],"wp:attachment":[{"href":"https:\/\/www.tusztusz.pl\/sklepy\/wp-json\/wp\/v2\/media?parent=7845"}],"wp:term":[{"taxonomy":"category","embeddable":true,"href":"https:\/\/www.tusztusz.pl\/sklepy\/wp-json\/wp\/v2\/categories?post=7845"},{"taxonomy":"post_tag","embeddable":true,"href":"https:\/\/www.tusztusz.pl\/sklepy\/wp-json\/wp\/v2\/tags?post=7845"}],"curies":[{"name":"wp","href":"https:\/\/api.w.org\/{rel}","templated":true}]}}