{"id":7287,"date":"2023-01-27T00:50:49","date_gmt":"2023-01-26T23:50:49","guid":{"rendered":"https:\/\/www.tusztusz.pl\/sklepy\/?p=7287"},"modified":"2023-01-31T21:46:06","modified_gmt":"2023-01-31T20:46:06","slug":"jak-urzadzic-biuro-funkcjonalne","status":"publish","type":"post","link":"https:\/\/www.tusztusz.pl\/sklepy\/blog\/jak-urzadzic-biuro-funkcjonalne\/","title":{"rendered":"Jak urz\u0105dzi\u0107 biuro?"},"content":{"rendered":"\t\t<div data-elementor-type=\"wp-post\" data-elementor-id=\"7287\" class=\"elementor elementor-7287\" data-elementor-post-type=\"post\">\n\t\t\t\t\t\t<section class=\"elementor-section elementor-top-section elementor-element elementor-element-5c7a6ce6 elementor-section-boxed elementor-section-height-default elementor-section-height-default\" data-id=\"5c7a6ce6\" data-element_type=\"section\">\n\t\t\t\t\t\t<div class=\"elementor-container elementor-column-gap-default\">\n\t\t\t\t\t<div class=\"elementor-column elementor-col-100 elementor-top-column elementor-element elementor-element-22da4969\" data-id=\"22da4969\" data-element_type=\"column\">\n\t\t\t<div class=\"elementor-widget-wrap elementor-element-populated\">\n\t\t\t\t\t\t<div class=\"elementor-element elementor-element-4f7074e1 elementor-widget elementor-widget-heading\" data-id=\"4f7074e1\" data-element_type=\"widget\" data-widget_type=\"heading.default\">\n\t\t\t\t<div class=\"elementor-widget-container\">\n\t\t\t\t\t<h1 class=\"elementor-heading-title elementor-size-default\">Jak urz\u0105dzi\u0107 biuro?<\/h1>\t\t\t\t<\/div>\n\t\t\t\t<\/div>\n\t\t\t\t\t<\/div>\n\t\t<\/div>\n\t\t\t\t\t<\/div>\n\t\t<\/section>\n\t\t\t\t<section class=\"elementor-section elementor-top-section elementor-element elementor-element-7e61098a elementor-section-boxed elementor-section-height-default elementor-section-height-default\" data-id=\"7e61098a\" data-element_type=\"section\">\n\t\t\t\t\t\t<div class=\"elementor-container elementor-column-gap-default\">\n\t\t\t\t\t<div class=\"elementor-column elementor-col-100 elementor-top-column elementor-element elementor-element-627021c6\" data-id=\"627021c6\" data-element_type=\"column\">\n\t\t\t<div class=\"elementor-widget-wrap elementor-element-populated\">\n\t\t\t\t\t\t<div class=\"elementor-element elementor-element-de4df4e elementor-widget elementor-widget-image\" data-id=\"de4df4e\" data-element_type=\"widget\" data-widget_type=\"image.default\">\n\t\t\t\t<div class=\"elementor-widget-container\">\n\t\t\t\t\t\t\t\t\t\t\t\t\t\t\t<img fetchpriority=\"high\" decoding=\"async\" width=\"960\" height=\"540\" src=\"https:\/\/www.tusztusz.pl\/sklepy\/wp-content\/uploads\/2023\/01\/home-office-2804083_960_720.jpg\" class=\"attachment-large size-large wp-image-7290\" alt=\"jak urz\u0105dzi\u0107 biuro\" srcset=\"https:\/\/www.tusztusz.pl\/sklepy\/wp-content\/uploads\/2023\/01\/home-office-2804083_960_720.jpg 960w, https:\/\/www.tusztusz.pl\/sklepy\/wp-content\/uploads\/2023\/01\/home-office-2804083_960_720-300x169.jpg 300w, https:\/\/www.tusztusz.pl\/sklepy\/wp-content\/uploads\/2023\/01\/home-office-2804083_960_720-768x432.jpg 768w\" sizes=\"(max-width: 960px) 100vw, 960px\" \/>\t\t\t\t\t\t\t\t\t\t\t\t\t\t\t<\/div>\n\t\t\t\t<\/div>\n\t\t\t\t\t<\/div>\n\t\t<\/div>\n\t\t\t\t\t<\/div>\n\t\t<\/section>\n\t\t\t\t<section class=\"elementor-section elementor-top-section elementor-element elementor-element-61464b45 elementor-section-boxed elementor-section-height-default elementor-section-height-default\" data-id=\"61464b45\" data-element_type=\"section\">\n\t\t\t\t\t\t<div class=\"elementor-container elementor-column-gap-default\">\n\t\t\t\t\t<div class=\"elementor-column elementor-col-100 elementor-top-column elementor-element elementor-element-2ca74db8\" data-id=\"2ca74db8\" data-element_type=\"column\">\n\t\t\t<div class=\"elementor-widget-wrap elementor-element-populated\">\n\t\t\t\t\t\t<div class=\"elementor-element elementor-element-4b964f7 elementor-widget elementor-widget-text-editor\" data-id=\"4b964f7\" data-element_type=\"widget\" data-widget_type=\"text-editor.default\">\n\t\t\t\t<div class=\"elementor-widget-container\">\n\t\t\t\t\t\t\t\t\t<p><b>Niezale\u017cnie od tego, czy prowadzisz firm\u0119 w domu czy wielopi\u0119trowcu, wa\u017cne by\u0107 m\u0105drze zagospodarowa\u0142 dost\u0119pn\u0105 przestrzeni\u0105. Ma ogromny wp\u0142yw na jako\u015b\u0107 wykonywania pracy. W biurze gromadzi si\u0119 wiele dokumentacji, petenci przychodz\u0105 i pytaj\u0105 o rad\u0119 lub nawi\u0105zuje si\u0119 w niej nowe znajomo\u015bci, prowadz\u0105ce do wsp\u00f3lnych projekt\u00f3w. Dlatego ceni si\u0119 w nim wygod\u0119, komfort i atmosfer\u0119. Jak urz\u0105dzi\u0107 biuro, by spe\u0142nia\u0142o te wymogi i by dla pracownik\u00f3w oraz klient\u00f3w wygl\u0105da\u0142o profesjonalnie?<\/b><\/p>\t\t\t\t\t\t\t\t<\/div>\n\t\t\t\t<\/div>\n\t\t\t\t<div class=\"elementor-element elementor-element-52f71e5 elementor-widget elementor-widget-global elementor-global-5458 elementor-widget-table-of-contents\" data-id=\"52f71e5\" data-element_type=\"widget\" data-settings=\"{&quot;headings_by_tags&quot;:[&quot;h2&quot;],&quot;exclude_headings_by_selector&quot;:&quot;footer&quot;,&quot;marker_view&quot;:&quot;bullets&quot;,&quot;min_height&quot;:{&quot;unit&quot;:&quot;px&quot;,&quot;size&quot;:&quot;0&quot;,&quot;sizes&quot;:[]},&quot;icon&quot;:{&quot;value&quot;:&quot;fas fa-circle&quot;,&quot;library&quot;:&quot;fa-solid&quot;},&quot;no_headings_message&quot;:&quot;No headings were found on this page.&quot;,&quot;hierarchical_view&quot;:&quot;yes&quot;,&quot;min_height_tablet&quot;:{&quot;unit&quot;:&quot;px&quot;,&quot;size&quot;:&quot;&quot;,&quot;sizes&quot;:[]},&quot;min_height_mobile&quot;:{&quot;unit&quot;:&quot;px&quot;,&quot;size&quot;:&quot;&quot;,&quot;sizes&quot;:[]}}\" data-widget_type=\"table-of-contents.default\">\n\t\t\t\t<div class=\"elementor-widget-container\">\n\t\t\t\t\t\t\t<div class=\"elementor-toc__header\">\n\t\t\t<h2 class=\"elementor-toc__header-title\">\n\t\t\t\tSpis tre\u015bci\t\t\t<\/h2>\n\t\t\t\t\t<\/div>\n\t\t<div id=\"elementor-toc__52f71e5\" class=\"elementor-toc__body\">\n\t\t\t<div class=\"elementor-toc__spinner-container\">\n\t\t\t\t<i class=\"elementor-toc__spinner eicon-animation-spin eicon-loading\" aria-hidden=\"true\"><\/i>\t\t\t<\/div>\n\t\t<\/div>\n\t\t\t\t\t\t<\/div>\n\t\t\t\t<\/div>\n\t\t\t\t<div class=\"elementor-element elementor-element-3d2ee1e4 elementor-widget elementor-widget-heading\" data-id=\"3d2ee1e4\" data-element_type=\"widget\" data-widget_type=\"heading.default\">\n\t\t\t\t<div class=\"elementor-widget-container\">\n\t\t\t\t\t<h2 class=\"elementor-heading-title elementor-size-default\">Wygodne biuro daje najlepsze efekty<\/h2>\t\t\t\t<\/div>\n\t\t\t\t<\/div>\n\t\t\t\t<div class=\"elementor-element elementor-element-4e880dd6 elementor-widget elementor-widget-text-editor\" data-id=\"4e880dd6\" data-element_type=\"widget\" data-widget_type=\"text-editor.default\">\n\t\t\t\t<div class=\"elementor-widget-container\">\n\t\t\t\t\t\t\t\t\t<p>Je\u015bli chcesz <b>profesjonalnie urz\u0105dzi\u0107 biuro<\/b>, nie oszcz\u0119dzaj na doborze <b>najwa\u017cniejszych mebli w biurze<\/b>: biurek, <a href=\"https:\/\/www.tusztusz.pl\/sklep\/products\/meble-i-wyposazenie\/krzesla-i-fotele-biurowe\">krzese\u0142 i foteli<\/a>, rega\u0142\u00f3w. Wysoka jako\u015b\u0107 b\u0119dzie si\u0119 przek\u0142ada\u0107 na zdrowie pracownik\u00f3w, a przez to na ich efektywno\u015b\u0107 w pracy. W ka\u017cdym biurze wykonuje si\u0119 wiele powtarzaj\u0105cych si\u0119 czynno\u015bci, a najgorszy w tym wszystkim s\u0105 stres i chaos.\u00a0<\/p>\t\t\t\t\t\t\t\t<\/div>\n\t\t\t\t<\/div>\n\t\t\t\t<div class=\"elementor-element elementor-element-474fa068 elementor-widget elementor-widget-spacer\" data-id=\"474fa068\" data-element_type=\"widget\" data-widget_type=\"spacer.default\">\n\t\t\t\t<div class=\"elementor-widget-container\">\n\t\t\t\t\t\t\t<div class=\"elementor-spacer\">\n\t\t\t<div class=\"elementor-spacer-inner\"><\/div>\n\t\t<\/div>\n\t\t\t\t\t\t<\/div>\n\t\t\t\t<\/div>\n\t\t\t\t<div class=\"elementor-element elementor-element-7469eab6 elementor-alert-success elementor-widget elementor-widget-alert\" data-id=\"7469eab6\" data-element_type=\"widget\" data-widget_type=\"alert.default\">\n\t\t\t\t<div class=\"elementor-widget-container\">\n\t\t\t\t\t\t\t<div class=\"elementor-alert\" role=\"alert\">\n\n\t\t\t\t\t\t<span class=\"elementor-alert-title\">Ciekawostka<\/span>\n\t\t\t\n\t\t\t\t\t\t<span class=\"elementor-alert-description\">Uporz\u0105dkowana przestrze\u0144 pozwala lepiej odnajdywa\u0107 si\u0119 w niespodziewanych sytuacjach, a tak\u017ce dodaje pewno\u015bci siebie.<\/span>\n\t\t\t\n\t\t\t\n\t\t<\/div>\n\t\t\t\t\t\t<\/div>\n\t\t\t\t<\/div>\n\t\t\t\t<div class=\"elementor-element elementor-element-4a25b0eb elementor-widget elementor-widget-text-editor\" data-id=\"4a25b0eb\" data-element_type=\"widget\" data-widget_type=\"text-editor.default\">\n\t\t\t\t<div class=\"elementor-widget-container\">\n\t\t\t\t\t\t\t\t\t<p>Je\u015bli Tw\u00f3j pracownik b\u0119dzie mia\u0142 wystarczaj\u0105co miejsca na sprawne przechowywanie wa\u017cnych dokument\u00f3w, a jego docelowe miejsce pracy (blat biurka) pozostanie czyste, na pewno poczuje si\u0119 bardziej komfortowo, a stres podczas szukania konkretnej teczki czy segregatora b\u0119dzie znikomy. Zatem <b>szerokie i solidne biurko<\/b> z p\u00f3\u0142kami i szufladami, z miejscem na regulowan\u0105 lamp\u0119 powinny znale\u017a\u0107 si\u0119 z li\u015bcie zakup\u00f3w.\u00a0<\/p>\t\t\t\t\t\t\t\t<\/div>\n\t\t\t\t<\/div>\n\t\t\t\t<div class=\"elementor-element elementor-element-363b2816 elementor-widget elementor-widget-image\" data-id=\"363b2816\" data-element_type=\"widget\" data-widget_type=\"image.default\">\n\t\t\t\t<div class=\"elementor-widget-container\">\n\t\t\t\t\t\t\t\t\t\t\t\t\t\t\t<img decoding=\"async\" width=\"960\" height=\"640\" data-src=\"https:\/\/www.tusztusz.pl\/sklepy\/wp-content\/uploads\/2023\/01\/biuro.jpg\" class=\"attachment-large size-large wp-image-7288 lazyload\" alt=\"Jak urz\u0105dzi\u0107 biuro\" data-srcset=\"https:\/\/www.tusztusz.pl\/sklepy\/wp-content\/uploads\/2023\/01\/biuro.jpg 960w, https:\/\/www.tusztusz.pl\/sklepy\/wp-content\/uploads\/2023\/01\/biuro-300x200.jpg 300w, https:\/\/www.tusztusz.pl\/sklepy\/wp-content\/uploads\/2023\/01\/biuro-768x512.jpg 768w\" data-sizes=\"(max-width: 960px) 100vw, 960px\" src=\"data:image\/gif;base64,R0lGODlhAQABAAAAACH5BAEKAAEALAAAAAABAAEAAAICTAEAOw==\" style=\"--smush-placeholder-width: 960px; --smush-placeholder-aspect-ratio: 960\/640;\" \/>\t\t\t\t\t\t\t\t\t\t\t\t\t\t\t<\/div>\n\t\t\t\t<\/div>\n\t\t\t\t<div class=\"elementor-element elementor-element-2b189bb2 elementor-widget elementor-widget-heading\" data-id=\"2b189bb2\" data-element_type=\"widget\" data-widget_type=\"heading.default\">\n\t\t\t\t<div class=\"elementor-widget-container\">\n\t\t\t\t\t<h2 class=\"elementor-heading-title elementor-size-default\">Jak urz\u0105dzi\u0107 biuro, \u017ceby by\u0142o funkcjonalne?<\/h2>\t\t\t\t<\/div>\n\t\t\t\t<\/div>\n\t\t\t\t<div class=\"elementor-element elementor-element-6092f69a elementor-widget elementor-widget-text-editor\" data-id=\"6092f69a\" data-element_type=\"widget\" data-widget_type=\"text-editor.default\">\n\t\t\t\t<div class=\"elementor-widget-container\">\n\t\t\t\t\t\t\t\t\t<p>Praktyczno\u015b\u0107 to podstawa. <b>Na pierwszym miejscu zajmij si\u0119 o\u015bwietleniem<\/b>. To ono skupia uwag\u0119 i nie pozwala zbyt \u0142atwo oderwa\u0107 g\u0142owy od obowi\u0105zk\u00f3w. Oczywi\u015bcie nie przesad\u017a z nat\u0119\u017ceniem \u015bwiat\u0142a. Je\u015bli jest taka mo\u017cliwo\u015b\u0107, <b>wykorzystuj<\/b> r\u00f3wnie\u017c <b>naturalne \u015bwiat\u0142o<\/b>. Niemniej, na biurku powinno znale\u017a\u0107 si\u0119 wystarczaj\u0105co du\u017co miejsca, by ustawi\u0107 jedn\u0105 lub nawet dwie lampi, z zale\u017cno\u015bci od potrzeb. W biurach o charakterze artystycznym mo\u017ce przyda\u0107 nieco wi\u0119cej punktowego o\u015bwietlenia.<\/p>\t\t\t\t\t\t\t\t<\/div>\n\t\t\t\t<\/div>\n\t\t\t\t<div class=\"elementor-element elementor-element-41139461 elementor-alert-success elementor-widget elementor-widget-alert\" data-id=\"41139461\" data-element_type=\"widget\" data-widget_type=\"alert.default\">\n\t\t\t\t<div class=\"elementor-widget-container\">\n\t\t\t\t\t\t\t<div class=\"elementor-alert\" role=\"alert\">\n\n\t\t\t\t\t\t<span class=\"elementor-alert-title\">Zwr\u00f3\u0107 uwag\u0119 na..<\/span>\n\t\t\t\n\t\t\t\t\t\t<span class=\"elementor-alert-description\">Nale\u017cy rozs\u0105dnie ustawi\u0107 meble w biurze. Stoliki nie powinny by\u0107 usytuowane zbyt blisko siebie, ale maj\u0105 te\u017c pozwala\u0107 na swobodne poruszanie si\u0119 po pomieszczeniu, np. \u017ceby bez przeszk\u00f3d obs\u0142ugiwa\u0107 r\u00f3\u017cne urz\u0105dzenia.<\/span>\n\t\t\t\n\t\t\t\n\t\t<\/div>\n\t\t\t\t\t\t<\/div>\n\t\t\t\t<\/div>\n\t\t\t\t<div class=\"elementor-element elementor-element-5060b425 elementor-widget elementor-widget-spacer\" data-id=\"5060b425\" data-element_type=\"widget\" data-widget_type=\"spacer.default\">\n\t\t\t\t<div class=\"elementor-widget-container\">\n\t\t\t\t\t\t\t<div class=\"elementor-spacer\">\n\t\t\t<div class=\"elementor-spacer-inner\"><\/div>\n\t\t<\/div>\n\t\t\t\t\t\t<\/div>\n\t\t\t\t<\/div>\n\t\t\t\t<div class=\"elementor-element elementor-element-198c4699 elementor-widget-divider--view-line elementor-widget elementor-widget-divider\" data-id=\"198c4699\" data-element_type=\"widget\" data-widget_type=\"divider.default\">\n\t\t\t\t<div class=\"elementor-widget-container\">\n\t\t\t\t\t\t\t<div class=\"elementor-divider\">\n\t\t\t<span class=\"elementor-divider-separator\">\n\t\t\t\t\t\t<\/span>\n\t\t<\/div>\n\t\t\t\t\t\t<\/div>\n\t\t\t\t<\/div>\n\t\t\t\t<div class=\"elementor-element elementor-element-68b98875 elementor-widget elementor-widget-text-editor\" data-id=\"68b98875\" data-element_type=\"widget\" data-widget_type=\"text-editor.default\">\n\t\t\t\t<div class=\"elementor-widget-container\">\n\t\t\t\t\t\t\t\t\t<p><strong>Artyku\u0142y powi\u0105zane:<\/strong><\/p><p><a href=\"https:\/\/www.tusztusz.pl\/sklepy\/blog\/zobacz-jak-wymienic-toner-w-drukarce-samsung-clp-320\/\">&gt;&gt;\u00a0 Zobacz, ja wymieni\u0107 toner w drukarce Samsung CLP-320<\/a><\/p><p><a href=\"https:\/\/www.tusztusz.pl\/sklepy\/blog\/jak-zadbac-o-drukarke-w-nowym-roku\/\">&gt;&gt; Dowiedz si\u0119, jak zadba\u0107 o drukark\u0119 w nowym roku?<\/a><\/p><p><a href=\"https:\/\/www.tusztusz.pl\/sklepy\/blog\/jak-dbac-o-drukarke-atramentowa\/\">&gt;&gt; Jak dba\u0107 o drukark\u0119 atramentow\u0105?<\/a><\/p>\t\t\t\t\t\t\t\t<\/div>\n\t\t\t\t<\/div>\n\t\t\t\t<div class=\"elementor-element elementor-element-7acd5ee0 elementor-widget-divider--view-line elementor-widget elementor-widget-divider\" data-id=\"7acd5ee0\" data-element_type=\"widget\" data-widget_type=\"divider.default\">\n\t\t\t\t<div class=\"elementor-widget-container\">\n\t\t\t\t\t\t\t<div class=\"elementor-divider\">\n\t\t\t<span class=\"elementor-divider-separator\">\n\t\t\t\t\t\t<\/span>\n\t\t<\/div>\n\t\t\t\t\t\t<\/div>\n\t\t\t\t<\/div>\n\t\t\t\t<div class=\"elementor-element elementor-element-28dc8612 elementor-widget elementor-widget-text-editor\" data-id=\"28dc8612\" data-element_type=\"widget\" data-widget_type=\"text-editor.default\">\n\t\t\t\t<div class=\"elementor-widget-container\">\n\t\t\t\t\t\t\t\t\t<p>Warto te\u017c wyposa\u017cy\u0107 biuro w niekt\u00f3re sprz\u0119ty i artyku\u0142y, kt\u00f3re u\u017cywamy codziennie. Ich niedob\u00f3r wp\u0142ywa bardzo niekorzystnie na proces pracy, dlatego pomy\u015bl r\u00f3wnie\u017c o schowkach, gdzie znajd\u0105 si\u0119 zapasowe sztuki artyku\u0142\u00f3w biurowych, kable, przej\u015bci\u00f3wki lub powerbanki czy\u00a0<a href=\"https:\/\/www.tusztusz.pl\/sklep\/products\/tusze-tonery-i-inne\" target=\"_blank\" rel=\"noopener\">cz\u0119\u015bci zamienne do drukarek<\/a>.<br \/>Do takich <b>niezb\u0119dnych sprz\u0119t\u00f3w biurowych<\/b> nale\u017c\u0105: komputer, drukarka lub skaner. W wi\u0119kszych biurach dobrze sprawdzi si\u0119 urz\u0105dzenie wielofunkcyjne. W sk\u0142ad <b>artyku\u0142\u00f3w biurowych<\/b> wchodz\u0105: segregatory, przyborniki, zapasowe ryzy papieru do drukowania, tonery, tusze, pineski, spinacze, wszelkie przybory do pisania. To wszystko musi mie\u0107 swoje miejsce, niekoniecznie na widoku oczu potencjalnego petenta. Zawsze pod r\u0119k\u0105, ale schowane.<\/p>\t\t\t\t\t\t\t\t<\/div>\n\t\t\t\t<\/div>\n\t\t\t\t<div class=\"elementor-element elementor-element-1432890d elementor-widget elementor-widget-image\" data-id=\"1432890d\" data-element_type=\"widget\" data-widget_type=\"image.default\">\n\t\t\t\t<div class=\"elementor-widget-container\">\n\t\t\t\t\t\t\t\t\t\t\t\t\t\t\t<img decoding=\"async\" width=\"960\" height=\"578\" data-src=\"https:\/\/www.tusztusz.pl\/sklepy\/wp-content\/uploads\/2023\/01\/biuro-biurko.jpg\" class=\"attachment-large size-large wp-image-7291 lazyload\" alt=\"jak urz\u0105dzi\u0107 biuro\" data-srcset=\"https:\/\/www.tusztusz.pl\/sklepy\/wp-content\/uploads\/2023\/01\/biuro-biurko.jpg 960w, https:\/\/www.tusztusz.pl\/sklepy\/wp-content\/uploads\/2023\/01\/biuro-biurko-300x181.jpg 300w, https:\/\/www.tusztusz.pl\/sklepy\/wp-content\/uploads\/2023\/01\/biuro-biurko-768x462.jpg 768w\" data-sizes=\"(max-width: 960px) 100vw, 960px\" src=\"data:image\/gif;base64,R0lGODlhAQABAAAAACH5BAEKAAEALAAAAAABAAEAAAICTAEAOw==\" style=\"--smush-placeholder-width: 960px; --smush-placeholder-aspect-ratio: 960\/578;\" \/>\t\t\t\t\t\t\t\t\t\t\t\t\t\t\t<\/div>\n\t\t\t\t<\/div>\n\t\t\t\t<div class=\"elementor-element elementor-element-1e42dd92 elementor-widget elementor-widget-text-editor\" data-id=\"1e42dd92\" data-element_type=\"widget\" data-widget_type=\"text-editor.default\">\n\t\t\t\t<div class=\"elementor-widget-container\">\n\t\t\t\t\t\t\t\t\t<p>Postaraj si\u0119 tak\u017ce wykorzystywa\u0107 ka\u017cd\u0105 dost\u0119pn\u0105 Ci przestrze\u0144. Nie ma co kupowa\u0107 wielu mebli, kt\u00f3re b\u0119d\u0105 ciasno sta\u0142y obok siebie. <b>Kieruj si\u0119 funkcjonalnym minimalizmem<\/b>. W praktyce oznacza to tyle, \u017ce je\u015bli dostrzegasz puste miejsce na \u015bcianie, na kt\u00f3rym zmie\u015bci si\u0119 wisz\u0105ca p\u00f3\u0142ka na teczki, przybory lub mniejsze segregatory, to je wykorzystaj. Na \u015bcianie warto te\u017c powiesi\u0107 kalendarz i zegar, co u\u0142atwi ustalanie wa\u017cnych termin\u00f3w i spotka\u0144 w ci\u0105gu roku.<\/p>\t\t\t\t\t\t\t\t<\/div>\n\t\t\t\t<\/div>\n\t\t\t\t<div class=\"elementor-element elementor-element-2fe334e8 elementor-widget elementor-widget-heading\" data-id=\"2fe334e8\" data-element_type=\"widget\" data-widget_type=\"heading.default\">\n\t\t\t\t<div class=\"elementor-widget-container\">\n\t\t\t\t\t<h2 class=\"elementor-heading-title elementor-size-default\">Ergonomia w biurze\n<\/h2>\t\t\t\t<\/div>\n\t\t\t\t<\/div>\n\t\t\t\t<div class=\"elementor-element elementor-element-4e08d87 elementor-widget elementor-widget-text-editor\" data-id=\"4e08d87\" data-element_type=\"widget\" data-widget_type=\"text-editor.default\">\n\t\t\t\t<div class=\"elementor-widget-container\">\n\t\t\t\t\t\t\t\t\t<p>Na osobne miejsce zas\u0142uguje <b>fotel, w kt\u00f3rym wi\u0119kszo\u015b\u0107 sp\u0119dza ok. 7-8 godzin dziennie<\/b>. \u017bmudna praca biurowa wymaga utrzymania okre\u015blonej pozycji cia\u0142a. Pozycja siedz\u0105ca stanowi du\u017ce wyzwanie dla kr\u0119gos\u0142upa, dlatego zaleca si\u0119 korzystanie z<b> foteli o ergonomicznym kszta\u0142cie z mo\u017cliwo\u015bci\u0105 regulacji<\/b> siedziska i oparcia w dowolnym momencie. Nale\u017cy od czasu do czasu zmienia\u0107 swoj\u0105 pozycj\u0119, przej\u015b\u0107 si\u0119 lub zmieni\u0107 miejsce na czas przerwy. Pomocne mog\u0105 okaza\u0107 niekt\u00f3re dodatki, takie jak: <a href=\"https:\/\/www.tusztusz.pl\/sklep\/products\/meble-i-wyposazenie\">podstawki pod komputery, podp\u00f3rki pod plecy, uchwyty do dokument\u00f3w<\/a>.<\/p><p>Swoboda poruszania si\u0119 po biurze ma jeszcze jedn\u0105 istotn\u0105 zale\u017cno\u015b\u0107 &#8211; <b>poszczeg\u00f3lne pomieszczenia i ich wyposa\u017cenie s\u0142u\u017c\u0105 konkretnym celom<\/b>. Je\u015bli posiadasz tak\u0105 mo\u017cliwo\u015b\u0107, stw\u00f3rz pokoje przeznaczone do konkretnym zadaniom. Praktyczne stanie<b> salka konferencyjna<\/b>, w kt\u00f3rym b\u0119d\u0105 si\u0119 odbywa\u0107 zebrania ca\u0142ego zespo\u0142u np. dotycz\u0105cego opracowania strategii b\u0105d\u017a projektu. Dlatego wa\u017cne, by w salce konferencyjnej znalaz\u0142 si\u0119 <b>du\u017cy st\u00f3\u0142<\/b>, przy kt\u00f3rym ka\u017cdy znajdzie dla siebie miejsce. Do tego przydadz\u0105 si\u0119 <a href=\"https:\/\/www.tusztusz.pl\/sklep\/products\/meble-i-wyposazenie\/tablice-suchoscieralne\">tablice sucho\u015bcieralne<\/a> do spisywania pomys\u0142\u00f3w, rzutniki, <a href=\"https:\/\/www.tusztusz.pl\/sklep\/products\/meble-i-wyposazenie\/flipcharty\">flipcharty<\/a>, zestaw g\u0142o\u015bnom\u00f3wi\u0105cy, a tak\u017ce przed\u0142u\u017cacze, by wszyscy mieli dost\u0119p do pr\u0105du podczas spotkania.\u00a0<\/p><p>\u00a0<\/p>\t\t\t\t\t\t\t\t<\/div>\n\t\t\t\t<\/div>\n\t\t\t\t<div class=\"elementor-element elementor-element-a3b5c34 elementor-widget elementor-widget-spacer\" data-id=\"a3b5c34\" data-element_type=\"widget\" data-widget_type=\"spacer.default\">\n\t\t\t\t<div class=\"elementor-widget-container\">\n\t\t\t\t\t\t\t<div class=\"elementor-spacer\">\n\t\t\t<div class=\"elementor-spacer-inner\"><\/div>\n\t\t<\/div>\n\t\t\t\t\t\t<\/div>\n\t\t\t\t<\/div>\n\t\t\t\t<div class=\"elementor-element elementor-element-c3f84d7 elementor-widget elementor-widget-image\" data-id=\"c3f84d7\" data-element_type=\"widget\" data-widget_type=\"image.default\">\n\t\t\t\t<div class=\"elementor-widget-container\">\n\t\t\t\t\t\t\t\t\t\t\t\t\t\t\t<img decoding=\"async\" width=\"960\" height=\"640\" data-src=\"https:\/\/www.tusztusz.pl\/sklepy\/wp-content\/uploads\/2023\/01\/biuro-chill.jpg\" class=\"attachment-large size-large wp-image-7322 lazyload\" alt=\"Jak urz\u0105dzi\u0107 biuro\" data-srcset=\"https:\/\/www.tusztusz.pl\/sklepy\/wp-content\/uploads\/2023\/01\/biuro-chill.jpg 960w, https:\/\/www.tusztusz.pl\/sklepy\/wp-content\/uploads\/2023\/01\/biuro-chill-300x200.jpg 300w, https:\/\/www.tusztusz.pl\/sklepy\/wp-content\/uploads\/2023\/01\/biuro-chill-768x512.jpg 768w\" data-sizes=\"(max-width: 960px) 100vw, 960px\" src=\"data:image\/gif;base64,R0lGODlhAQABAAAAACH5BAEKAAEALAAAAAABAAEAAAICTAEAOw==\" style=\"--smush-placeholder-width: 960px; --smush-placeholder-aspect-ratio: 960\/640;\" \/>\t\t\t\t\t\t\t\t\t\t\t\t\t\t\t<\/div>\n\t\t\t\t<\/div>\n\t\t\t\t<div class=\"elementor-element elementor-element-df5a594 elementor-widget elementor-widget-heading\" data-id=\"df5a594\" data-element_type=\"widget\" data-widget_type=\"heading.default\">\n\t\t\t\t<div class=\"elementor-widget-container\">\n\t\t\t\t\t<h3 class=\"elementor-heading-title elementor-size-default\">Co daje Chill Room?<\/h3>\t\t\t\t<\/div>\n\t\t\t\t<\/div>\n\t\t\t\t<div class=\"elementor-element elementor-element-397fefc elementor-widget elementor-widget-text-editor\" data-id=\"397fefc\" data-element_type=\"widget\" data-widget_type=\"text-editor.default\">\n\t\t\t\t<div class=\"elementor-widget-container\">\n\t\t\t\t\t\t\t\t\t<p>To nic innego jak pok\u00f3j socjalny, w kt\u00f3rej <b>pracownik mo\u017ce regenerowa\u0107 swoje si\u0142y<\/b> &#8211; wygodnie zrelaksowa\u0107 si\u0119, robi\u0105c sobie ma\u0142\u0105 <b>przerw\u0119 od pracy<\/b>. To wa\u017cna cz\u0119\u015b\u0107 ka\u017cdego biura. Kr\u00f3tki wypoczynek dodaje energii, niweluje napi\u0119cie i pozwala na chwil\u0119 oderwa\u0107 si\u0119 od nat\u0142oku rozm\u00f3w i ha\u0142asu. Mo\u017cna w nim <b>zje\u015b\u0107 ciep\u0142y posi\u0142ek czy napi\u0107 si\u0119 kawy<\/b> lub herabty. Dlatego chill room warto wyposa\u017cy\u0107 w ekspresy, czajniki i niekt\u00f3re <a href=\"https:\/\/www.tusztusz.pl\/sklep\/products\/spozywcze\">produkty spo\u017cywcze<\/a>, takie jak: wod\u0119, kaw\u0119, herbaty i drobne przek\u0105ski.<\/p><p><span style=\"font-size: 18px;font-style: normal;font-weight: 400\">Styl wn\u0119trza Twojego biura mo\u017ce by\u0107 zatem minimalistyczny.\u00a0<\/span><span style=\"font-size: 18px;font-style: normal\"><b>Aran\u017cuj\u0105c ma\u0142e pokoje, wybieraj jasne kolory. Ciemniejsze odcienie lepiej sprawdz\u0105 si\u0119 w du\u017cych pomieszczeniach<\/b><\/span><span style=\"font-size: 18px;font-style: normal;font-weight: 400\">. Na poczucie komfortu wp\u0142ywaj\u0105 te\u017c drobne dodatki w postaci wieszak\u00f3w, koszy na \u015bmieci, tabliczek informacyjnych czy zwyk\u0142y czajnik do kawy. Socjalne zaopatrzenie pomaga poczu\u0107 <\/span><span style=\"font-size: 18px;font-style: normal\"><b>przyjazn\u0105 atmosfer\u0119<\/b><\/span><span style=\"font-size: 18px;font-style: normal;font-weight: 400\">.<\/span><\/p>\t\t\t\t\t\t\t\t<\/div>\n\t\t\t\t<\/div>\n\t\t\t\t<div class=\"elementor-element elementor-element-9c80c14 elementor-widget elementor-widget-spacer\" data-id=\"9c80c14\" data-element_type=\"widget\" data-widget_type=\"spacer.default\">\n\t\t\t\t<div class=\"elementor-widget-container\">\n\t\t\t\t\t\t\t<div class=\"elementor-spacer\">\n\t\t\t<div class=\"elementor-spacer-inner\"><\/div>\n\t\t<\/div>\n\t\t\t\t\t\t<\/div>\n\t\t\t\t<\/div>\n\t\t\t\t\t<\/div>\n\t\t<\/div>\n\t\t\t\t\t<\/div>\n\t\t<\/section>\n\t\t\t\t<section class=\"elementor-section elementor-top-section elementor-element elementor-element-3298d801 elementor-section-boxed elementor-section-height-default elementor-section-height-default\" data-id=\"3298d801\" data-element_type=\"section\" data-settings=\"{&quot;background_background&quot;:&quot;classic&quot;}\">\n\t\t\t\t\t\t<div class=\"elementor-container elementor-column-gap-default\">\n\t\t\t\t\t<div class=\"elementor-column elementor-col-20 elementor-top-column elementor-element elementor-element-68564fe8\" data-id=\"68564fe8\" data-element_type=\"column\">\n\t\t\t<div class=\"elementor-widget-wrap elementor-element-populated\">\n\t\t\t\t\t\t<div class=\"elementor-element elementor-element-232debad elementor-widget elementor-widget-text-editor\" data-id=\"232debad\" data-element_type=\"widget\" data-widget_type=\"text-editor.default\">\n\t\t\t\t<div class=\"elementor-widget-container\">\n\t\t\t\t\t\t\t\t\t<p><a href=\"https:\/\/www.tusztusz.pl\/sklep\/product\/803,krzeslo-polyfold\">Krzes\u0142o obrotowe czarne<\/a><\/p>\t\t\t\t\t\t\t\t<\/div>\n\t\t\t\t<\/div>\n\t\t\t\t<div class=\"elementor-element elementor-element-3649f5ca elementor-widget elementor-widget-image\" data-id=\"3649f5ca\" data-element_type=\"widget\" data-widget_type=\"image.default\">\n\t\t\t\t<div class=\"elementor-widget-container\">\n\t\t\t\t\t\t\t\t\t\t\t\t\t\t\t<img decoding=\"async\" width=\"150\" height=\"150\" data-src=\"https:\/\/www.tusztusz.pl\/sklepy\/wp-content\/uploads\/2023\/01\/krzeslo-biuro-150x150.jpg\" class=\"attachment-thumbnail size-thumbnail wp-image-7292 lazyload\" alt=\"jak urz\u0105dzi\u0107 biuro krzes\u0142o\" src=\"data:image\/gif;base64,R0lGODlhAQABAAAAACH5BAEKAAEALAAAAAABAAEAAAICTAEAOw==\" style=\"--smush-placeholder-width: 150px; --smush-placeholder-aspect-ratio: 150\/150;\" \/>\t\t\t\t\t\t\t\t\t\t\t\t\t\t\t<\/div>\n\t\t\t\t<\/div>\n\t\t\t\t<div class=\"elementor-element elementor-element-6059ff4a elementor-widget elementor-widget-text-editor\" data-id=\"6059ff4a\" data-element_type=\"widget\" data-widget_type=\"text-editor.default\">\n\t\t\t\t<div class=\"elementor-widget-container\">\n\t\t\t\t\t\t\t\t\t<strong><a href=\"https:\/\/www.tusztusz.pl\/sklep\/product\/803,krzeslo-polyfold\">Zobacz cen\u0119 &gt;&gt;&gt;<\/a><\/strong>\t\t\t\t\t\t\t\t<\/div>\n\t\t\t\t<\/div>\n\t\t\t\t\t<\/div>\n\t\t<\/div>\n\t\t\t\t<div class=\"elementor-column elementor-col-20 elementor-top-column elementor-element elementor-element-6334b1f2\" data-id=\"6334b1f2\" data-element_type=\"column\">\n\t\t\t<div class=\"elementor-widget-wrap elementor-element-populated\">\n\t\t\t\t\t\t<div class=\"elementor-element elementor-element-42ce2a89 elementor-widget elementor-widget-text-editor\" data-id=\"42ce2a89\" data-element_type=\"widget\" data-widget_type=\"text-editor.default\">\n\t\t\t\t<div class=\"elementor-widget-container\">\n\t\t\t\t\t\t\t\t\t<p><a href=\"https:\/\/www.tusztusz.pl\/sklep\/product\/28902,podstawa-na-notebook-office-suit\">Podstawa pod Notebook Office<\/a><\/p>\t\t\t\t\t\t\t\t<\/div>\n\t\t\t\t<\/div>\n\t\t\t\t<div class=\"elementor-element elementor-element-32bacc09 elementor-widget elementor-widget-image\" data-id=\"32bacc09\" data-element_type=\"widget\" data-widget_type=\"image.default\">\n\t\t\t\t<div class=\"elementor-widget-container\">\n\t\t\t\t\t\t\t\t\t\t\t\t\t\t\t<img decoding=\"async\" width=\"150\" height=\"150\" data-src=\"https:\/\/www.tusztusz.pl\/sklepy\/wp-content\/uploads\/2023\/01\/podstawa-150x150.jpg\" class=\"attachment-thumbnail size-thumbnail wp-image-7293 lazyload\" alt=\"jak urz\u0105dzi\u0107 biuro podstawka\" data-srcset=\"https:\/\/www.tusztusz.pl\/sklepy\/wp-content\/uploads\/2023\/01\/podstawa-150x150.jpg 150w, https:\/\/www.tusztusz.pl\/sklepy\/wp-content\/uploads\/2023\/01\/podstawa-300x300.jpg 300w, https:\/\/www.tusztusz.pl\/sklepy\/wp-content\/uploads\/2023\/01\/podstawa-768x768.jpg 768w, https:\/\/www.tusztusz.pl\/sklepy\/wp-content\/uploads\/2023\/01\/podstawa.jpg 850w\" data-sizes=\"(max-width: 150px) 100vw, 150px\" src=\"data:image\/gif;base64,R0lGODlhAQABAAAAACH5BAEKAAEALAAAAAABAAEAAAICTAEAOw==\" style=\"--smush-placeholder-width: 150px; --smush-placeholder-aspect-ratio: 150\/150;\" \/>\t\t\t\t\t\t\t\t\t\t\t\t\t\t\t<\/div>\n\t\t\t\t<\/div>\n\t\t\t\t<div class=\"elementor-element elementor-element-78745e81 elementor-widget elementor-widget-text-editor\" data-id=\"78745e81\" data-element_type=\"widget\" data-widget_type=\"text-editor.default\">\n\t\t\t\t<div class=\"elementor-widget-container\">\n\t\t\t\t\t\t\t\t\t<strong><a href=\"https:\/\/www.tusztusz.pl\/sklep\/product\/28902,podstawa-na-notebook-office-suit\">Zobacz cen\u0119 &gt;&gt;&gt;<\/a><\/strong>\t\t\t\t\t\t\t\t<\/div>\n\t\t\t\t<\/div>\n\t\t\t\t\t<\/div>\n\t\t<\/div>\n\t\t\t\t<div class=\"elementor-column elementor-col-20 elementor-top-column elementor-element elementor-element-1c7c11b\" data-id=\"1c7c11b\" data-element_type=\"column\">\n\t\t\t<div class=\"elementor-widget-wrap elementor-element-populated\">\n\t\t\t\t\t\t<div class=\"elementor-element elementor-element-162e349b elementor-widget elementor-widget-text-editor\" data-id=\"162e349b\" data-element_type=\"widget\" data-widget_type=\"text-editor.default\">\n\t\t\t\t<div class=\"elementor-widget-container\">\n\t\t\t\t\t\t\t\t\t<p><a href=\"https:\/\/www.tusztusz.pl\/sklep\/product\/293,kostka-wklad-papierowy-has\">Kostka &#8211; wk\u0142ad papierowy<\/a><\/p>\t\t\t\t\t\t\t\t<\/div>\n\t\t\t\t<\/div>\n\t\t\t\t<div class=\"elementor-element elementor-element-21a0f97a elementor-widget elementor-widget-image\" data-id=\"21a0f97a\" data-element_type=\"widget\" data-widget_type=\"image.default\">\n\t\t\t\t<div class=\"elementor-widget-container\">\n\t\t\t\t\t\t\t\t\t\t\t\t\t\t\t<img decoding=\"async\" width=\"150\" height=\"150\" data-src=\"https:\/\/www.tusztusz.pl\/sklepy\/wp-content\/uploads\/2023\/01\/kartki-150x150.jpg\" class=\"attachment-thumbnail size-thumbnail wp-image-7294 lazyload\" alt=\"\" data-srcset=\"https:\/\/www.tusztusz.pl\/sklepy\/wp-content\/uploads\/2023\/01\/kartki-150x150.jpg 150w, https:\/\/www.tusztusz.pl\/sklepy\/wp-content\/uploads\/2023\/01\/kartki-300x300.jpg 300w, https:\/\/www.tusztusz.pl\/sklepy\/wp-content\/uploads\/2023\/01\/kartki.jpg 500w\" data-sizes=\"(max-width: 150px) 100vw, 150px\" src=\"data:image\/gif;base64,R0lGODlhAQABAAAAACH5BAEKAAEALAAAAAABAAEAAAICTAEAOw==\" style=\"--smush-placeholder-width: 150px; --smush-placeholder-aspect-ratio: 150\/150;\" \/>\t\t\t\t\t\t\t\t\t\t\t\t\t\t\t<\/div>\n\t\t\t\t<\/div>\n\t\t\t\t<div class=\"elementor-element elementor-element-5c2f2d11 elementor-widget elementor-widget-text-editor\" data-id=\"5c2f2d11\" data-element_type=\"widget\" data-widget_type=\"text-editor.default\">\n\t\t\t\t<div class=\"elementor-widget-container\">\n\t\t\t\t\t\t\t\t\t<strong><a href=\"https:\/\/www.tusztusz.pl\/sklep\/product\/27493,marker-kredhttps:\/\/www.tusztusz.pl\/sklep\/product\/293,kostka-wklad-papierowy-hasowy-smw26\">Zobacz cen\u0119 &gt;&gt;&gt;<\/a><\/strong>\t\t\t\t\t\t\t\t<\/div>\n\t\t\t\t<\/div>\n\t\t\t\t\t<\/div>\n\t\t<\/div>\n\t\t\t\t<div class=\"elementor-column elementor-col-20 elementor-top-column elementor-element elementor-element-23cfdfd4\" data-id=\"23cfdfd4\" data-element_type=\"column\">\n\t\t\t<div class=\"elementor-widget-wrap elementor-element-populated\">\n\t\t\t\t\t\t<div class=\"elementor-element elementor-element-28f73d62 elementor-widget elementor-widget-text-editor\" data-id=\"28f73d62\" data-element_type=\"widget\" data-widget_type=\"text-editor.default\">\n\t\t\t\t<div class=\"elementor-widget-container\">\n\t\t\t\t\t\t\t\t\t<p><a href=\"https:\/\/www.tusztusz.pl\/sklep\/product\/31251,segregator-biurowy-50-mm-a4-nr\">Segregator biurowy 50 MM\/A4<\/a><\/p>\t\t\t\t\t\t\t\t<\/div>\n\t\t\t\t<\/div>\n\t\t\t\t<div class=\"elementor-element elementor-element-19272b12 elementor-widget elementor-widget-image\" data-id=\"19272b12\" data-element_type=\"widget\" data-widget_type=\"image.default\">\n\t\t\t\t<div class=\"elementor-widget-container\">\n\t\t\t\t\t\t\t\t\t\t\t\t\t\t\t<img decoding=\"async\" width=\"150\" height=\"150\" data-src=\"https:\/\/www.tusztusz.pl\/sklepy\/wp-content\/uploads\/2023\/01\/segregator-150x150.jpg\" class=\"attachment-thumbnail size-thumbnail wp-image-7295 lazyload\" alt=\"jak urz\u0105dzi\u0107 biuro segregator\" data-srcset=\"https:\/\/www.tusztusz.pl\/sklepy\/wp-content\/uploads\/2023\/01\/segregator-150x150.jpg 150w, https:\/\/www.tusztusz.pl\/sklepy\/wp-content\/uploads\/2023\/01\/segregator-300x300.jpg 300w, https:\/\/www.tusztusz.pl\/sklepy\/wp-content\/uploads\/2023\/01\/segregator-768x768.jpg 768w, https:\/\/www.tusztusz.pl\/sklepy\/wp-content\/uploads\/2023\/01\/segregator.jpg 850w\" data-sizes=\"(max-width: 150px) 100vw, 150px\" src=\"data:image\/gif;base64,R0lGODlhAQABAAAAACH5BAEKAAEALAAAAAABAAEAAAICTAEAOw==\" style=\"--smush-placeholder-width: 150px; --smush-placeholder-aspect-ratio: 150\/150;\" \/>\t\t\t\t\t\t\t\t\t\t\t\t\t\t\t<\/div>\n\t\t\t\t<\/div>\n\t\t\t\t<div class=\"elementor-element elementor-element-1d92e71d elementor-widget elementor-widget-text-editor\" data-id=\"1d92e71d\" data-element_type=\"widget\" data-widget_type=\"text-editor.default\">\n\t\t\t\t<div class=\"elementor-widget-container\">\n\t\t\t\t\t\t\t\t\t<strong><a href=\"https:\/\/www.tusztusz.pl\/sklep\/product\/31251,segregator-biurowy-50-mm-a4-nr\">Zobacz cen\u0119 &gt;&gt;&gt;<\/a><\/strong>\t\t\t\t\t\t\t\t<\/div>\n\t\t\t\t<\/div>\n\t\t\t\t\t<\/div>\n\t\t<\/div>\n\t\t\t\t<div class=\"elementor-column elementor-col-20 elementor-top-column elementor-element elementor-element-279b8738\" data-id=\"279b8738\" data-element_type=\"column\">\n\t\t\t<div class=\"elementor-widget-wrap elementor-element-populated\">\n\t\t\t\t\t\t<div class=\"elementor-element elementor-element-43bb1771 elementor-widget elementor-widget-text-editor\" data-id=\"43bb1771\" data-element_type=\"widget\" data-widget_type=\"text-editor.default\">\n\t\t\t\t<div class=\"elementor-widget-container\">\n\t\t\t\t\t\t\t\t\t<p><a href=\"https:\/\/www.tusztusz.pl\/sklep\/product\/34016,segregator-180-leitz-active-sol\">Segregator 180 50 MM\/50<\/a><\/p>\t\t\t\t\t\t\t\t<\/div>\n\t\t\t\t<\/div>\n\t\t\t\t<div class=\"elementor-element elementor-element-67ec59bc elementor-widget elementor-widget-image\" data-id=\"67ec59bc\" data-element_type=\"widget\" data-widget_type=\"image.default\">\n\t\t\t\t<div class=\"elementor-widget-container\">\n\t\t\t\t\t\t\t\t\t\t\t\t\t\t\t<img decoding=\"async\" width=\"150\" height=\"150\" data-src=\"https:\/\/www.tusztusz.pl\/sklepy\/wp-content\/uploads\/2023\/01\/leitz-150x150.jpg\" class=\"attachment-thumbnail size-thumbnail wp-image-7296 lazyload\" alt=\"\" data-srcset=\"https:\/\/www.tusztusz.pl\/sklepy\/wp-content\/uploads\/2023\/01\/leitz-150x150.jpg 150w, https:\/\/www.tusztusz.pl\/sklepy\/wp-content\/uploads\/2023\/01\/leitz-300x300.jpg 300w, https:\/\/www.tusztusz.pl\/sklepy\/wp-content\/uploads\/2023\/01\/leitz-768x768.jpg 768w, https:\/\/www.tusztusz.pl\/sklepy\/wp-content\/uploads\/2023\/01\/leitz.jpg 850w\" data-sizes=\"(max-width: 150px) 100vw, 150px\" src=\"data:image\/gif;base64,R0lGODlhAQABAAAAACH5BAEKAAEALAAAAAABAAEAAAICTAEAOw==\" style=\"--smush-placeholder-width: 150px; --smush-placeholder-aspect-ratio: 150\/150;\" \/>\t\t\t\t\t\t\t\t\t\t\t\t\t\t\t<\/div>\n\t\t\t\t<\/div>\n\t\t\t\t<div class=\"elementor-element elementor-element-411bbe27 elementor-widget elementor-widget-text-editor\" data-id=\"411bbe27\" data-element_type=\"widget\" data-widget_type=\"text-editor.default\">\n\t\t\t\t<div class=\"elementor-widget-container\">\n\t\t\t\t\t\t\t\t\t<strong><a href=\"https:\/\/www.tusztusz.pl\/sklep\/product\/34016,segregator-180-leitz-active-sol\">Zobacz cen\u0119 &gt;&gt;&gt;<\/a><\/strong>\t\t\t\t\t\t\t\t<\/div>\n\t\t\t\t<\/div>\n\t\t\t\t\t<\/div>\n\t\t<\/div>\n\t\t\t\t\t<\/div>\n\t\t<\/section>\n\t\t\t\t<section class=\"elementor-section elementor-top-section elementor-element elementor-element-33d09436 elementor-section-boxed elementor-section-height-default elementor-section-height-default\" data-id=\"33d09436\" data-element_type=\"section\">\n\t\t\t\t\t\t<div class=\"elementor-container elementor-column-gap-default\">\n\t\t\t\t\t<div class=\"elementor-column elementor-col-100 elementor-top-column elementor-element elementor-element-42a1332\" data-id=\"42a1332\" data-element_type=\"column\">\n\t\t\t<div class=\"elementor-widget-wrap\">\n\t\t\t\t\t\t\t<\/div>\n\t\t<\/div>\n\t\t\t\t\t<\/div>\n\t\t<\/section>\n\t\t\t\t<\/div>\n\t\t","protected":false},"excerpt":{"rendered":"<p>Chcesz stworzy\u0107 praktyczne i wygodne biuro dla siebie i swoich pracownik\u00f3w? Dowiedz si\u0119, jak urz\u0105dzi\u0107 funkcjonalne, przyjazne i ergonomiczne biuro.<\/p>\n","protected":false},"author":9,"featured_media":7290,"comment_status":"closed","ping_status":"closed","sticky":false,"template":"","format":"standard","meta":{"footnotes":""},"categories":[9],"tags":[27],"class_list":["post-7287","post","type-post","status-publish","format-standard","has-post-thumbnail","hentry","category-artykuly-edukacyjne","tag-zarzadzanie-przestrzenia"],"_links":{"self":[{"href":"https:\/\/www.tusztusz.pl\/sklepy\/wp-json\/wp\/v2\/posts\/7287","targetHints":{"allow":["GET"]}}],"collection":[{"href":"https:\/\/www.tusztusz.pl\/sklepy\/wp-json\/wp\/v2\/posts"}],"about":[{"href":"https:\/\/www.tusztusz.pl\/sklepy\/wp-json\/wp\/v2\/types\/post"}],"author":[{"embeddable":true,"href":"https:\/\/www.tusztusz.pl\/sklepy\/wp-json\/wp\/v2\/users\/9"}],"replies":[{"embeddable":true,"href":"https:\/\/www.tusztusz.pl\/sklepy\/wp-json\/wp\/v2\/comments?post=7287"}],"version-history":[{"count":26,"href":"https:\/\/www.tusztusz.pl\/sklepy\/wp-json\/wp\/v2\/posts\/7287\/revisions"}],"predecessor-version":[{"id":7389,"href":"https:\/\/www.tusztusz.pl\/sklepy\/wp-json\/wp\/v2\/posts\/7287\/revisions\/7389"}],"wp:featuredmedia":[{"embeddable":true,"href":"https:\/\/www.tusztusz.pl\/sklepy\/wp-json\/wp\/v2\/media\/7290"}],"wp:attachment":[{"href":"https:\/\/www.tusztusz.pl\/sklepy\/wp-json\/wp\/v2\/media?parent=7287"}],"wp:term":[{"taxonomy":"category","embeddable":true,"href":"https:\/\/www.tusztusz.pl\/sklepy\/wp-json\/wp\/v2\/categories?post=7287"},{"taxonomy":"post_tag","embeddable":true,"href":"https:\/\/www.tusztusz.pl\/sklepy\/wp-json\/wp\/v2\/tags?post=7287"}],"curies":[{"name":"wp","href":"https:\/\/api.w.org\/{rel}","templated":true}]}}