{"id":5795,"date":"2021-12-31T16:40:21","date_gmt":"2021-12-31T15:40:21","guid":{"rendered":"https:\/\/www.tusztusz.pl\/sklepy\/?p=5795"},"modified":"2022-03-30T14:20:18","modified_gmt":"2022-03-30T12:20:18","slug":"korektory-do-papieru","status":"publish","type":"post","link":"https:\/\/www.tusztusz.pl\/sklepy\/blog\/korektory-do-papieru\/","title":{"rendered":"Kt\u00f3re korektory najlepiej si\u0119 sprawdzaj\u0105?"},"content":{"rendered":"\t\t<div data-elementor-type=\"wp-post\" data-elementor-id=\"5795\" class=\"elementor elementor-5795\" data-elementor-post-type=\"post\">\n\t\t\t\t\t\t<section class=\"elementor-section elementor-top-section elementor-element elementor-element-e573402 elementor-section-boxed elementor-section-height-default elementor-section-height-default\" data-id=\"e573402\" data-element_type=\"section\">\n\t\t\t\t\t\t<div class=\"elementor-container elementor-column-gap-default\">\n\t\t\t\t\t<div class=\"elementor-column elementor-col-100 elementor-top-column elementor-element elementor-element-5edef690\" data-id=\"5edef690\" data-element_type=\"column\">\n\t\t\t<div class=\"elementor-widget-wrap elementor-element-populated\">\n\t\t\t\t\t\t<div class=\"elementor-element elementor-element-265f482 elementor-widget elementor-widget-heading\" data-id=\"265f482\" data-element_type=\"widget\" data-widget_type=\"heading.default\">\n\t\t\t\t<div class=\"elementor-widget-container\">\n\t\t\t\t\t<h2 class=\"elementor-heading-title elementor-size-default\">Kt\u00f3re korektory najlepiej si\u0119 sprawdzaj\u0105?<\/h2>\t\t\t\t<\/div>\n\t\t\t\t<\/div>\n\t\t\t\t<div class=\"elementor-element elementor-element-37e4f3eb elementor-widget elementor-widget-image\" data-id=\"37e4f3eb\" data-element_type=\"widget\" data-widget_type=\"image.default\">\n\t\t\t\t<div class=\"elementor-widget-container\">\n\t\t\t\t\t\t\t\t\t\t\t\t\t\t\t<img fetchpriority=\"high\" decoding=\"async\" width=\"1920\" height=\"1289\" src=\"https:\/\/www.tusztusz.pl\/sklepy\/wp-content\/uploads\/2021\/12\/corrector-1155693_1920.jpg\" class=\"attachment-2048x2048 size-2048x2048 wp-image-5798\" alt=\"\" srcset=\"https:\/\/www.tusztusz.pl\/sklepy\/wp-content\/uploads\/2021\/12\/corrector-1155693_1920.jpg 1920w, https:\/\/www.tusztusz.pl\/sklepy\/wp-content\/uploads\/2021\/12\/corrector-1155693_1920-300x201.jpg 300w, https:\/\/www.tusztusz.pl\/sklepy\/wp-content\/uploads\/2021\/12\/corrector-1155693_1920-1024x687.jpg 1024w, https:\/\/www.tusztusz.pl\/sklepy\/wp-content\/uploads\/2021\/12\/corrector-1155693_1920-768x516.jpg 768w, https:\/\/www.tusztusz.pl\/sklepy\/wp-content\/uploads\/2021\/12\/corrector-1155693_1920-1536x1031.jpg 1536w\" sizes=\"(max-width: 1920px) 100vw, 1920px\" \/>\t\t\t\t\t\t\t\t\t\t\t\t\t\t\t<\/div>\n\t\t\t\t<\/div>\n\t\t\t\t<div class=\"elementor-element elementor-element-52b7f76e elementor-widget elementor-widget-global elementor-global-5458 elementor-widget-table-of-contents\" data-id=\"52b7f76e\" data-element_type=\"widget\" data-settings=\"{&quot;headings_by_tags&quot;:[&quot;h2&quot;],&quot;exclude_headings_by_selector&quot;:&quot;footer&quot;,&quot;marker_view&quot;:&quot;bullets&quot;,&quot;min_height&quot;:{&quot;unit&quot;:&quot;px&quot;,&quot;size&quot;:&quot;0&quot;,&quot;sizes&quot;:[]},&quot;icon&quot;:{&quot;value&quot;:&quot;fas fa-circle&quot;,&quot;library&quot;:&quot;fa-solid&quot;},&quot;no_headings_message&quot;:&quot;No headings were found on this page.&quot;,&quot;hierarchical_view&quot;:&quot;yes&quot;,&quot;min_height_tablet&quot;:{&quot;unit&quot;:&quot;px&quot;,&quot;size&quot;:&quot;&quot;,&quot;sizes&quot;:[]},&quot;min_height_mobile&quot;:{&quot;unit&quot;:&quot;px&quot;,&quot;size&quot;:&quot;&quot;,&quot;sizes&quot;:[]}}\" data-widget_type=\"table-of-contents.default\">\n\t\t\t\t<div class=\"elementor-widget-container\">\n\t\t\t\t\t\t\t<div class=\"elementor-toc__header\">\n\t\t\t<h2 class=\"elementor-toc__header-title\">\n\t\t\t\tSpis tre\u015bci\t\t\t<\/h2>\n\t\t\t\t\t<\/div>\n\t\t<div id=\"elementor-toc__52b7f76e\" class=\"elementor-toc__body\">\n\t\t\t<div class=\"elementor-toc__spinner-container\">\n\t\t\t\t<i class=\"elementor-toc__spinner eicon-animation-spin eicon-loading\" aria-hidden=\"true\"><\/i>\t\t\t<\/div>\n\t\t<\/div>\n\t\t\t\t\t\t<\/div>\n\t\t\t\t<\/div>\n\t\t\t\t<div class=\"elementor-element elementor-element-7e73694e elementor-widget elementor-widget-spacer\" data-id=\"7e73694e\" data-element_type=\"widget\" data-widget_type=\"spacer.default\">\n\t\t\t\t<div class=\"elementor-widget-container\">\n\t\t\t\t\t\t\t<div class=\"elementor-spacer\">\n\t\t\t<div class=\"elementor-spacer-inner\"><\/div>\n\t\t<\/div>\n\t\t\t\t\t\t<\/div>\n\t\t\t\t<\/div>\n\t\t\t\t<div class=\"elementor-element elementor-element-600b6c2e elementor-widget elementor-widget-heading\" data-id=\"600b6c2e\" data-element_type=\"widget\" data-widget_type=\"heading.default\">\n\t\t\t\t<div class=\"elementor-widget-container\">\n\t\t\t\t\t<h2 class=\"elementor-heading-title elementor-size-default\">Korektor w Ta\u015bmie czy w p\u0142ynie?<\/h2>\t\t\t\t<\/div>\n\t\t\t\t<\/div>\n\t\t\t\t<section class=\"elementor-section elementor-inner-section elementor-element elementor-element-b01e590 elementor-section-boxed elementor-section-height-default elementor-section-height-default\" data-id=\"b01e590\" data-element_type=\"section\">\n\t\t\t\t\t\t<div class=\"elementor-container elementor-column-gap-default\">\n\t\t\t\t\t<div class=\"elementor-column elementor-col-50 elementor-inner-column elementor-element elementor-element-362c017c\" data-id=\"362c017c\" data-element_type=\"column\">\n\t\t\t<div class=\"elementor-widget-wrap elementor-element-populated\">\n\t\t\t\t\t\t<div class=\"elementor-element elementor-element-20fa8a2f elementor-widget elementor-widget-text-editor\" data-id=\"20fa8a2f\" data-element_type=\"widget\" data-widget_type=\"text-editor.default\">\n\t\t\t\t<div class=\"elementor-widget-container\">\n\t\t\t\t\t\t\t\t\t<p>Korektor w ta\u015bmie, czyli tzw. myszka, w p\u0142ynie zamkni\u0119ty pi\u00f3rze, a mo\u017ce z p\u0119dzelkiem? Co wybra\u0107? Czym r\u00f3\u017cni\u0105 si\u0119 poszczeg\u00f3lne rodzaje korektor\u00f3w?\u00a0<\/p><p>Korektor jest praktycznym elementem wyposa\u017cenia ka\u017cdego biura oraz jest niezb\u0119dny w domach, w kt\u00f3rych s\u0105 dzieci w wieku szkolnym. Do wyboru jest kilka rodzaj\u00f3w korektor\u00f3w. Kt\u00f3re i w jakich sytuacjach sprawdzaj\u0105 si\u0119 najlepiej?<\/p>\t\t\t\t\t\t\t\t<\/div>\n\t\t\t\t<\/div>\n\t\t\t\t\t<\/div>\n\t\t<\/div>\n\t\t\t\t<div class=\"elementor-column elementor-col-50 elementor-inner-column elementor-element elementor-element-f383c13\" data-id=\"f383c13\" data-element_type=\"column\">\n\t\t\t<div class=\"elementor-widget-wrap elementor-element-populated\">\n\t\t\t\t\t\t<div class=\"elementor-element elementor-element-7d69d28 elementor-widget elementor-widget-image\" data-id=\"7d69d28\" data-element_type=\"widget\" data-widget_type=\"image.default\">\n\t\t\t\t<div class=\"elementor-widget-container\">\n\t\t\t\t\t\t\t\t\t\t\t\t\t\t\t<img decoding=\"async\" width=\"300\" height=\"200\" data-src=\"https:\/\/www.tusztusz.pl\/sklepy\/wp-content\/uploads\/2021\/12\/correcting-1870721_640-300x200.jpg\" class=\"attachment-medium size-medium wp-image-5803 lazyload\" alt=\"\" data-srcset=\"https:\/\/www.tusztusz.pl\/sklepy\/wp-content\/uploads\/2021\/12\/correcting-1870721_640-300x200.jpg 300w, https:\/\/www.tusztusz.pl\/sklepy\/wp-content\/uploads\/2021\/12\/correcting-1870721_640.jpg 640w\" data-sizes=\"(max-width: 300px) 100vw, 300px\" src=\"data:image\/gif;base64,R0lGODlhAQABAAAAACH5BAEKAAEALAAAAAABAAEAAAICTAEAOw==\" style=\"--smush-placeholder-width: 300px; --smush-placeholder-aspect-ratio: 300\/200;\" \/>\t\t\t\t\t\t\t\t\t\t\t\t\t\t\t<\/div>\n\t\t\t\t<\/div>\n\t\t\t\t\t<\/div>\n\t\t<\/div>\n\t\t\t\t\t<\/div>\n\t\t<\/section>\n\t\t\t\t<div class=\"elementor-element elementor-element-694ce7db elementor-widget elementor-widget-spacer\" data-id=\"694ce7db\" data-element_type=\"widget\" data-widget_type=\"spacer.default\">\n\t\t\t\t<div class=\"elementor-widget-container\">\n\t\t\t\t\t\t\t<div class=\"elementor-spacer\">\n\t\t\t<div class=\"elementor-spacer-inner\"><\/div>\n\t\t<\/div>\n\t\t\t\t\t\t<\/div>\n\t\t\t\t<\/div>\n\t\t\t\t<div class=\"elementor-element elementor-element-6d985ee5 elementor-widget elementor-widget-heading\" data-id=\"6d985ee5\" data-element_type=\"widget\" data-widget_type=\"heading.default\">\n\t\t\t\t<div class=\"elementor-widget-container\">\n\t\t\t\t\t<h2 class=\"elementor-heading-title elementor-size-default\">Korektor w ta\u015bmie- tzw. myszka<\/h2>\t\t\t\t<\/div>\n\t\t\t\t<\/div>\n\t\t\t\t<section class=\"elementor-section elementor-inner-section elementor-element elementor-element-3b1d05ad elementor-section-boxed elementor-section-height-default elementor-section-height-default\" data-id=\"3b1d05ad\" data-element_type=\"section\">\n\t\t\t\t\t\t<div class=\"elementor-container elementor-column-gap-default\">\n\t\t\t\t\t<div class=\"elementor-column elementor-col-50 elementor-inner-column elementor-element elementor-element-690f2e93\" data-id=\"690f2e93\" data-element_type=\"column\">\n\t\t\t<div class=\"elementor-widget-wrap elementor-element-populated\">\n\t\t\t\t\t\t<div class=\"elementor-element elementor-element-5cfcdea1 elementor-widget elementor-widget-image\" data-id=\"5cfcdea1\" data-element_type=\"widget\" data-widget_type=\"image.default\">\n\t\t\t\t<div class=\"elementor-widget-container\">\n\t\t\t\t\t\t\t\t\t\t\t\t\t\t\t<img decoding=\"async\" width=\"300\" height=\"247\" data-src=\"https:\/\/www.tusztusz.pl\/sklepy\/wp-content\/uploads\/2021\/12\/myszka-300x247.png\" class=\"attachment-medium size-medium wp-image-5799 lazyload\" alt=\"\" data-srcset=\"https:\/\/www.tusztusz.pl\/sklepy\/wp-content\/uploads\/2021\/12\/myszka-300x247.png 300w, https:\/\/www.tusztusz.pl\/sklepy\/wp-content\/uploads\/2021\/12\/myszka.png 387w\" data-sizes=\"(max-width: 300px) 100vw, 300px\" src=\"data:image\/gif;base64,R0lGODlhAQABAAAAACH5BAEKAAEALAAAAAABAAEAAAICTAEAOw==\" style=\"--smush-placeholder-width: 300px; --smush-placeholder-aspect-ratio: 300\/247;\" \/>\t\t\t\t\t\t\t\t\t\t\t\t\t\t\t<\/div>\n\t\t\t\t<\/div>\n\t\t\t\t\t<\/div>\n\t\t<\/div>\n\t\t\t\t<div class=\"elementor-column elementor-col-50 elementor-inner-column elementor-element elementor-element-4f01a006\" data-id=\"4f01a006\" data-element_type=\"column\">\n\t\t\t<div class=\"elementor-widget-wrap elementor-element-populated\">\n\t\t\t\t\t\t<div class=\"elementor-element elementor-element-36195794 elementor-widget elementor-widget-text-editor\" data-id=\"36195794\" data-element_type=\"widget\" data-widget_type=\"text-editor.default\">\n\t\t\t\t<div class=\"elementor-widget-container\">\n\t\t\t\t\t\t\t\t\t<p>To jeden z najpopularniejszych korektor\u00f3w, ch\u0119tnie u\u017cywany w biurach i przez uczni\u00f3w. Cechuje go wygoda u\u017cytkowania, g\u0142adko\u015b\u0107 i mo\u017cliwo\u015b\u0107 pisania od razu po naniesieniu. Dzia\u0142a na bardzo prostych zasadach, wyposa\u017cony jest w mechanizm z ta\u015bm\u0105, na kt\u00f3rej znajduje si\u0119 substancja kryj\u0105ca. Istnieje mo\u017cliwo\u015b\u0107 wymiany wk\u0142adu, co obni\u017ca koszty u\u017cytkowania.\u00a0<\/p><p>Jak u\u017cywa\u0107 korektora w ta\u015bmie? Przy\u0142\u00f3\u017c ko\u0144c\u00f3wk\u0119 do b\u0142\u0119dnie napisanego tekstu i lekko dociskaj\u0105c przeci\u0105gnij. Przeznaczone s\u0105 one do krycia b\u0142\u0119d\u00f3w na wszelkiego rodzaju papierach. Dlatego <a href=\"https:\/\/www.tusztusz.pl\/sklep\/product\/548,korektor-w-tasmie-blanco-pelikan\">korektor szkolny w ta\u015bmie<\/a> jest ch\u0119tnie stosowany przez uczni\u00f3w, ale i w biurach.\u00a0<\/p>\t\t\t\t\t\t\t\t<\/div>\n\t\t\t\t<\/div>\n\t\t\t\t\t<\/div>\n\t\t<\/div>\n\t\t\t\t\t<\/div>\n\t\t<\/section>\n\t\t\t\t<div class=\"elementor-element elementor-element-36046354 elementor-widget elementor-widget-spacer\" data-id=\"36046354\" data-element_type=\"widget\" data-widget_type=\"spacer.default\">\n\t\t\t\t<div class=\"elementor-widget-container\">\n\t\t\t\t\t\t\t<div class=\"elementor-spacer\">\n\t\t\t<div class=\"elementor-spacer-inner\"><\/div>\n\t\t<\/div>\n\t\t\t\t\t\t<\/div>\n\t\t\t\t<\/div>\n\t\t\t\t<div class=\"elementor-element elementor-element-25ecaf8 elementor-widget elementor-widget-heading\" data-id=\"25ecaf8\" data-element_type=\"widget\" data-widget_type=\"heading.default\">\n\t\t\t\t<div class=\"elementor-widget-container\">\n\t\t\t\t\t<h2 class=\"elementor-heading-title elementor-size-default\">Jak naprawi\u0107 korektor w ta\u015bmie?<\/h2>\t\t\t\t<\/div>\n\t\t\t\t<\/div>\n\t\t\t\t<section class=\"elementor-section elementor-inner-section elementor-element elementor-element-7ea691bf elementor-section-boxed elementor-section-height-default elementor-section-height-default\" data-id=\"7ea691bf\" data-element_type=\"section\">\n\t\t\t\t\t\t<div class=\"elementor-container elementor-column-gap-default\">\n\t\t\t\t\t<div class=\"elementor-column elementor-col-50 elementor-inner-column elementor-element elementor-element-34f9ce10\" data-id=\"34f9ce10\" data-element_type=\"column\">\n\t\t\t<div class=\"elementor-widget-wrap elementor-element-populated\">\n\t\t\t\t\t\t<div class=\"elementor-element elementor-element-526825c4 elementor-widget elementor-widget-text-editor\" data-id=\"526825c4\" data-element_type=\"widget\" data-widget_type=\"text-editor.default\">\n\t\t\t\t<div class=\"elementor-widget-container\">\n\t\t\t\t\t\t\t\t\t<p>Maj\u0105 nieskomplikowan\u0105 budow\u0119, ale mog\u0105 zaskoczy\u0107 poluzowaniem ta\u015bmy, jej p\u0119kni\u0119ciem b\u0105d\u017a zerwaniem. Mo\u017cna spr\u00f3bowa\u0107 naprawi\u0107 tasiemk\u0119 przez sklejenie, do czego potrzebny b\u0119dzie bardzo dobry klej. Opcj\u0105 jest r\u00f3wnie\u017c odcinanie pask\u00f3w okre\u015blonej d\u0142ugo\u015bci (w zale\u017cno\u015bci od d\u0142ugo\u015bci tekstu do zakrycia) i przyk\u0142adanie po prostu na kartk\u0119. Na koniec, je\u015bli nie da si\u0119 nic\u00a0 zrobi\u0107, pozostaje wymiana wk\u0142adu. Jest to bardzo prosta czynno\u015b\u0107.<\/p>\t\t\t\t\t\t\t\t<\/div>\n\t\t\t\t<\/div>\n\t\t\t\t\t<\/div>\n\t\t<\/div>\n\t\t\t\t<div class=\"elementor-column elementor-col-50 elementor-inner-column elementor-element elementor-element-716759de\" data-id=\"716759de\" data-element_type=\"column\">\n\t\t\t<div class=\"elementor-widget-wrap elementor-element-populated\">\n\t\t\t\t\t\t<div class=\"elementor-element elementor-element-3088ea99 elementor-widget elementor-widget-image\" data-id=\"3088ea99\" data-element_type=\"widget\" data-widget_type=\"image.default\">\n\t\t\t\t<div class=\"elementor-widget-container\">\n\t\t\t\t\t\t\t\t\t\t\t\t\t\t\t<img decoding=\"async\" width=\"300\" height=\"247\" data-src=\"https:\/\/www.tusztusz.pl\/sklepy\/wp-content\/uploads\/2021\/12\/korektor-2-300x247.png\" class=\"attachment-medium size-medium wp-image-5800 lazyload\" alt=\"\" data-srcset=\"https:\/\/www.tusztusz.pl\/sklepy\/wp-content\/uploads\/2021\/12\/korektor-2-300x247.png 300w, https:\/\/www.tusztusz.pl\/sklepy\/wp-content\/uploads\/2021\/12\/korektor-2.png 418w\" data-sizes=\"(max-width: 300px) 100vw, 300px\" src=\"data:image\/gif;base64,R0lGODlhAQABAAAAACH5BAEKAAEALAAAAAABAAEAAAICTAEAOw==\" style=\"--smush-placeholder-width: 300px; --smush-placeholder-aspect-ratio: 300\/247;\" \/>\t\t\t\t\t\t\t\t\t\t\t\t\t\t\t<\/div>\n\t\t\t\t<\/div>\n\t\t\t\t\t<\/div>\n\t\t<\/div>\n\t\t\t\t\t<\/div>\n\t\t<\/section>\n\t\t\t\t<div class=\"elementor-element elementor-element-e79055d elementor-widget elementor-widget-heading\" data-id=\"e79055d\" data-element_type=\"widget\" data-widget_type=\"heading.default\">\n\t\t\t\t<div class=\"elementor-widget-container\">\n\t\t\t\t\t<h2 class=\"elementor-heading-title elementor-size-default\">Korektor w p\u0142ynie- z g\u0105beczk\u0105, z p\u0119dzelkiem<\/h2>\t\t\t\t<\/div>\n\t\t\t\t<\/div>\n\t\t\t\t<section class=\"elementor-section elementor-inner-section elementor-element elementor-element-d637850 elementor-section-boxed elementor-section-height-default elementor-section-height-default\" data-id=\"d637850\" data-element_type=\"section\">\n\t\t\t\t\t\t<div class=\"elementor-container elementor-column-gap-default\">\n\t\t\t\t\t<div class=\"elementor-column elementor-col-50 elementor-inner-column elementor-element elementor-element-c7ab1a7\" data-id=\"c7ab1a7\" data-element_type=\"column\">\n\t\t\t<div class=\"elementor-widget-wrap elementor-element-populated\">\n\t\t\t\t\t\t<div class=\"elementor-element elementor-element-e4a67dd elementor-widget elementor-widget-image\" data-id=\"e4a67dd\" data-element_type=\"widget\" data-widget_type=\"image.default\">\n\t\t\t\t<div class=\"elementor-widget-container\">\n\t\t\t\t\t\t\t\t\t\t\t\t\t\t\t<img decoding=\"async\" width=\"300\" height=\"262\" data-src=\"https:\/\/www.tusztusz.pl\/sklepy\/wp-content\/uploads\/2021\/12\/korektor3-300x262.png\" class=\"attachment-medium size-medium wp-image-5801 lazyload\" alt=\"\" data-srcset=\"https:\/\/www.tusztusz.pl\/sklepy\/wp-content\/uploads\/2021\/12\/korektor3-300x262.png 300w, https:\/\/www.tusztusz.pl\/sklepy\/wp-content\/uploads\/2021\/12\/korektor3.png 487w\" data-sizes=\"(max-width: 300px) 100vw, 300px\" src=\"data:image\/gif;base64,R0lGODlhAQABAAAAACH5BAEKAAEALAAAAAABAAEAAAICTAEAOw==\" style=\"--smush-placeholder-width: 300px; --smush-placeholder-aspect-ratio: 300\/262;\" \/>\t\t\t\t\t\t\t\t\t\t\t\t\t\t\t<\/div>\n\t\t\t\t<\/div>\n\t\t\t\t\t<\/div>\n\t\t<\/div>\n\t\t\t\t<div class=\"elementor-column elementor-col-50 elementor-inner-column elementor-element elementor-element-b1a0279\" data-id=\"b1a0279\" data-element_type=\"column\">\n\t\t\t<div class=\"elementor-widget-wrap elementor-element-populated\">\n\t\t\t\t\t\t<div class=\"elementor-element elementor-element-bb12e15 elementor-widget elementor-widget-text-editor\" data-id=\"bb12e15\" data-element_type=\"widget\" data-widget_type=\"text-editor.default\">\n\t\t\t\t<div class=\"elementor-widget-container\">\n\t\t\t\t\t\t\t\t\t<p>Powstaj\u0105\u00a0 na bazie rozpuszczalnika, s\u0105 wygodne w nak\u0142adaniu i pomagaj\u0105 ukry\u0107 najmniejszy b\u0142\u0105d. S\u0105 dok\u0142adne, dobrze kryj\u0105 i proste w u\u017cyciu, dzi\u0119ki czemu sprawdzaj\u0105 si\u0119 w domach i w biurach. <a href=\"https:\/\/www.tusztusz.pl\/sklep\/product\/29210,korektor-w-plynie-donau\">Korektor w p\u0142ynie<\/a> ma wiele zalet, zw\u0142aszcza \u017ce dost\u0119pne s\u0105 pod r\u00f3\u017cn\u0105 postaci\u0105: z g\u0105beczk\u0105, z p\u0119dzelkiem, w pi\u00f3rze.\u00a0<\/p><p>Ich wad\u0105 jest czas schni\u0119cia, dlatego przy wyborze warto sprawdzi\u0107, czy wybrany korektor w p\u0142ynie jest szybkoschn\u0105cy. Poza tym, czy jest:<\/p><p>\u00a0 \u00a0 \u2022 ekologiczny,<\/p><p>\u00a0 \u00a0 \u2022 bezzapachowy,\u00a0<\/p><p>\u00a0 \u00a0 \u2022 nie zawiera szkodliwych substancji,<\/p><p>\u00a0 \u00a0 \u2022 jaki ma okres przydatno\u015bci.<\/p><p>Korektory w p\u0142ynie maj\u0105 okres przydatno\u015bci kilka lat, najcz\u0119\u015bciej 2 -3 lata. Natomiast gdy jego konsystencja si\u0119 zmienia, mo\u017cna dokupi\u0107 rozpuszczalnik do rozcie\u0144czania, przywracaj\u0105c w\u0142a\u015bciw\u0105, p\u0142ynn\u0105 konsystencj\u0119. Tym samym przed\u0142u\u017caj\u0105c jego \u017cywotno\u015b\u0107.\u00a0<\/p>\t\t\t\t\t\t\t\t<\/div>\n\t\t\t\t<\/div>\n\t\t\t\t\t<\/div>\n\t\t<\/div>\n\t\t\t\t\t<\/div>\n\t\t<\/section>\n\t\t\t\t<div class=\"elementor-element elementor-element-a89ce95 elementor-widget elementor-widget-heading\" data-id=\"a89ce95\" data-element_type=\"widget\" data-widget_type=\"heading.default\">\n\t\t\t\t<div class=\"elementor-widget-container\">\n\t\t\t\t\t<h2 class=\"elementor-heading-title elementor-size-default\">Korektor w pi\u00f3rze- dok\u0142adna korekta<\/h2>\t\t\t\t<\/div>\n\t\t\t\t<\/div>\n\t\t\t\t<section class=\"elementor-section elementor-inner-section elementor-element elementor-element-e3b06c4 elementor-section-boxed elementor-section-height-default elementor-section-height-default\" data-id=\"e3b06c4\" data-element_type=\"section\">\n\t\t\t\t\t\t<div class=\"elementor-container elementor-column-gap-default\">\n\t\t\t\t\t<div class=\"elementor-column elementor-col-50 elementor-inner-column elementor-element elementor-element-5fc7fc6\" data-id=\"5fc7fc6\" data-element_type=\"column\">\n\t\t\t<div class=\"elementor-widget-wrap elementor-element-populated\">\n\t\t\t\t\t\t<div class=\"elementor-element elementor-element-7ad2719 elementor-widget elementor-widget-text-editor\" data-id=\"7ad2719\" data-element_type=\"widget\" data-widget_type=\"text-editor.default\">\n\t\t\t\t<div class=\"elementor-widget-container\">\n\t\t\t\t\t\t\t\t\t<p>Precyzyjnym rozwi\u0105zaniem do poprawy b\u0142\u0119d\u00f3w na papierze s\u0105 korektory w pi\u00f3rze. Cechuje je nowoczesny design, wygoda u\u017cytkowania i perfekcja w korekcie b\u0142\u0119d\u00f3w. \u015awietnie sprawdza si\u0119 jako korektor szkolny oraz w biurze.\u00a0<\/p><p><a href=\"https:\/\/www.tusztusz.pl\/sklep\/product\/31814,korektor-w-piorze-zig-1000-oval\">Korektor w pi\u00f3rze<\/a> dzia\u0142a przez lekkie przy\u015bni\u0119cie ko\u0144c\u00f3wki do papieru. Dzi\u0119ki niemu zamaskowana jest konkretna litera b\u0105d\u017a znak. Ma te\u017c inne zastosowanie, wykorzystywany jest do wykonywania r\u00f3\u017cnego rodzaju zdobie\u0144 na papierze.\u00a0<\/p><p>Mylenie si\u0119 jest rzecz\u0105 ludzk\u0105, dlatego dobry korektor niezb\u0119dny jest w ka\u017cdej firmie i domu!\u00a0<\/p>\t\t\t\t\t\t\t\t<\/div>\n\t\t\t\t<\/div>\n\t\t\t\t\t<\/div>\n\t\t<\/div>\n\t\t\t\t<div class=\"elementor-column elementor-col-50 elementor-inner-column elementor-element elementor-element-a9580dd\" data-id=\"a9580dd\" data-element_type=\"column\">\n\t\t\t<div class=\"elementor-widget-wrap elementor-element-populated\">\n\t\t\t\t\t\t<div class=\"elementor-element elementor-element-19c4454 elementor-widget elementor-widget-image\" data-id=\"19c4454\" data-element_type=\"widget\" data-widget_type=\"image.default\">\n\t\t\t\t<div class=\"elementor-widget-container\">\n\t\t\t\t\t\t\t\t\t\t\t\t\t\t\t<img decoding=\"async\" width=\"300\" height=\"256\" data-src=\"https:\/\/www.tusztusz.pl\/sklepy\/wp-content\/uploads\/2021\/12\/korektor-4-300x256.png\" class=\"attachment-medium size-medium wp-image-5802 lazyload\" alt=\"\" data-srcset=\"https:\/\/www.tusztusz.pl\/sklepy\/wp-content\/uploads\/2021\/12\/korektor-4-300x256.png 300w, https:\/\/www.tusztusz.pl\/sklepy\/wp-content\/uploads\/2021\/12\/korektor-4.png 530w\" data-sizes=\"(max-width: 300px) 100vw, 300px\" src=\"data:image\/gif;base64,R0lGODlhAQABAAAAACH5BAEKAAEALAAAAAABAAEAAAICTAEAOw==\" style=\"--smush-placeholder-width: 300px; --smush-placeholder-aspect-ratio: 300\/256;\" \/>\t\t\t\t\t\t\t\t\t\t\t\t\t\t\t<\/div>\n\t\t\t\t<\/div>\n\t\t\t\t\t<\/div>\n\t\t<\/div>\n\t\t\t\t\t<\/div>\n\t\t<\/section>\n\t\t\t\t\t<\/div>\n\t\t<\/div>\n\t\t\t\t\t<\/div>\n\t\t<\/section>\n\t\t\t\t<section class=\"elementor-section elementor-top-section elementor-element elementor-element-5524d942 elementor-section-boxed elementor-section-height-default elementor-section-height-default\" data-id=\"5524d942\" data-element_type=\"section\" data-settings=\"{&quot;background_background&quot;:&quot;classic&quot;}\">\n\t\t\t\t\t\t<div class=\"elementor-container elementor-column-gap-default\">\n\t\t\t\t\t<div class=\"elementor-column elementor-col-20 elementor-top-column elementor-element elementor-element-701269b8\" data-id=\"701269b8\" data-element_type=\"column\">\n\t\t\t<div class=\"elementor-widget-wrap elementor-element-populated\">\n\t\t\t\t\t\t<div class=\"elementor-element elementor-element-3267c61 elementor-widget elementor-widget-text-editor\" data-id=\"3267c61\" data-element_type=\"widget\" data-widget_type=\"text-editor.default\">\n\t\t\t\t<div class=\"elementor-widget-container\">\n\t\t\t\t\t\t\t\t\t<p><a href=\"https:\/\/www.tusztusz.pl\/sklep\/product\/27493,marker-kredowy-smw26\">Markery kredowe Pentel SMW 26, 8 kolor\u00f3w<\/a><\/p>\t\t\t\t\t\t\t\t<\/div>\n\t\t\t\t<\/div>\n\t\t\t\t<div class=\"elementor-element elementor-element-6154b2e9 elementor-widget elementor-widget-image\" data-id=\"6154b2e9\" data-element_type=\"widget\" data-widget_type=\"image.default\">\n\t\t\t\t<div class=\"elementor-widget-container\">\n\t\t\t\t\t\t\t\t\t\t\t\t\t\t\t\t<a href=\"https:\/\/www.tusztusz.pl\/sklep\/product\/27493,marker-kredowy-smw26\">\n\t\t\t\t\t\t\t<img decoding=\"async\" width=\"150\" height=\"150\" data-src=\"https:\/\/www.tusztusz.pl\/sklepy\/wp-content\/uploads\/2021\/08\/27493-150x150.jpg\" class=\"attachment-thumbnail size-thumbnail wp-image-5453 lazyload\" alt=\"\" src=\"data:image\/gif;base64,R0lGODlhAQABAAAAACH5BAEKAAEALAAAAAABAAEAAAICTAEAOw==\" style=\"--smush-placeholder-width: 150px; --smush-placeholder-aspect-ratio: 150\/150;\" \/>\t\t\t\t\t\t\t\t<\/a>\n\t\t\t\t\t\t\t\t\t\t\t\t\t\t\t<\/div>\n\t\t\t\t<\/div>\n\t\t\t\t<div class=\"elementor-element elementor-element-e687cba elementor-widget elementor-widget-text-editor\" data-id=\"e687cba\" data-element_type=\"widget\" data-widget_type=\"text-editor.default\">\n\t\t\t\t<div class=\"elementor-widget-container\">\n\t\t\t\t\t\t\t\t\t<strong><a href=\"https:\/\/www.tusztusz.pl\/sklep\/product\/27493,marker-kredowy-smw26\">Zobacz cen\u0119 &gt;&gt;&gt;<\/a><\/strong>\t\t\t\t\t\t\t\t<\/div>\n\t\t\t\t<\/div>\n\t\t\t\t\t<\/div>\n\t\t<\/div>\n\t\t\t\t<div class=\"elementor-column elementor-col-20 elementor-top-column elementor-element elementor-element-15292797\" data-id=\"15292797\" data-element_type=\"column\">\n\t\t\t<div class=\"elementor-widget-wrap elementor-element-populated\">\n\t\t\t\t\t\t<div class=\"elementor-element elementor-element-17a76085 elementor-widget elementor-widget-text-editor\" data-id=\"17a76085\" data-element_type=\"widget\" data-widget_type=\"text-editor.default\">\n\t\t\t\t<div class=\"elementor-widget-container\">\n\t\t\t\t\t\t\t\t\t<p><a href=\"https:\/\/www.tusztusz.pl\/sklep\/product\/27493,marker-kredowy-smw26\">Markery kredowe Pentel SMW 26, 8 kolor\u00f3w<\/a><\/p>\t\t\t\t\t\t\t\t<\/div>\n\t\t\t\t<\/div>\n\t\t\t\t<div class=\"elementor-element elementor-element-2bad39d0 elementor-widget elementor-widget-image\" data-id=\"2bad39d0\" data-element_type=\"widget\" data-widget_type=\"image.default\">\n\t\t\t\t<div class=\"elementor-widget-container\">\n\t\t\t\t\t\t\t\t\t\t\t\t\t\t\t\t<a href=\"https:\/\/www.tusztusz.pl\/sklep\/product\/27493,marker-kredowy-smw26\">\n\t\t\t\t\t\t\t<img decoding=\"async\" width=\"150\" height=\"150\" data-src=\"https:\/\/www.tusztusz.pl\/sklepy\/wp-content\/uploads\/2021\/08\/27493-150x150.jpg\" class=\"attachment-thumbnail size-thumbnail wp-image-5453 lazyload\" alt=\"\" src=\"data:image\/gif;base64,R0lGODlhAQABAAAAACH5BAEKAAEALAAAAAABAAEAAAICTAEAOw==\" style=\"--smush-placeholder-width: 150px; --smush-placeholder-aspect-ratio: 150\/150;\" \/>\t\t\t\t\t\t\t\t<\/a>\n\t\t\t\t\t\t\t\t\t\t\t\t\t\t\t<\/div>\n\t\t\t\t<\/div>\n\t\t\t\t<div class=\"elementor-element elementor-element-767c0c2f elementor-widget elementor-widget-text-editor\" data-id=\"767c0c2f\" data-element_type=\"widget\" data-widget_type=\"text-editor.default\">\n\t\t\t\t<div class=\"elementor-widget-container\">\n\t\t\t\t\t\t\t\t\t<strong><a href=\"https:\/\/www.tusztusz.pl\/sklep\/product\/27493,marker-kredowy-smw26\">Zobacz cen\u0119 &gt;&gt;&gt;<\/a><\/strong>\t\t\t\t\t\t\t\t<\/div>\n\t\t\t\t<\/div>\n\t\t\t\t\t<\/div>\n\t\t<\/div>\n\t\t\t\t<div class=\"elementor-column elementor-col-20 elementor-top-column elementor-element elementor-element-4c114996\" data-id=\"4c114996\" data-element_type=\"column\">\n\t\t\t<div class=\"elementor-widget-wrap elementor-element-populated\">\n\t\t\t\t\t\t<div class=\"elementor-element elementor-element-705769ea elementor-widget elementor-widget-text-editor\" data-id=\"705769ea\" data-element_type=\"widget\" data-widget_type=\"text-editor.default\">\n\t\t\t\t<div class=\"elementor-widget-container\">\n\t\t\t\t\t\t\t\t\t<p><a href=\"https:\/\/www.tusztusz.pl\/sklep\/product\/27493,marker-kredowy-smw26\">Markery kredowe Pentel SMW 26, 8 kolor\u00f3w<\/a><\/p>\t\t\t\t\t\t\t\t<\/div>\n\t\t\t\t<\/div>\n\t\t\t\t<div class=\"elementor-element elementor-element-3575ef80 elementor-widget elementor-widget-image\" data-id=\"3575ef80\" data-element_type=\"widget\" data-widget_type=\"image.default\">\n\t\t\t\t<div class=\"elementor-widget-container\">\n\t\t\t\t\t\t\t\t\t\t\t\t\t\t\t\t<a href=\"https:\/\/www.tusztusz.pl\/sklep\/product\/27493,marker-kredowy-smw26\">\n\t\t\t\t\t\t\t<img decoding=\"async\" width=\"150\" height=\"150\" data-src=\"https:\/\/www.tusztusz.pl\/sklepy\/wp-content\/uploads\/2021\/08\/27493-150x150.jpg\" class=\"attachment-thumbnail size-thumbnail wp-image-5453 lazyload\" alt=\"\" src=\"data:image\/gif;base64,R0lGODlhAQABAAAAACH5BAEKAAEALAAAAAABAAEAAAICTAEAOw==\" style=\"--smush-placeholder-width: 150px; --smush-placeholder-aspect-ratio: 150\/150;\" \/>\t\t\t\t\t\t\t\t<\/a>\n\t\t\t\t\t\t\t\t\t\t\t\t\t\t\t<\/div>\n\t\t\t\t<\/div>\n\t\t\t\t<div class=\"elementor-element elementor-element-11130ceb elementor-widget elementor-widget-text-editor\" data-id=\"11130ceb\" data-element_type=\"widget\" data-widget_type=\"text-editor.default\">\n\t\t\t\t<div class=\"elementor-widget-container\">\n\t\t\t\t\t\t\t\t\t<strong><a href=\"https:\/\/www.tusztusz.pl\/sklep\/product\/27493,marker-kredowy-smw26\">Zobacz cen\u0119 &gt;&gt;&gt;<\/a><\/strong>\t\t\t\t\t\t\t\t<\/div>\n\t\t\t\t<\/div>\n\t\t\t\t\t<\/div>\n\t\t<\/div>\n\t\t\t\t<div class=\"elementor-column elementor-col-20 elementor-top-column elementor-element elementor-element-1f3f2502\" data-id=\"1f3f2502\" data-element_type=\"column\">\n\t\t\t<div class=\"elementor-widget-wrap elementor-element-populated\">\n\t\t\t\t\t\t<div class=\"elementor-element elementor-element-4c57c62c elementor-widget elementor-widget-text-editor\" data-id=\"4c57c62c\" data-element_type=\"widget\" data-widget_type=\"text-editor.default\">\n\t\t\t\t<div class=\"elementor-widget-container\">\n\t\t\t\t\t\t\t\t\t<p><a href=\"https:\/\/www.tusztusz.pl\/sklep\/product\/27493,marker-kredowy-smw26\">Markery kredowe Pentel SMW 26, 8 kolor\u00f3w<\/a><\/p>\t\t\t\t\t\t\t\t<\/div>\n\t\t\t\t<\/div>\n\t\t\t\t<div class=\"elementor-element elementor-element-3c57985a elementor-widget elementor-widget-image\" data-id=\"3c57985a\" data-element_type=\"widget\" data-widget_type=\"image.default\">\n\t\t\t\t<div class=\"elementor-widget-container\">\n\t\t\t\t\t\t\t\t\t\t\t\t\t\t\t\t<a href=\"https:\/\/www.tusztusz.pl\/sklep\/product\/27493,marker-kredowy-smw26\">\n\t\t\t\t\t\t\t<img decoding=\"async\" width=\"150\" height=\"150\" data-src=\"https:\/\/www.tusztusz.pl\/sklepy\/wp-content\/uploads\/2021\/08\/27493-150x150.jpg\" class=\"attachment-thumbnail size-thumbnail wp-image-5453 lazyload\" alt=\"\" src=\"data:image\/gif;base64,R0lGODlhAQABAAAAACH5BAEKAAEALAAAAAABAAEAAAICTAEAOw==\" style=\"--smush-placeholder-width: 150px; --smush-placeholder-aspect-ratio: 150\/150;\" \/>\t\t\t\t\t\t\t\t<\/a>\n\t\t\t\t\t\t\t\t\t\t\t\t\t\t\t<\/div>\n\t\t\t\t<\/div>\n\t\t\t\t<div class=\"elementor-element elementor-element-59817c49 elementor-widget elementor-widget-text-editor\" data-id=\"59817c49\" data-element_type=\"widget\" data-widget_type=\"text-editor.default\">\n\t\t\t\t<div class=\"elementor-widget-container\">\n\t\t\t\t\t\t\t\t\t<strong><a href=\"https:\/\/www.tusztusz.pl\/sklep\/product\/27493,marker-kredowy-smw26\">Zobacz cen\u0119 &gt;&gt;&gt;<\/a><\/strong>\t\t\t\t\t\t\t\t<\/div>\n\t\t\t\t<\/div>\n\t\t\t\t\t<\/div>\n\t\t<\/div>\n\t\t\t\t<div class=\"elementor-column elementor-col-20 elementor-top-column elementor-element elementor-element-542239a0\" data-id=\"542239a0\" data-element_type=\"column\">\n\t\t\t<div class=\"elementor-widget-wrap elementor-element-populated\">\n\t\t\t\t\t\t<div class=\"elementor-element elementor-element-12051b6c elementor-widget elementor-widget-text-editor\" data-id=\"12051b6c\" data-element_type=\"widget\" data-widget_type=\"text-editor.default\">\n\t\t\t\t<div class=\"elementor-widget-container\">\n\t\t\t\t\t\t\t\t\t<p><a href=\"https:\/\/www.tusztusz.pl\/sklep\/product\/27493,marker-kredowy-smw26\">Markery kredowe Pentel SMW 26, 8 kolor\u00f3w<\/a><\/p>\t\t\t\t\t\t\t\t<\/div>\n\t\t\t\t<\/div>\n\t\t\t\t<div class=\"elementor-element elementor-element-e1ad515 elementor-widget elementor-widget-image\" data-id=\"e1ad515\" data-element_type=\"widget\" data-widget_type=\"image.default\">\n\t\t\t\t<div class=\"elementor-widget-container\">\n\t\t\t\t\t\t\t\t\t\t\t\t\t\t\t\t<a href=\"https:\/\/www.tusztusz.pl\/sklep\/product\/27493,marker-kredowy-smw26\">\n\t\t\t\t\t\t\t<img decoding=\"async\" width=\"150\" height=\"150\" data-src=\"https:\/\/www.tusztusz.pl\/sklepy\/wp-content\/uploads\/2021\/08\/27493-150x150.jpg\" class=\"attachment-thumbnail size-thumbnail wp-image-5453 lazyload\" alt=\"\" src=\"data:image\/gif;base64,R0lGODlhAQABAAAAACH5BAEKAAEALAAAAAABAAEAAAICTAEAOw==\" style=\"--smush-placeholder-width: 150px; --smush-placeholder-aspect-ratio: 150\/150;\" \/>\t\t\t\t\t\t\t\t<\/a>\n\t\t\t\t\t\t\t\t\t\t\t\t\t\t\t<\/div>\n\t\t\t\t<\/div>\n\t\t\t\t<div class=\"elementor-element elementor-element-7d2ee9ad elementor-widget elementor-widget-text-editor\" data-id=\"7d2ee9ad\" data-element_type=\"widget\" data-widget_type=\"text-editor.default\">\n\t\t\t\t<div class=\"elementor-widget-container\">\n\t\t\t\t\t\t\t\t\t<strong><a href=\"https:\/\/www.tusztusz.pl\/sklep\/product\/27493,marker-kredowy-smw26\">Zobacz cen\u0119 &gt;&gt;&gt;<\/a><\/strong>\t\t\t\t\t\t\t\t<\/div>\n\t\t\t\t<\/div>\n\t\t\t\t\t<\/div>\n\t\t<\/div>\n\t\t\t\t\t<\/div>\n\t\t<\/section>\n\t\t\t\t<\/div>\n\t\t","protected":false},"excerpt":{"rendered":"<p>Kt\u00f3re korektory najlepiej si\u0119 sprawdzaj\u0105? Spis tre\u015bci Korektor w Ta\u015bmie czy w p\u0142ynie? Korektor w ta\u015bmie, czyli tzw. myszka, w p\u0142ynie zamkni\u0119ty pi\u00f3rze, a mo\u017ce z p\u0119dzelkiem? Co wybra\u0107? Czym r\u00f3\u017cni\u0105 si\u0119 poszczeg\u00f3lne rodzaje korektor\u00f3w?\u00a0 Korektor jest praktycznym elementem wyposa\u017cenia &hellip;<\/p>\n<p class=\"read-more\"> <a class=\"ast-button\" href=\"https:\/\/www.tusztusz.pl\/sklepy\/blog\/korektory-do-papieru\/\"> <span class=\"screen-reader-text\">Kt\u00f3re korektory najlepiej si\u0119 sprawdzaj\u0105?<\/span> Wi\u0119cej \u00bb<\/a><\/p>\n","protected":false},"author":5,"featured_media":5798,"comment_status":"closed","ping_status":"closed","sticky":false,"template":"","format":"standard","meta":{"footnotes":""},"categories":[9],"tags":[],"class_list":["post-5795","post","type-post","status-publish","format-standard","has-post-thumbnail","hentry","category-artykuly-edukacyjne"],"_links":{"self":[{"href":"https:\/\/www.tusztusz.pl\/sklepy\/wp-json\/wp\/v2\/posts\/5795","targetHints":{"allow":["GET"]}}],"collection":[{"href":"https:\/\/www.tusztusz.pl\/sklepy\/wp-json\/wp\/v2\/posts"}],"about":[{"href":"https:\/\/www.tusztusz.pl\/sklepy\/wp-json\/wp\/v2\/types\/post"}],"author":[{"embeddable":true,"href":"https:\/\/www.tusztusz.pl\/sklepy\/wp-json\/wp\/v2\/users\/5"}],"replies":[{"embeddable":true,"href":"https:\/\/www.tusztusz.pl\/sklepy\/wp-json\/wp\/v2\/comments?post=5795"}],"version-history":[{"count":8,"href":"https:\/\/www.tusztusz.pl\/sklepy\/wp-json\/wp\/v2\/posts\/5795\/revisions"}],"predecessor-version":[{"id":5810,"href":"https:\/\/www.tusztusz.pl\/sklepy\/wp-json\/wp\/v2\/posts\/5795\/revisions\/5810"}],"wp:featuredmedia":[{"embeddable":true,"href":"https:\/\/www.tusztusz.pl\/sklepy\/wp-json\/wp\/v2\/media\/5798"}],"wp:attachment":[{"href":"https:\/\/www.tusztusz.pl\/sklepy\/wp-json\/wp\/v2\/media?parent=5795"}],"wp:term":[{"taxonomy":"category","embeddable":true,"href":"https:\/\/www.tusztusz.pl\/sklepy\/wp-json\/wp\/v2\/categories?post=5795"},{"taxonomy":"post_tag","embeddable":true,"href":"https:\/\/www.tusztusz.pl\/sklepy\/wp-json\/wp\/v2\/tags?post=5795"}],"curies":[{"name":"wp","href":"https:\/\/api.w.org\/{rel}","templated":true}]}}