{"id":5700,"date":"2021-12-03T09:47:49","date_gmt":"2021-12-03T08:47:49","guid":{"rendered":"https:\/\/www.tusztusz.pl\/sklepy\/?p=5700"},"modified":"2021-12-03T11:30:07","modified_gmt":"2021-12-03T10:30:07","slug":"wzrost-cen-papieru-do-drukarek","status":"publish","type":"post","link":"https:\/\/www.tusztusz.pl\/sklepy\/blog\/wzrost-cen-papieru-do-drukarek\/","title":{"rendered":"Wzrost cen papieru do drukarek"},"content":{"rendered":"\t\t<div data-elementor-type=\"wp-post\" data-elementor-id=\"5700\" class=\"elementor elementor-5700\" data-elementor-post-type=\"post\">\n\t\t\t\t\t\t<section class=\"elementor-section elementor-top-section elementor-element elementor-element-027a055 elementor-section-boxed elementor-section-height-default elementor-section-height-default\" data-id=\"027a055\" data-element_type=\"section\">\n\t\t\t\t\t\t<div class=\"elementor-container elementor-column-gap-default\">\n\t\t\t\t\t<div class=\"elementor-column elementor-col-100 elementor-top-column elementor-element elementor-element-478c7b5\" data-id=\"478c7b5\" data-element_type=\"column\">\n\t\t\t<div class=\"elementor-widget-wrap elementor-element-populated\">\n\t\t\t\t\t\t<div class=\"elementor-element elementor-element-9a2c8db elementor-widget elementor-widget-heading\" data-id=\"9a2c8db\" data-element_type=\"widget\" data-widget_type=\"heading.default\">\n\t\t\t\t<div class=\"elementor-widget-container\">\n\t\t\t\t\t<h1 class=\"elementor-heading-title elementor-size-default\">Znaczny wzrost cen papieru<\/h1>\t\t\t\t<\/div>\n\t\t\t\t<\/div>\n\t\t\t\t\t<\/div>\n\t\t<\/div>\n\t\t\t\t\t<\/div>\n\t\t<\/section>\n\t\t\t\t<section class=\"elementor-section elementor-top-section elementor-element elementor-element-0b419ba elementor-section-boxed elementor-section-height-default elementor-section-height-default\" data-id=\"0b419ba\" data-element_type=\"section\">\n\t\t\t\t\t\t<div class=\"elementor-container elementor-column-gap-default\">\n\t\t\t\t\t<div class=\"elementor-column elementor-col-100 elementor-top-column elementor-element elementor-element-cb02d6b\" data-id=\"cb02d6b\" data-element_type=\"column\">\n\t\t\t<div class=\"elementor-widget-wrap elementor-element-populated\">\n\t\t\t\t\t\t<div class=\"elementor-element elementor-element-b23bfee elementor-widget elementor-widget-text-editor\" data-id=\"b23bfee\" data-element_type=\"widget\" data-widget_type=\"text-editor.default\">\n\t\t\t\t<div class=\"elementor-widget-container\">\n\t\t\t\t\t\t\t\t\t<p>Drodzy Klienci,<\/p><p>od dw\u00f3ch miesi\u0119cy <strong>ze zdumieniem obserwujemy zawirowania na rynku papier\u00f3w do drukarek<\/strong>. W zwi\u0105zku ze znacz\u0105cym wzrostem cen, postanowili\u015bmy napisa\u0107 par\u0119 s\u0142\u00f3w wyja\u015bnie\u0144 wynikaj\u0105cych z naszej subiektywnej analizy sytuacji:<\/p>\t\t\t\t\t\t\t\t<\/div>\n\t\t\t\t<\/div>\n\t\t\t\t<div class=\"elementor-element elementor-element-a3aaabb elementor-widget elementor-widget-heading\" data-id=\"a3aaabb\" data-element_type=\"widget\" data-widget_type=\"heading.default\">\n\t\t\t\t<div class=\"elementor-widget-container\">\n\t\t\t\t\t<h2 class=\"elementor-heading-title elementor-size-default\">Z czego wynikaj\u0105 wzrosty cen?<\/h2>\t\t\t\t<\/div>\n\t\t\t\t<\/div>\n\t\t\t\t<div class=\"elementor-element elementor-element-e9ab18c elementor-icon-list--layout-traditional elementor-list-item-link-full_width elementor-widget elementor-widget-icon-list\" data-id=\"e9ab18c\" data-element_type=\"widget\" data-widget_type=\"icon-list.default\">\n\t\t\t\t<div class=\"elementor-widget-container\">\n\t\t\t\t\t\t\t<ul class=\"elementor-icon-list-items\">\n\t\t\t\t\t\t\t<li class=\"elementor-icon-list-item\">\n\t\t\t\t\t\t\t\t\t\t\t<span class=\"elementor-icon-list-icon\">\n\t\t\t\t\t\t\t<i aria-hidden=\"true\" class=\"fas fa-check\"><\/i>\t\t\t\t\t\t<\/span>\n\t\t\t\t\t\t\t\t\t\t<span class=\"elementor-icon-list-text\">Zmiana profilu dzia\u0142alno\u015bci papierni Storaenso w Mosinie i Ostro\u0142\u0119ce<\/span>\n\t\t\t\t\t\t\t\t\t<\/li>\n\t\t\t\t\t\t\t\t<li class=\"elementor-icon-list-item\">\n\t\t\t\t\t\t\t\t\t\t\t<span class=\"elementor-icon-list-icon\">\n\t\t\t\t\t\t\t<i aria-hidden=\"true\" class=\"fas fa-check\"><\/i>\t\t\t\t\t\t<\/span>\n\t\t\t\t\t\t\t\t\t\t<span class=\"elementor-icon-list-text\">Zmiana w\u0142a\u015bciciela papierni International Paper w Kwidzyniu<\/span>\n\t\t\t\t\t\t\t\t\t<\/li>\n\t\t\t\t\t\t\t\t<li class=\"elementor-icon-list-item\">\n\t\t\t\t\t\t\t\t\t\t\t<span class=\"elementor-icon-list-icon\">\n\t\t\t\t\t\t\t<i aria-hidden=\"true\" class=\"fas fa-check\"><\/i>\t\t\t\t\t\t<\/span>\n\t\t\t\t\t\t\t\t\t\t<span class=\"elementor-icon-list-text\">Znaczny wzrost koszt\u00f3w transportu drogowego<\/span>\n\t\t\t\t\t\t\t\t\t<\/li>\n\t\t\t\t\t\t\t\t<li class=\"elementor-icon-list-item\">\n\t\t\t\t\t\t\t\t\t\t\t<span class=\"elementor-icon-list-icon\">\n\t\t\t\t\t\t\t<i aria-hidden=\"true\" class=\"fas fa-check\"><\/i>\t\t\t\t\t\t<\/span>\n\t\t\t\t\t\t\t\t\t\t<span class=\"elementor-icon-list-text\">S\u0142aba pozycja PLN wzgl\u0119dem Euro i Dolara<\/span>\n\t\t\t\t\t\t\t\t\t<\/li>\n\t\t\t\t\t\t<\/ul>\n\t\t\t\t\t\t<\/div>\n\t\t\t\t<\/div>\n\t\t\t\t<div class=\"elementor-element elementor-element-db0ced2 elementor-widget elementor-widget-text-editor\" data-id=\"db0ced2\" data-element_type=\"widget\" data-widget_type=\"text-editor.default\">\n\t\t\t\t<div class=\"elementor-widget-container\">\n\t\t\t\t\t\t\t\t\t<p>Na prze\u0142omie roku<strong> zmieni\u0142 si\u0119 profil produkcyjny dw\u00f3ch zak\u0142ad\u00f3w<\/strong> marki Storaenso. Zak\u0142ady zlokalizowane w Mosinie i Ostro\u0142\u0119ce dotychczas odpowiada\u0142y za produkcje papier\u00f3w marki Multicopy i Zoom a tak\u017ce marek zewn\u0119trznych. Oba zak\u0142ady zmieni\u0142y profil dzia\u0142alno\u015bci i zaj\u0119\u0142y si\u0119 produkcj\u0105 papier\u00f3w opakowaniowych, tektury falistej itp. W zwi\u0105zku z powy\u017cszym poda\u017c papieru w.w. marek zosta\u0142a mocno uszczuplona.<\/p><p>W pierwszym kwartale roku 2021 <strong>nast\u0105pi\u0142o przej\u0119cie zak\u0142adu produkcji papieru w Kwidzyniu.<\/strong> Nowym w\u0142a\u015bcicielem sta\u0142a si\u0119 firma Mayer &#8211; Melnhof Karton (nazwa Sp\u00f3\u0142ki MM Board &amp; Paper Gmbh). Nie jest wykluczone, \u017ce nowy w\u0142a\u015bciciel postanowi\u0142 zwi\u0119kszy\u0107 rentowno\u015b\u0107 swojej inwestycji przez podniesienie cen papier\u00f3w. Zwi\u0119kszony popyt zewn\u0119trzny sprawi\u0142, \u017ce du\u017ca cz\u0119\u015b\u0107 produkcji kierowana jest na rynki zagranicznie. Poda\u017c papier\u00f3w POL jest ograniczona a ceny papier\u00f3w z Kwidzynia zosta\u0142y w tym kwartale podniesione trzykrotnie, \u0142\u0105cznie o oko\u0142o 40%. Poni\u017cej mo\u017cna zobaczy\u0107 pismo Zarz\u0105du Sp\u00f3\u0142ki skierowane do dystrybutor\u00f3w. <\/p><p>W zwi\u0105zku z <strong>wysokimi cenami paliw<\/strong> oraz negatywnemu wp\u0142ywowi pandemii na spedycj\u0119, mocno podro\u017ca\u0142 r\u00f3wnie\u017c transport drogowy. <br \/><strong>Os\u0142abienie z\u0142ot\u00f3wki<\/strong> wzgl\u0119dem euro i dolara r\u00f3wnie\u017c nie wp\u0142ywa pozytywnie na ceny sprzeda\u017cy produkt\u00f3w. Ceny transakcyjne zawierane s\u0105 w walutach obcych, a wi\u0119c spadek z\u0142otego automatycznie przek\u0142ada si\u0119 na wzrosty cen.<\/p>\t\t\t\t\t\t\t\t<\/div>\n\t\t\t\t<\/div>\n\t\t\t\t<div class=\"elementor-element elementor-element-95b9a25 elementor-widget elementor-widget-heading\" data-id=\"95b9a25\" data-element_type=\"widget\" data-widget_type=\"heading.default\">\n\t\t\t\t<div class=\"elementor-widget-container\">\n\t\t\t\t\t<h2 class=\"elementor-heading-title elementor-size-default\">komunikaty producent\u00f3w papieru w sprawie wzrostu cen<\/h2>\t\t\t\t<\/div>\n\t\t\t\t<\/div>\n\t\t\t\t<div class=\"elementor-element elementor-element-7c5e184 elementor-widget elementor-widget-text-editor\" data-id=\"7c5e184\" data-element_type=\"widget\" data-widget_type=\"text-editor.default\">\n\t\t\t\t<div class=\"elementor-widget-container\">\n\t\t\t\t\t\t\t\t\t<p>Komunikaty kt\u00f3re otrzymujemy od dystrybutor\u00f3w papieru.\u00a0<\/p>\t\t\t\t\t\t\t\t<\/div>\n\t\t\t\t<\/div>\n\t\t\t\t<div class=\"elementor-element elementor-element-1c1288c elementor-widget elementor-widget-gallery\" data-id=\"1c1288c\" data-element_type=\"widget\" data-settings=\"{&quot;gallery_layout&quot;:&quot;justified&quot;,&quot;ideal_row_height&quot;:{&quot;unit&quot;:&quot;px&quot;,&quot;size&quot;:498,&quot;sizes&quot;:[]},&quot;lazyload&quot;:&quot;yes&quot;,&quot;ideal_row_height_tablet&quot;:{&quot;unit&quot;:&quot;px&quot;,&quot;size&quot;:150,&quot;sizes&quot;:[]},&quot;ideal_row_height_mobile&quot;:{&quot;unit&quot;:&quot;px&quot;,&quot;size&quot;:150,&quot;sizes&quot;:[]},&quot;gap&quot;:{&quot;unit&quot;:&quot;px&quot;,&quot;size&quot;:10,&quot;sizes&quot;:[]},&quot;gap_tablet&quot;:{&quot;unit&quot;:&quot;px&quot;,&quot;size&quot;:10,&quot;sizes&quot;:[]},&quot;gap_mobile&quot;:{&quot;unit&quot;:&quot;px&quot;,&quot;size&quot;:10,&quot;sizes&quot;:[]},&quot;link_to&quot;:&quot;file&quot;,&quot;overlay_background&quot;:&quot;yes&quot;,&quot;content_hover_animation&quot;:&quot;fade-in&quot;}\" data-widget_type=\"gallery.default\">\n\t\t\t\t<div class=\"elementor-widget-container\">\n\t\t\t\t\t\t\t<div class=\"elementor-gallery__container\">\n\t\t\t\t\t\t\t<a class=\"e-gallery-item elementor-gallery-item elementor-animated-content\" href=\"https:\/\/www.tusztusz.pl\/sklepy\/wp-content\/uploads\/2021\/12\/SKMBT_C22021120309300-scaled.jpg\" data-elementor-open-lightbox=\"yes\" data-elementor-lightbox-slideshow=\"1c1288c\" data-elementor-lightbox-title=\"SKMBT_C22021120309300\" data-e-action-hash=\"#elementor-action%3Aaction%3Dlightbox%26settings%3DeyJpZCI6NTcwNSwidXJsIjoiaHR0cHM6XC9cL3d3dy50dXN6dHVzei5wbFwvc2tsZXB5XC93cC1jb250ZW50XC91cGxvYWRzXC8yMDIxXC8xMlwvU0tNQlRfQzIyMDIxMTIwMzA5MzAwLXNjYWxlZC5qcGciLCJzbGlkZXNob3ciOiIxYzEyODhjIn0%3D\">\n\t\t\t\t\t<div class=\"e-gallery-image elementor-gallery-item__image\" data-thumbnail=\"https:\/\/www.tusztusz.pl\/sklepy\/wp-content\/uploads\/2021\/12\/SKMBT_C22021120309300-768x1086.jpg\" data-width=\"768\" data-height=\"1086\" aria-label=\"\" role=\"img\" ><\/div>\n\t\t\t\t\t\t\t\t\t\t\t<div class=\"elementor-gallery-item__overlay\"><\/div>\n\t\t\t\t\t\t\t\t\t\t\t\t\t\t<\/a>\n\t\t\t\t\t\t\t<a class=\"e-gallery-item elementor-gallery-item elementor-animated-content\" href=\"https:\/\/www.tusztusz.pl\/sklepy\/wp-content\/uploads\/2021\/12\/SKMBT_C22021120309290-scaled.jpg\" data-elementor-open-lightbox=\"yes\" data-elementor-lightbox-slideshow=\"1c1288c\" data-elementor-lightbox-title=\"SKMBT_C22021120309290\" data-e-action-hash=\"#elementor-action%3Aaction%3Dlightbox%26settings%3DeyJpZCI6NTcwNiwidXJsIjoiaHR0cHM6XC9cL3d3dy50dXN6dHVzei5wbFwvc2tsZXB5XC93cC1jb250ZW50XC91cGxvYWRzXC8yMDIxXC8xMlwvU0tNQlRfQzIyMDIxMTIwMzA5MjkwLXNjYWxlZC5qcGciLCJzbGlkZXNob3ciOiIxYzEyODhjIn0%3D\">\n\t\t\t\t\t<div class=\"e-gallery-image elementor-gallery-item__image\" data-thumbnail=\"https:\/\/www.tusztusz.pl\/sklepy\/wp-content\/uploads\/2021\/12\/SKMBT_C22021120309290-768x1086.jpg\" data-width=\"768\" data-height=\"1086\" aria-label=\"\" role=\"img\" ><\/div>\n\t\t\t\t\t\t\t\t\t\t\t<div class=\"elementor-gallery-item__overlay\"><\/div>\n\t\t\t\t\t\t\t\t\t\t\t\t\t\t<\/a>\n\t\t\t\t\t\t\t<a class=\"e-gallery-item elementor-gallery-item elementor-animated-content\" href=\"https:\/\/www.tusztusz.pl\/sklepy\/wp-content\/uploads\/2021\/12\/SKMBT_C22021120309301-scaled.jpg\" data-elementor-open-lightbox=\"yes\" data-elementor-lightbox-slideshow=\"1c1288c\" data-elementor-lightbox-title=\"SKMBT_C22021120309301\" data-e-action-hash=\"#elementor-action%3Aaction%3Dlightbox%26settings%3DeyJpZCI6NTcwNywidXJsIjoiaHR0cHM6XC9cL3d3dy50dXN6dHVzei5wbFwvc2tsZXB5XC93cC1jb250ZW50XC91cGxvYWRzXC8yMDIxXC8xMlwvU0tNQlRfQzIyMDIxMTIwMzA5MzAxLXNjYWxlZC5qcGciLCJzbGlkZXNob3ciOiIxYzEyODhjIn0%3D\">\n\t\t\t\t\t<div class=\"e-gallery-image elementor-gallery-item__image\" data-thumbnail=\"https:\/\/www.tusztusz.pl\/sklepy\/wp-content\/uploads\/2021\/12\/SKMBT_C22021120309301-768x1086.jpg\" data-width=\"768\" data-height=\"1086\" aria-label=\"\" role=\"img\" ><\/div>\n\t\t\t\t\t\t\t\t\t\t\t<div class=\"elementor-gallery-item__overlay\"><\/div>\n\t\t\t\t\t\t\t\t\t\t\t\t\t\t<\/a>\n\t\t\t\t\t<\/div>\n\t\t\t\t\t<\/div>\n\t\t\t\t<\/div>\n\t\t\t\t<div class=\"elementor-element elementor-element-8da5197 elementor-widget elementor-widget-heading\" data-id=\"8da5197\" data-element_type=\"widget\" data-widget_type=\"heading.default\">\n\t\t\t\t<div class=\"elementor-widget-container\">\n\t\t\t\t\t<h2 class=\"elementor-heading-title elementor-size-default\">PODSUMOWANIE<\/h2>\t\t\t\t<\/div>\n\t\t\t\t<\/div>\n\t\t\t\t<div class=\"elementor-element elementor-element-6723b6a elementor-widget elementor-widget-text-editor\" data-id=\"6723b6a\" data-element_type=\"widget\" data-widget_type=\"text-editor.default\">\n\t\t\t\t<div class=\"elementor-widget-container\">\n\t\t\t\t\t\t\t\t\t<p>Chcia\u0142bym zaznaczy\u0107, \u017ce powy\u017cszy tekst jest jedynie wynikiem obserwacji i analiz dost\u0119pnych powszechnie informacji. Tezy w nim zawarte s\u0105 subiektywne i stanowi\u0105 nasz\u0105 opinie.\u00a0<\/p><p>Jednocze\u015bnie<strong> zapewniamy Pa\u0144stwa i\u017c dok\u0142adamy wszelkich stara\u0144 aby utrzyma\u0107 atrakcyjne poziomy cen<\/strong> papier\u00f3w oraz innych produkt\u00f3w z naszej oferty. Jeste\u015bmy w sta\u0142ym kontakcie ze wszystkimi znacz\u0105cymi dystrybutorami i szukamy dla Pa\u0144stwa <strong>najlepszych produkt\u00f3w w najlepszych cenach<\/strong>. Zach\u0119camy do testowania papier\u00f3w bud\u017cetowych, kt\u00f3rych parametry s\u0105 zbli\u017cone do tych znanych marek, a cena ni\u017csza.<\/p><p>W przypadku pyta\u0144 jeste\u015bmy do Pa\u0144stwa dyspozycji.\u00a0<\/p>\t\t\t\t\t\t\t\t<\/div>\n\t\t\t\t<\/div>\n\t\t\t\t<div class=\"elementor-element elementor-element-c4c919d elementor-widget elementor-widget-text-editor\" data-id=\"c4c919d\" data-element_type=\"widget\" data-widget_type=\"text-editor.default\">\n\t\t\t\t<div class=\"elementor-widget-container\">\n\t\t\t\t\t\t\t\t\t<p>Z wyrazami szacunku,<\/p><p>Jan Ambrozi\u0144ski,<br \/>w\u0142a\u015bciciel TuszTusz.pl<\/p>\t\t\t\t\t\t\t\t<\/div>\n\t\t\t\t<\/div>\n\t\t\t\t\t<\/div>\n\t\t<\/div>\n\t\t\t\t\t<\/div>\n\t\t<\/section>\n\t\t\t\t<\/div>\n\t\t","protected":false},"excerpt":{"rendered":"<p>Znaczny wzrost cen papieru Drodzy Klienci, od dw\u00f3ch miesi\u0119cy ze zdumieniem obserwujemy zawirowania na rynku papier\u00f3w do drukarek. W zwi\u0105zku ze znacz\u0105cym wzrostem cen, postanowili\u015bmy napisa\u0107 par\u0119 s\u0142\u00f3w wyja\u015bnie\u0144 wynikaj\u0105cych z naszej subiektywnej analizy sytuacji: Z czego wynikaj\u0105 wzrosty cen? &hellip;<\/p>\n<p class=\"read-more\"> <a class=\"ast-button\" href=\"https:\/\/www.tusztusz.pl\/sklepy\/blog\/wzrost-cen-papieru-do-drukarek\/\"> <span class=\"screen-reader-text\">Wzrost cen papieru do drukarek<\/span> Wi\u0119cej \u00bb<\/a><\/p>\n","protected":false},"author":2,"featured_media":5701,"comment_status":"closed","ping_status":"closed","sticky":false,"template":"","format":"standard","meta":{"footnotes":""},"categories":[6],"tags":[],"class_list":["post-5700","post","type-post","status-publish","format-standard","has-post-thumbnail","hentry","category-aktualnosci"],"_links":{"self":[{"href":"https:\/\/www.tusztusz.pl\/sklepy\/wp-json\/wp\/v2\/posts\/5700","targetHints":{"allow":["GET"]}}],"collection":[{"href":"https:\/\/www.tusztusz.pl\/sklepy\/wp-json\/wp\/v2\/posts"}],"about":[{"href":"https:\/\/www.tusztusz.pl\/sklepy\/wp-json\/wp\/v2\/types\/post"}],"author":[{"embeddable":true,"href":"https:\/\/www.tusztusz.pl\/sklepy\/wp-json\/wp\/v2\/users\/2"}],"replies":[{"embeddable":true,"href":"https:\/\/www.tusztusz.pl\/sklepy\/wp-json\/wp\/v2\/comments?post=5700"}],"version-history":[{"count":16,"href":"https:\/\/www.tusztusz.pl\/sklepy\/wp-json\/wp\/v2\/posts\/5700\/revisions"}],"predecessor-version":[{"id":5722,"href":"https:\/\/www.tusztusz.pl\/sklepy\/wp-json\/wp\/v2\/posts\/5700\/revisions\/5722"}],"wp:featuredmedia":[{"embeddable":true,"href":"https:\/\/www.tusztusz.pl\/sklepy\/wp-json\/wp\/v2\/media\/5701"}],"wp:attachment":[{"href":"https:\/\/www.tusztusz.pl\/sklepy\/wp-json\/wp\/v2\/media?parent=5700"}],"wp:term":[{"taxonomy":"category","embeddable":true,"href":"https:\/\/www.tusztusz.pl\/sklepy\/wp-json\/wp\/v2\/categories?post=5700"},{"taxonomy":"post_tag","embeddable":true,"href":"https:\/\/www.tusztusz.pl\/sklepy\/wp-json\/wp\/v2\/tags?post=5700"}],"curies":[{"name":"wp","href":"https:\/\/api.w.org\/{rel}","templated":true}]}}