{"id":5663,"date":"2021-11-17T12:28:52","date_gmt":"2021-11-17T11:28:52","guid":{"rendered":"https:\/\/www.tusztusz.pl\/sklepy\/?p=5663"},"modified":"2023-06-29T21:40:31","modified_gmt":"2023-06-29T19:40:31","slug":"czym-zmyc-tusz-z-pieczatki","status":"publish","type":"post","link":"https:\/\/www.tusztusz.pl\/sklepy\/blog\/czym-zmyc-tusz-z-pieczatki\/","title":{"rendered":"Czym zmy\u0107 tusz z piecz\u0105tki z r\u0105k?"},"content":{"rendered":"\t\t<div data-elementor-type=\"wp-post\" data-elementor-id=\"5663\" class=\"elementor elementor-5663\" data-elementor-post-type=\"post\">\n\t\t\t\t\t\t<section class=\"elementor-section elementor-top-section elementor-element elementor-element-69c62a78 elementor-section-boxed elementor-section-height-default elementor-section-height-default\" data-id=\"69c62a78\" data-element_type=\"section\">\n\t\t\t\t\t\t<div class=\"elementor-container elementor-column-gap-default\">\n\t\t\t\t\t<div class=\"elementor-column elementor-col-100 elementor-top-column elementor-element elementor-element-5d1120f0\" data-id=\"5d1120f0\" data-element_type=\"column\">\n\t\t\t<div class=\"elementor-widget-wrap elementor-element-populated\">\n\t\t\t\t\t\t<div class=\"elementor-element elementor-element-2723f47f elementor-widget elementor-widget-heading\" data-id=\"2723f47f\" data-element_type=\"widget\" data-widget_type=\"heading.default\">\n\t\t\t\t<div class=\"elementor-widget-container\">\n\t\t\t\t\t<h1 class=\"elementor-heading-title elementor-size-default\">Czym zmy\u0107 tusz z piecz\u0105tki z r\u0105k?<\/h1>\t\t\t\t<\/div>\n\t\t\t\t<\/div>\n\t\t\t\t<div class=\"elementor-element elementor-element-350c1bb2 elementor-widget elementor-widget-image\" data-id=\"350c1bb2\" data-element_type=\"widget\" data-widget_type=\"image.default\">\n\t\t\t\t<div class=\"elementor-widget-container\">\n\t\t\t\t\t\t\t\t\t\t\t\t\t\t\t<img fetchpriority=\"high\" decoding=\"async\" width=\"640\" height=\"426\" src=\"https:\/\/www.tusztusz.pl\/sklepy\/wp-content\/uploads\/2021\/11\/hand-washing-4818792_640.jpg\" class=\"attachment-2048x2048 size-2048x2048 wp-image-5667\" alt=\"Czym zmy\u0107 tusz z piecz\u0105tki a\" srcset=\"https:\/\/www.tusztusz.pl\/sklepy\/wp-content\/uploads\/2021\/11\/hand-washing-4818792_640.jpg 640w, https:\/\/www.tusztusz.pl\/sklepy\/wp-content\/uploads\/2021\/11\/hand-washing-4818792_640-300x200.jpg 300w\" sizes=\"(max-width: 640px) 100vw, 640px\" \/>\t\t\t\t\t\t\t\t\t\t\t\t\t\t\t<\/div>\n\t\t\t\t<\/div>\n\t\t\t\t<div class=\"elementor-element elementor-element-bb71d21 elementor-widget elementor-widget-text-editor\" data-id=\"bb71d21\" data-element_type=\"widget\" data-widget_type=\"text-editor.default\">\n\t\t\t\t<div class=\"elementor-widget-container\">\n\t\t\t\t\t\t\t\t\t<p><strong>Masz du\u017co papierkowej roboty, a tusz niepostrze\u017cenie odciska si\u0119 na r\u0119kach i ubraniach? Kolorowe \u015blady po tuszu z piecz\u0105tek z pewno\u015bci\u0105 nie wygl\u0105daj\u0105 zbyt estetycznie, zw\u0142aszcza je\u015bli szykujesz si\u0119 na zebranie sprawozdawcze lub masz um\u00f3wionego klienta. Czy zatem zmy\u0107 tusz z piecz\u0105tek? Czy jest na to szybki spos\u00f3b? Poznaj nasze proste metody.<\/strong><\/p>\t\t\t\t\t\t\t\t<\/div>\n\t\t\t\t<\/div>\n\t\t\t\t<div class=\"elementor-element elementor-element-4121d3a elementor-widget elementor-widget-global elementor-global-5458 elementor-widget-table-of-contents\" data-id=\"4121d3a\" data-element_type=\"widget\" data-settings=\"{&quot;headings_by_tags&quot;:[&quot;h2&quot;],&quot;exclude_headings_by_selector&quot;:&quot;footer&quot;,&quot;marker_view&quot;:&quot;bullets&quot;,&quot;min_height&quot;:{&quot;unit&quot;:&quot;px&quot;,&quot;size&quot;:&quot;0&quot;,&quot;sizes&quot;:[]},&quot;icon&quot;:{&quot;value&quot;:&quot;fas fa-circle&quot;,&quot;library&quot;:&quot;fa-solid&quot;},&quot;no_headings_message&quot;:&quot;No headings were found on this page.&quot;,&quot;hierarchical_view&quot;:&quot;yes&quot;,&quot;min_height_tablet&quot;:{&quot;unit&quot;:&quot;px&quot;,&quot;size&quot;:&quot;&quot;,&quot;sizes&quot;:[]},&quot;min_height_mobile&quot;:{&quot;unit&quot;:&quot;px&quot;,&quot;size&quot;:&quot;&quot;,&quot;sizes&quot;:[]}}\" data-widget_type=\"table-of-contents.default\">\n\t\t\t\t<div class=\"elementor-widget-container\">\n\t\t\t\t\t\t\t<div class=\"elementor-toc__header\">\n\t\t\t<h2 class=\"elementor-toc__header-title\">\n\t\t\t\tSpis tre\u015bci\t\t\t<\/h2>\n\t\t\t\t\t<\/div>\n\t\t<div id=\"elementor-toc__4121d3a\" class=\"elementor-toc__body\">\n\t\t\t<div class=\"elementor-toc__spinner-container\">\n\t\t\t\t<i class=\"elementor-toc__spinner eicon-animation-spin eicon-loading\" aria-hidden=\"true\"><\/i>\t\t\t<\/div>\n\t\t<\/div>\n\t\t\t\t\t\t<\/div>\n\t\t\t\t<\/div>\n\t\t\t\t<div class=\"elementor-element elementor-element-4803f731 elementor-widget elementor-widget-spacer\" data-id=\"4803f731\" data-element_type=\"widget\" data-widget_type=\"spacer.default\">\n\t\t\t\t<div class=\"elementor-widget-container\">\n\t\t\t\t\t\t\t<div class=\"elementor-spacer\">\n\t\t\t<div class=\"elementor-spacer-inner\"><\/div>\n\t\t<\/div>\n\t\t\t\t\t\t<\/div>\n\t\t\t\t<\/div>\n\t\t\t\t<div class=\"elementor-element elementor-element-180e1fda elementor-widget elementor-widget-heading\" data-id=\"180e1fda\" data-element_type=\"widget\" data-widget_type=\"heading.default\">\n\t\t\t\t<div class=\"elementor-widget-container\">\n\t\t\t\t\t<h2 class=\"elementor-heading-title elementor-size-default\">Czy zmy\u0107 tusz z d\u0142oni? Par\u0119 s\u0142\u00f3w o skuteczno\u015bci<\/h2>\t\t\t\t<\/div>\n\t\t\t\t<\/div>\n\t\t\t\t<div class=\"elementor-element elementor-element-118551e elementor-widget elementor-widget-image\" data-id=\"118551e\" data-element_type=\"widget\" data-widget_type=\"image.default\">\n\t\t\t\t<div class=\"elementor-widget-container\">\n\t\t\t\t\t\t\t\t\t\t\t\t\t\t\t<img decoding=\"async\" width=\"640\" height=\"480\" data-src=\"https:\/\/www.tusztusz.pl\/sklepy\/wp-content\/uploads\/2021\/11\/rubber-stamp-600602_640.jpg\" class=\"attachment-medium_large size-medium_large wp-image-5666 lazyload\" alt=\"Czym zmy\u0107 tusz z piecz\u0105tki\" data-srcset=\"https:\/\/www.tusztusz.pl\/sklepy\/wp-content\/uploads\/2021\/11\/rubber-stamp-600602_640.jpg 640w, https:\/\/www.tusztusz.pl\/sklepy\/wp-content\/uploads\/2021\/11\/rubber-stamp-600602_640-300x225.jpg 300w\" data-sizes=\"(max-width: 640px) 100vw, 640px\" src=\"data:image\/gif;base64,R0lGODlhAQABAAAAACH5BAEKAAEALAAAAAABAAEAAAICTAEAOw==\" style=\"--smush-placeholder-width: 640px; --smush-placeholder-aspect-ratio: 640\/480;\" \/>\t\t\t\t\t\t\t\t\t\t\t\t\t\t\t<\/div>\n\t\t\t\t<\/div>\n\t\t\t\t<div class=\"elementor-element elementor-element-6d41d28 elementor-widget elementor-widget-text-editor\" data-id=\"6d41d28\" data-element_type=\"widget\" data-widget_type=\"text-editor.default\">\n\t\t\t\t<div class=\"elementor-widget-container\">\n\t\t\t\t\t\t\t\t\t<p>Nawet najbardziej wprawieni w boju pracownicy, staj\u0105 si\u0119 od czasu do czasu ofiar\u0105 piecz\u0105tek. Tusz niepostrze\u017cenie odciska swoje pi\u0119tno na r\u0119kach i ubraniach. Obecnie do wyboru s\u0105 r\u00f3\u017cne<a href=\"https:\/\/www.tusztusz.pl\/sklep\/products\/pieczatki\/tusze-modico\"> kolory tusz\u00f3w do piecz\u0105tek<\/a>, czerwone, zielone czy niebieskie. Nie wygl\u0105da to efektownie na r\u0119kach, a ju\u017c szczeg\u00f3lnie w miejscu pracy, przed wa\u017cnym spotkaniem b\u0105d\u017a przy obs\u0142udze klient\u00f3w.\u00a0<\/p>\t\t\t\t\t\t\t\t<\/div>\n\t\t\t\t<\/div>\n\t\t\t\t<div class=\"elementor-element elementor-element-1b08654d elementor-widget elementor-widget-spacer\" data-id=\"1b08654d\" data-element_type=\"widget\" data-widget_type=\"spacer.default\">\n\t\t\t\t<div class=\"elementor-widget-container\">\n\t\t\t\t\t\t\t<div class=\"elementor-spacer\">\n\t\t\t<div class=\"elementor-spacer-inner\"><\/div>\n\t\t<\/div>\n\t\t\t\t\t\t<\/div>\n\t\t\t\t<\/div>\n\t\t\t\t<div class=\"elementor-element elementor-element-4df76011 elementor-widget elementor-widget-heading\" data-id=\"4df76011\" data-element_type=\"widget\" data-widget_type=\"heading.default\">\n\t\t\t\t<div class=\"elementor-widget-container\">\n\t\t\t\t\t<h2 class=\"elementor-heading-title elementor-size-default\">Niezawodna cytryna na tusz z piecz\u0105tki<\/h2>\t\t\t\t<\/div>\n\t\t\t\t<\/div>\n\t\t\t\t<div class=\"elementor-element elementor-element-7bae05ca elementor-widget elementor-widget-text-editor\" data-id=\"7bae05ca\" data-element_type=\"widget\" data-widget_type=\"text-editor.default\">\n\t\t\t\t<div class=\"elementor-widget-container\">\n\t\t\t\t\t\t\t\t\t<p>\u017b\u00f3\u0142ta i kwa\u015bna, uznawana jest za jeden z najlepszych, naturalnych odplamiaczy i spos\u00f3b na usuni\u0119cie trudnych zabrudze\u0144, mi\u0119dzy innymi w\u0142a\u015bnie z r\u0105k. Cytryna, a dok\u0142adnie sok z niej wyci\u015bni\u0119ty, jest odpowiedzi\u0105 na to jak zmy\u0107 tusz z piecz\u0105tki. Zazwyczaj mamy j\u0105 w domu i jest cz\u0119sto w firmowych kuchniach. Opcj\u0105 jest sok cytrynowy b\u0105d\u017a kwasek.<br \/><a href=\"https:\/\/www.tusztusz.pl\/sklep\/products\/pieczatki\/pieczatki-firmowe\" target=\"_blank\" rel=\"noopener\">Piecz\u0105tki\u00a0<\/a>maj\u0105 r\u00f3\u017cne tusze, zabrudzenia po jednych schodz\u0105 ju\u017c pod wod\u0105 z myd\u0142em, a przy innych potrzebny jest mocniejszy kaliber.\u00a0<\/p>\t\t\t\t\t\t\t\t<\/div>\n\t\t\t\t<\/div>\n\t\t\t\t<div class=\"elementor-element elementor-element-4f682d3e elementor-widget elementor-widget-image\" data-id=\"4f682d3e\" data-element_type=\"widget\" data-widget_type=\"image.default\">\n\t\t\t\t<div class=\"elementor-widget-container\">\n\t\t\t\t\t\t\t\t\t\t\t\t\t\t\t<img decoding=\"async\" width=\"640\" height=\"423\" data-src=\"https:\/\/www.tusztusz.pl\/sklepy\/wp-content\/uploads\/2021\/11\/food-1239236_640.jpg\" class=\"attachment-medium_large size-medium_large wp-image-5668 lazyload\" alt=\"Czym zmy\u0107 tusz z piecz\u0105tki 1\" data-srcset=\"https:\/\/www.tusztusz.pl\/sklepy\/wp-content\/uploads\/2021\/11\/food-1239236_640.jpg 640w, https:\/\/www.tusztusz.pl\/sklepy\/wp-content\/uploads\/2021\/11\/food-1239236_640-300x198.jpg 300w\" data-sizes=\"(max-width: 640px) 100vw, 640px\" src=\"data:image\/gif;base64,R0lGODlhAQABAAAAACH5BAEKAAEALAAAAAABAAEAAAICTAEAOw==\" style=\"--smush-placeholder-width: 640px; --smush-placeholder-aspect-ratio: 640\/423;\" \/>\t\t\t\t\t\t\t\t\t\t\t\t\t\t\t<\/div>\n\t\t\t\t<\/div>\n\t\t\t\t<div class=\"elementor-element elementor-element-1cb0f9e8 elementor-widget elementor-widget-spacer\" data-id=\"1cb0f9e8\" data-element_type=\"widget\" data-widget_type=\"spacer.default\">\n\t\t\t\t<div class=\"elementor-widget-container\">\n\t\t\t\t\t\t\t<div class=\"elementor-spacer\">\n\t\t\t<div class=\"elementor-spacer-inner\"><\/div>\n\t\t<\/div>\n\t\t\t\t\t\t<\/div>\n\t\t\t\t<\/div>\n\t\t\t\t<div class=\"elementor-element elementor-element-2468783 elementor-widget elementor-widget-text-editor\" data-id=\"2468783\" data-element_type=\"widget\" data-widget_type=\"text-editor.default\">\n\t\t\t\t<div class=\"elementor-widget-container\">\n\t\t\t\t\t\t\t\t\t<p>Je\u015bli woda z myd\u0142em nie wystarczy, to warto spr\u00f3bowa\u0107 u\u017cy\u0107 soku z cytryny. Wyciskaj\u0105c owoc nad d\u0142oni\u0105 i wcieraj\u0105c w \u015blady po tuszu. A p\u00f3\u017aniej umy\u0107 r\u0119ce myd\u0142em.<\/p>\t\t\t\t\t\t\t\t<\/div>\n\t\t\t\t<\/div>\n\t\t\t\t<div class=\"elementor-element elementor-element-17c8b39c elementor-widget elementor-widget-heading\" data-id=\"17c8b39c\" data-element_type=\"widget\" data-widget_type=\"heading.default\">\n\t\t\t\t<div class=\"elementor-widget-container\">\n\t\t\t\t\t<h2 class=\"elementor-heading-title elementor-size-default\">Czym zmy\u0107 tusz? Szczypt\u0105 soli<\/h2>\t\t\t\t<\/div>\n\t\t\t\t<\/div>\n\t\t\t\t<div class=\"elementor-element elementor-element-63cab3e5 elementor-widget elementor-widget-text-editor\" data-id=\"63cab3e5\" data-element_type=\"widget\" data-widget_type=\"text-editor.default\">\n\t\t\t\t<div class=\"elementor-widget-container\">\n\t\t\t\t\t\t\t\t\t<p>Bia\u0142y, s\u0142ony dodatek do codziennej kuchni jest te\u017c \u015bwietnym naturalnym odplamiaczem! Gdy w pracy nie ma cytryny, to s\u00f3l mo\u017ce j\u0105 zast\u0105pi\u0107. Jak zmy\u0107 tusz z piecz\u0105tki przy u\u017cyciu soli? Robi\u0105c papk\u0119 z soli i wody, a nast\u0119pnie pocieraj\u0105c zabrudzenia. To najprostszy spos\u00f3b z u\u017cyciem soli.\u00a0<\/p><p>Mocn\u0105, naturaln\u0105 past\u0105 odplamiaj\u0105c\u0105 jest po\u0142\u0105czenie soli i soku z cytryny. Do soli zamiast wody, nale\u017cy w\u00f3wczas doda\u0107 sok z cytryny. I tak\u0105 papk\u0105 umy\u0107 r\u0119ce. Je\u015bli tusz do piecz\u0105tek nadal jest na r\u0119kach, cho\u0107 ju\u017c pewnie w wersji mocno wyblak\u0142ej, to do takiej mieszanki mo\u017cna jeszcze doda\u0107 sody oczyszczonej.\u00a0<\/p>\t\t\t\t\t\t\t\t<\/div>\n\t\t\t\t<\/div>\n\t\t\t\t<div class=\"elementor-element elementor-element-8529ad6 elementor-widget elementor-widget-image\" data-id=\"8529ad6\" data-element_type=\"widget\" data-widget_type=\"image.default\">\n\t\t\t\t<div class=\"elementor-widget-container\">\n\t\t\t\t\t\t\t\t\t\t\t\t\t\t\t<img decoding=\"async\" width=\"640\" height=\"426\" data-src=\"https:\/\/www.tusztusz.pl\/sklepy\/wp-content\/uploads\/2021\/11\/salt-4418749_640.jpg\" class=\"attachment-medium_large size-medium_large wp-image-5669 lazyload\" alt=\"Czym zmy\u0107 tusz z piecz\u0105tki 2\" data-srcset=\"https:\/\/www.tusztusz.pl\/sklepy\/wp-content\/uploads\/2021\/11\/salt-4418749_640.jpg 640w, https:\/\/www.tusztusz.pl\/sklepy\/wp-content\/uploads\/2021\/11\/salt-4418749_640-300x200.jpg 300w\" data-sizes=\"(max-width: 640px) 100vw, 640px\" src=\"data:image\/gif;base64,R0lGODlhAQABAAAAACH5BAEKAAEALAAAAAABAAEAAAICTAEAOw==\" style=\"--smush-placeholder-width: 640px; --smush-placeholder-aspect-ratio: 640\/426;\" \/>\t\t\t\t\t\t\t\t\t\t\t\t\t\t\t<\/div>\n\t\t\t\t<\/div>\n\t\t\t\t<div class=\"elementor-element elementor-element-57dd51c elementor-widget elementor-widget-spacer\" data-id=\"57dd51c\" data-element_type=\"widget\" data-widget_type=\"spacer.default\">\n\t\t\t\t<div class=\"elementor-widget-container\">\n\t\t\t\t\t\t\t<div class=\"elementor-spacer\">\n\t\t\t<div class=\"elementor-spacer-inner\"><\/div>\n\t\t<\/div>\n\t\t\t\t\t\t<\/div>\n\t\t\t\t<\/div>\n\t\t\t\t<div class=\"elementor-element elementor-element-9c39acd elementor-widget elementor-widget-heading\" data-id=\"9c39acd\" data-element_type=\"widget\" data-widget_type=\"heading.default\">\n\t\t\t\t<div class=\"elementor-widget-container\">\n\t\t\t\t\t<h2 class=\"elementor-heading-title elementor-size-default\">Mocniejsze uderzenie w tusz z piecz\u0105tki \u2013 \u015brodki chemiczne i kosmetyczne<\/h2>\t\t\t\t<\/div>\n\t\t\t\t<\/div>\n\t\t\t\t<div class=\"elementor-element elementor-element-8f60144 elementor-widget elementor-widget-text-editor\" data-id=\"8f60144\" data-element_type=\"widget\" data-widget_type=\"text-editor.default\">\n\t\t\t\t<div class=\"elementor-widget-container\">\n\t\t\t\t\t\t\t\t\t<p>Tusz do piecz\u0105tek mo\u017ce pozostawi\u0107 na r\u0119kach trudniejsze do zmycia plamy. To co si\u0119 wtedy przydaje, je\u015bli myd\u0142o i wymienione wcze\u015bniej \u015brodki spo\u017cywcze zawiod\u0105, to kosmetyki albo detergenty. \u015awietn\u0105 opcj\u0105 jest mleczko do demakija\u017cu, ale nie takie zwyk\u0142e, a do wodoodpornego.\u00a0<\/p><p>Tego typu mleczko jest delikatne dla sk\u00f3ry, a zarazem dobrze radzi sobie z tuszem, szczeg\u00f3lnie z<a href=\"https:\/\/www.tusztusz.pl\/sklep\/product\/16693,tusz-olejowy-210-noris\" target=\"_blank\" rel=\"noopener\"> tuszem olejowym<\/a>. Z zabrudzeniami na r\u0119kach po piecz\u0105tkach poradzi sobie te\u017c aceton- zmywacz do paznokci, rozpuszczalnik. Pomocny jest r\u00f3wnie\u017c pumeks kosmetyczny, najlepiej naturalny, kt\u00f3rym mo\u017cna delikatnie zetrze\u0107 plamy po tuszu na r\u0119kach.\u00a0<\/p>\t\t\t\t\t\t\t\t<\/div>\n\t\t\t\t<\/div>\n\t\t\t\t<div class=\"elementor-element elementor-element-25198c5 elementor-widget elementor-widget-image\" data-id=\"25198c5\" data-element_type=\"widget\" data-widget_type=\"image.default\">\n\t\t\t\t<div class=\"elementor-widget-container\">\n\t\t\t\t\t\t\t\t\t\t\t\t\t\t\t<img decoding=\"async\" width=\"768\" height=\"512\" data-src=\"https:\/\/www.tusztusz.pl\/sklepy\/wp-content\/uploads\/2021\/11\/cream-4713579_1920-768x512.jpg\" class=\"attachment-medium_large size-medium_large wp-image-5671 lazyload\" alt=\"Czym zmy\u0107 tusz z piecz\u0105tki 3\" data-srcset=\"https:\/\/www.tusztusz.pl\/sklepy\/wp-content\/uploads\/2021\/11\/cream-4713579_1920-768x512.jpg 768w, https:\/\/www.tusztusz.pl\/sklepy\/wp-content\/uploads\/2021\/11\/cream-4713579_1920-300x200.jpg 300w, https:\/\/www.tusztusz.pl\/sklepy\/wp-content\/uploads\/2021\/11\/cream-4713579_1920-1024x683.jpg 1024w, https:\/\/www.tusztusz.pl\/sklepy\/wp-content\/uploads\/2021\/11\/cream-4713579_1920-1536x1024.jpg 1536w, https:\/\/www.tusztusz.pl\/sklepy\/wp-content\/uploads\/2021\/11\/cream-4713579_1920.jpg 1920w\" data-sizes=\"(max-width: 768px) 100vw, 768px\" src=\"data:image\/gif;base64,R0lGODlhAQABAAAAACH5BAEKAAEALAAAAAABAAEAAAICTAEAOw==\" style=\"--smush-placeholder-width: 768px; --smush-placeholder-aspect-ratio: 768\/512;\" \/>\t\t\t\t\t\t\t\t\t\t\t\t\t\t\t<\/div>\n\t\t\t\t<\/div>\n\t\t\t\t<div class=\"elementor-element elementor-element-be75dd4 elementor-widget elementor-widget-text-editor\" data-id=\"be75dd4\" data-element_type=\"widget\" data-widget_type=\"text-editor.default\">\n\t\t\t\t<div class=\"elementor-widget-container\">\n\t\t\t\t\t\t\t\t\t<p>Si\u0119gaj\u0105c po mocniejsz\u0105 bro\u0144 przy plamach z piecz\u0105tek na d\u0142oniach, niezb\u0119dny jest p\u0142atek kosmetyczny. Dzi\u0119ki niemu dzia\u0142a si\u0119 miejscowo, chroni\u0105c pozosta\u0142\u0105 cz\u0119\u015b\u0107 r\u0119ki. Zar\u00f3wno naturalne sposoby na to, jak zmy\u0107 tusz z piecz\u0105tki, jak i mocniejsze \u015brodki chemiczne, wysuszaj\u0105 sk\u00f3r\u0119 d\u0142oni. Identycznie jest, gdy r\u0119ce myje si\u0119 kilka razy myd\u0142em pod rz\u0105d. W takiej sytuacji konieczne jest nawil\u017cenie r\u0105k, dobrym kremem przeznaczonym do ich piel\u0119gnacji.\u00a0<\/p><p>Walka z odbit\u0105 piecz\u0105tk\u0105 na r\u0119ce nie zawsze jest r\u00f3wna, ale zazwyczaj w efekcie wygrana! W przypadku cz\u0119stych \u015blad\u00f3w tuszu na r\u0119kach, warto zaopatrzy\u0107 si\u0119 w past\u0119 BHP.\u00a0<\/p>\t\t\t\t\t\t\t\t<\/div>\n\t\t\t\t<\/div>\n\t\t\t\t<div class=\"elementor-element elementor-element-5e65a29 elementor-widget elementor-widget-spacer\" data-id=\"5e65a29\" data-element_type=\"widget\" data-widget_type=\"spacer.default\">\n\t\t\t\t<div class=\"elementor-widget-container\">\n\t\t\t\t\t\t\t<div class=\"elementor-spacer\">\n\t\t\t<div class=\"elementor-spacer-inner\"><\/div>\n\t\t<\/div>\n\t\t\t\t\t\t<\/div>\n\t\t\t\t<\/div>\n\t\t\t\t\t<\/div>\n\t\t<\/div>\n\t\t\t\t\t<\/div>\n\t\t<\/section>\n\t\t\t\t<section class=\"elementor-section elementor-top-section elementor-element elementor-element-30895b6e elementor-section-boxed elementor-section-height-default elementor-section-height-default\" data-id=\"30895b6e\" data-element_type=\"section\" data-settings=\"{&quot;background_background&quot;:&quot;classic&quot;}\">\n\t\t\t\t\t\t<div class=\"elementor-container elementor-column-gap-default\">\n\t\t\t\t\t<div class=\"elementor-column elementor-col-20 elementor-top-column elementor-element elementor-element-2686ac3f\" data-id=\"2686ac3f\" data-element_type=\"column\">\n\t\t\t<div class=\"elementor-widget-wrap elementor-element-populated\">\n\t\t\t\t\t\t<div class=\"elementor-element elementor-element-18f3f4a8 elementor-widget elementor-widget-text-editor\" data-id=\"18f3f4a8\" data-element_type=\"widget\" data-widget_type=\"text-editor.default\">\n\t\t\t\t<div class=\"elementor-widget-container\">\n\t\t\t\t\t\t\t\t\t<p><a href=\"https:\/\/www.tusztusz.pl\/sklep\/product\/27493,marker-kredowy-smw26\">Markery kredowe Pentel SMW 26, 8 kolor\u00f3w<\/a><\/p>\t\t\t\t\t\t\t\t<\/div>\n\t\t\t\t<\/div>\n\t\t\t\t<div class=\"elementor-element elementor-element-7ff904c1 elementor-widget elementor-widget-image\" data-id=\"7ff904c1\" data-element_type=\"widget\" data-widget_type=\"image.default\">\n\t\t\t\t<div class=\"elementor-widget-container\">\n\t\t\t\t\t\t\t\t\t\t\t\t\t\t\t\t<a href=\"https:\/\/www.tusztusz.pl\/sklep\/product\/27493,marker-kredowy-smw26\">\n\t\t\t\t\t\t\t<img decoding=\"async\" width=\"150\" height=\"150\" data-src=\"https:\/\/www.tusztusz.pl\/sklepy\/wp-content\/uploads\/2021\/08\/27493-150x150.jpg\" class=\"attachment-thumbnail size-thumbnail wp-image-5453 lazyload\" alt=\"\" src=\"data:image\/gif;base64,R0lGODlhAQABAAAAACH5BAEKAAEALAAAAAABAAEAAAICTAEAOw==\" style=\"--smush-placeholder-width: 150px; --smush-placeholder-aspect-ratio: 150\/150;\" \/>\t\t\t\t\t\t\t\t<\/a>\n\t\t\t\t\t\t\t\t\t\t\t\t\t\t\t<\/div>\n\t\t\t\t<\/div>\n\t\t\t\t<div class=\"elementor-element elementor-element-5cf43178 elementor-widget elementor-widget-text-editor\" data-id=\"5cf43178\" data-element_type=\"widget\" data-widget_type=\"text-editor.default\">\n\t\t\t\t<div class=\"elementor-widget-container\">\n\t\t\t\t\t\t\t\t\t<strong><a href=\"https:\/\/www.tusztusz.pl\/sklep\/product\/27493,marker-kredowy-smw26\">Zobacz cen\u0119 &gt;&gt;&gt;<\/a><\/strong>\t\t\t\t\t\t\t\t<\/div>\n\t\t\t\t<\/div>\n\t\t\t\t\t<\/div>\n\t\t<\/div>\n\t\t\t\t<div class=\"elementor-column elementor-col-20 elementor-top-column elementor-element elementor-element-3d53ccf2\" data-id=\"3d53ccf2\" data-element_type=\"column\">\n\t\t\t<div class=\"elementor-widget-wrap elementor-element-populated\">\n\t\t\t\t\t\t<div class=\"elementor-element elementor-element-3e26ace2 elementor-widget elementor-widget-text-editor\" data-id=\"3e26ace2\" data-element_type=\"widget\" data-widget_type=\"text-editor.default\">\n\t\t\t\t<div class=\"elementor-widget-container\">\n\t\t\t\t\t\t\t\t\t<p><a href=\"https:\/\/www.tusztusz.pl\/sklep\/product\/27493,marker-kredowy-smw26\">Markery kredowe Pentel SMW 26, 8 kolor\u00f3w<\/a><\/p>\t\t\t\t\t\t\t\t<\/div>\n\t\t\t\t<\/div>\n\t\t\t\t<div class=\"elementor-element elementor-element-7df81f6b elementor-widget elementor-widget-image\" data-id=\"7df81f6b\" data-element_type=\"widget\" data-widget_type=\"image.default\">\n\t\t\t\t<div class=\"elementor-widget-container\">\n\t\t\t\t\t\t\t\t\t\t\t\t\t\t\t\t<a href=\"https:\/\/www.tusztusz.pl\/sklep\/product\/27493,marker-kredowy-smw26\">\n\t\t\t\t\t\t\t<img decoding=\"async\" width=\"150\" height=\"150\" data-src=\"https:\/\/www.tusztusz.pl\/sklepy\/wp-content\/uploads\/2021\/08\/27493-150x150.jpg\" class=\"attachment-thumbnail size-thumbnail wp-image-5453 lazyload\" alt=\"\" src=\"data:image\/gif;base64,R0lGODlhAQABAAAAACH5BAEKAAEALAAAAAABAAEAAAICTAEAOw==\" style=\"--smush-placeholder-width: 150px; --smush-placeholder-aspect-ratio: 150\/150;\" \/>\t\t\t\t\t\t\t\t<\/a>\n\t\t\t\t\t\t\t\t\t\t\t\t\t\t\t<\/div>\n\t\t\t\t<\/div>\n\t\t\t\t<div class=\"elementor-element elementor-element-43ac3612 elementor-widget elementor-widget-text-editor\" data-id=\"43ac3612\" data-element_type=\"widget\" data-widget_type=\"text-editor.default\">\n\t\t\t\t<div class=\"elementor-widget-container\">\n\t\t\t\t\t\t\t\t\t<strong><a href=\"https:\/\/www.tusztusz.pl\/sklep\/product\/27493,marker-kredowy-smw26\">Zobacz cen\u0119 &gt;&gt;&gt;<\/a><\/strong>\t\t\t\t\t\t\t\t<\/div>\n\t\t\t\t<\/div>\n\t\t\t\t\t<\/div>\n\t\t<\/div>\n\t\t\t\t<div class=\"elementor-column elementor-col-20 elementor-top-column elementor-element elementor-element-1c7a95fa\" data-id=\"1c7a95fa\" data-element_type=\"column\">\n\t\t\t<div class=\"elementor-widget-wrap elementor-element-populated\">\n\t\t\t\t\t\t<div class=\"elementor-element elementor-element-a339c04 elementor-widget elementor-widget-text-editor\" data-id=\"a339c04\" data-element_type=\"widget\" data-widget_type=\"text-editor.default\">\n\t\t\t\t<div class=\"elementor-widget-container\">\n\t\t\t\t\t\t\t\t\t<p><a href=\"https:\/\/www.tusztusz.pl\/sklep\/product\/27493,marker-kredowy-smw26\">Markery kredowe Pentel SMW 26, 8 kolor\u00f3w<\/a><\/p>\t\t\t\t\t\t\t\t<\/div>\n\t\t\t\t<\/div>\n\t\t\t\t<div class=\"elementor-element elementor-element-69cafd48 elementor-widget elementor-widget-image\" data-id=\"69cafd48\" data-element_type=\"widget\" data-widget_type=\"image.default\">\n\t\t\t\t<div class=\"elementor-widget-container\">\n\t\t\t\t\t\t\t\t\t\t\t\t\t\t\t\t<a href=\"https:\/\/www.tusztusz.pl\/sklep\/product\/27493,marker-kredowy-smw26\">\n\t\t\t\t\t\t\t<img decoding=\"async\" width=\"150\" height=\"150\" data-src=\"https:\/\/www.tusztusz.pl\/sklepy\/wp-content\/uploads\/2021\/08\/27493-150x150.jpg\" class=\"attachment-thumbnail size-thumbnail wp-image-5453 lazyload\" alt=\"\" src=\"data:image\/gif;base64,R0lGODlhAQABAAAAACH5BAEKAAEALAAAAAABAAEAAAICTAEAOw==\" style=\"--smush-placeholder-width: 150px; --smush-placeholder-aspect-ratio: 150\/150;\" \/>\t\t\t\t\t\t\t\t<\/a>\n\t\t\t\t\t\t\t\t\t\t\t\t\t\t\t<\/div>\n\t\t\t\t<\/div>\n\t\t\t\t<div class=\"elementor-element elementor-element-5be93aae elementor-widget elementor-widget-text-editor\" data-id=\"5be93aae\" data-element_type=\"widget\" data-widget_type=\"text-editor.default\">\n\t\t\t\t<div class=\"elementor-widget-container\">\n\t\t\t\t\t\t\t\t\t<strong><a href=\"https:\/\/www.tusztusz.pl\/sklep\/product\/27493,marker-kredowy-smw26\">Zobacz cen\u0119 &gt;&gt;&gt;<\/a><\/strong>\t\t\t\t\t\t\t\t<\/div>\n\t\t\t\t<\/div>\n\t\t\t\t\t<\/div>\n\t\t<\/div>\n\t\t\t\t<div class=\"elementor-column elementor-col-20 elementor-top-column elementor-element elementor-element-3b32a7ef\" data-id=\"3b32a7ef\" data-element_type=\"column\">\n\t\t\t<div class=\"elementor-widget-wrap elementor-element-populated\">\n\t\t\t\t\t\t<div class=\"elementor-element elementor-element-3d5312ff elementor-widget elementor-widget-text-editor\" data-id=\"3d5312ff\" data-element_type=\"widget\" data-widget_type=\"text-editor.default\">\n\t\t\t\t<div class=\"elementor-widget-container\">\n\t\t\t\t\t\t\t\t\t<p><a href=\"https:\/\/www.tusztusz.pl\/sklep\/product\/27493,marker-kredowy-smw26\">Markery kredowe Pentel SMW 26, 8 kolor\u00f3w<\/a><\/p>\t\t\t\t\t\t\t\t<\/div>\n\t\t\t\t<\/div>\n\t\t\t\t<div class=\"elementor-element elementor-element-474de100 elementor-widget elementor-widget-image\" data-id=\"474de100\" data-element_type=\"widget\" data-widget_type=\"image.default\">\n\t\t\t\t<div class=\"elementor-widget-container\">\n\t\t\t\t\t\t\t\t\t\t\t\t\t\t\t\t<a href=\"https:\/\/www.tusztusz.pl\/sklep\/product\/27493,marker-kredowy-smw26\">\n\t\t\t\t\t\t\t<img decoding=\"async\" width=\"150\" height=\"150\" data-src=\"https:\/\/www.tusztusz.pl\/sklepy\/wp-content\/uploads\/2021\/08\/27493-150x150.jpg\" class=\"attachment-thumbnail size-thumbnail wp-image-5453 lazyload\" alt=\"\" src=\"data:image\/gif;base64,R0lGODlhAQABAAAAACH5BAEKAAEALAAAAAABAAEAAAICTAEAOw==\" style=\"--smush-placeholder-width: 150px; --smush-placeholder-aspect-ratio: 150\/150;\" \/>\t\t\t\t\t\t\t\t<\/a>\n\t\t\t\t\t\t\t\t\t\t\t\t\t\t\t<\/div>\n\t\t\t\t<\/div>\n\t\t\t\t<div class=\"elementor-element elementor-element-5f0e712c elementor-widget elementor-widget-text-editor\" data-id=\"5f0e712c\" data-element_type=\"widget\" data-widget_type=\"text-editor.default\">\n\t\t\t\t<div class=\"elementor-widget-container\">\n\t\t\t\t\t\t\t\t\t<strong><a href=\"https:\/\/www.tusztusz.pl\/sklep\/product\/27493,marker-kredowy-smw26\">Zobacz cen\u0119 &gt;&gt;&gt;<\/a><\/strong>\t\t\t\t\t\t\t\t<\/div>\n\t\t\t\t<\/div>\n\t\t\t\t\t<\/div>\n\t\t<\/div>\n\t\t\t\t<div class=\"elementor-column elementor-col-20 elementor-top-column elementor-element elementor-element-136c12fa\" data-id=\"136c12fa\" data-element_type=\"column\">\n\t\t\t<div class=\"elementor-widget-wrap elementor-element-populated\">\n\t\t\t\t\t\t<div class=\"elementor-element elementor-element-18a4d930 elementor-widget elementor-widget-text-editor\" data-id=\"18a4d930\" data-element_type=\"widget\" data-widget_type=\"text-editor.default\">\n\t\t\t\t<div class=\"elementor-widget-container\">\n\t\t\t\t\t\t\t\t\t<p><a href=\"https:\/\/www.tusztusz.pl\/sklep\/product\/27493,marker-kredowy-smw26\">Markery kredowe Pentel SMW 26, 8 kolor\u00f3w<\/a><\/p>\t\t\t\t\t\t\t\t<\/div>\n\t\t\t\t<\/div>\n\t\t\t\t<div class=\"elementor-element elementor-element-1e8b1c77 elementor-widget elementor-widget-image\" data-id=\"1e8b1c77\" data-element_type=\"widget\" data-widget_type=\"image.default\">\n\t\t\t\t<div class=\"elementor-widget-container\">\n\t\t\t\t\t\t\t\t\t\t\t\t\t\t\t\t<a href=\"https:\/\/www.tusztusz.pl\/sklep\/product\/27493,marker-kredowy-smw26\">\n\t\t\t\t\t\t\t<img decoding=\"async\" width=\"150\" height=\"150\" data-src=\"https:\/\/www.tusztusz.pl\/sklepy\/wp-content\/uploads\/2021\/08\/27493-150x150.jpg\" class=\"attachment-thumbnail size-thumbnail wp-image-5453 lazyload\" alt=\"\" src=\"data:image\/gif;base64,R0lGODlhAQABAAAAACH5BAEKAAEALAAAAAABAAEAAAICTAEAOw==\" style=\"--smush-placeholder-width: 150px; --smush-placeholder-aspect-ratio: 150\/150;\" \/>\t\t\t\t\t\t\t\t<\/a>\n\t\t\t\t\t\t\t\t\t\t\t\t\t\t\t<\/div>\n\t\t\t\t<\/div>\n\t\t\t\t<div class=\"elementor-element elementor-element-2e24816a elementor-widget elementor-widget-text-editor\" data-id=\"2e24816a\" data-element_type=\"widget\" data-widget_type=\"text-editor.default\">\n\t\t\t\t<div class=\"elementor-widget-container\">\n\t\t\t\t\t\t\t\t\t<strong><a href=\"https:\/\/www.tusztusz.pl\/sklep\/product\/27493,marker-kredowy-smw26\">Zobacz cen\u0119 &gt;&gt;&gt;<\/a><\/strong>\t\t\t\t\t\t\t\t<\/div>\n\t\t\t\t<\/div>\n\t\t\t\t\t<\/div>\n\t\t<\/div>\n\t\t\t\t\t<\/div>\n\t\t<\/section>\n\t\t\t\t<\/div>\n\t\t","protected":false},"excerpt":{"rendered":"<p>Czym zmy\u0107 tusz z piecz\u0105tki z r\u0105k? Masz du\u017co papierkowej roboty, a tusz niepostrze\u017cenie odciska si\u0119 na r\u0119kach i ubraniach? Kolorowe \u015blady po tuszu z piecz\u0105tek z pewno\u015bci\u0105 nie wygl\u0105daj\u0105 zbyt estetycznie, zw\u0142aszcza je\u015bli szykujesz si\u0119 na zebranie sprawozdawcze lub &hellip;<\/p>\n<p class=\"read-more\"> <a class=\"ast-button\" href=\"https:\/\/www.tusztusz.pl\/sklepy\/blog\/czym-zmyc-tusz-z-pieczatki\/\"> <span class=\"screen-reader-text\">Czym zmy\u0107 tusz z piecz\u0105tki z r\u0105k?<\/span> Wi\u0119cej \u00bb<\/a><\/p>\n","protected":false},"author":5,"featured_media":5666,"comment_status":"closed","ping_status":"closed","sticky":false,"template":"","format":"standard","meta":{"footnotes":""},"categories":[9,6],"tags":[29,58],"class_list":["post-5663","post","type-post","status-publish","format-standard","has-post-thumbnail","hentry","category-artykuly-edukacyjne","category-aktualnosci","tag-pieczatki","tag-tusz"],"_links":{"self":[{"href":"https:\/\/www.tusztusz.pl\/sklepy\/wp-json\/wp\/v2\/posts\/5663","targetHints":{"allow":["GET"]}}],"collection":[{"href":"https:\/\/www.tusztusz.pl\/sklepy\/wp-json\/wp\/v2\/posts"}],"about":[{"href":"https:\/\/www.tusztusz.pl\/sklepy\/wp-json\/wp\/v2\/types\/post"}],"author":[{"embeddable":true,"href":"https:\/\/www.tusztusz.pl\/sklepy\/wp-json\/wp\/v2\/users\/5"}],"replies":[{"embeddable":true,"href":"https:\/\/www.tusztusz.pl\/sklepy\/wp-json\/wp\/v2\/comments?post=5663"}],"version-history":[{"count":28,"href":"https:\/\/www.tusztusz.pl\/sklepy\/wp-json\/wp\/v2\/posts\/5663\/revisions"}],"predecessor-version":[{"id":8402,"href":"https:\/\/www.tusztusz.pl\/sklepy\/wp-json\/wp\/v2\/posts\/5663\/revisions\/8402"}],"wp:featuredmedia":[{"embeddable":true,"href":"https:\/\/www.tusztusz.pl\/sklepy\/wp-json\/wp\/v2\/media\/5666"}],"wp:attachment":[{"href":"https:\/\/www.tusztusz.pl\/sklepy\/wp-json\/wp\/v2\/media?parent=5663"}],"wp:term":[{"taxonomy":"category","embeddable":true,"href":"https:\/\/www.tusztusz.pl\/sklepy\/wp-json\/wp\/v2\/categories?post=5663"},{"taxonomy":"post_tag","embeddable":true,"href":"https:\/\/www.tusztusz.pl\/sklepy\/wp-json\/wp\/v2\/tags?post=5663"}],"curies":[{"name":"wp","href":"https:\/\/api.w.org\/{rel}","templated":true}]}}