{"id":4232,"date":"2021-05-31T09:24:38","date_gmt":"2021-05-31T07:24:38","guid":{"rendered":"https:\/\/www.tusztusz.pl\/sklepy\/?p=4232"},"modified":"2021-05-31T09:28:35","modified_gmt":"2021-05-31T07:28:35","slug":"organizacja_pracy_boze_cialo","status":"publish","type":"post","link":"https:\/\/www.tusztusz.pl\/sklepy\/blog\/organizacja_pracy_boze_cialo\/","title":{"rendered":"Organizacja pracy 4-5 czerwca"},"content":{"rendered":"\t\t<div data-elementor-type=\"wp-post\" data-elementor-id=\"4232\" class=\"elementor elementor-4232\" data-elementor-post-type=\"post\">\n\t\t\t\t\t\t<section class=\"elementor-section elementor-top-section elementor-element elementor-element-1ed3196 elementor-section-boxed elementor-section-height-default elementor-section-height-default\" data-id=\"1ed3196\" data-element_type=\"section\">\n\t\t\t\t\t\t<div class=\"elementor-container elementor-column-gap-default\">\n\t\t\t\t\t<div class=\"elementor-column elementor-col-100 elementor-top-column elementor-element elementor-element-424634b\" data-id=\"424634b\" data-element_type=\"column\">\n\t\t\t<div class=\"elementor-widget-wrap elementor-element-populated\">\n\t\t\t\t\t\t<div class=\"elementor-element elementor-element-26297ef elementor-widget elementor-widget-text-editor\" data-id=\"26297ef\" data-element_type=\"widget\" data-widget_type=\"text-editor.default\">\n\t\t\t\t<div class=\"elementor-widget-container\">\n\t\t\t\t\t\t\t\t\t<p>Drodzy Klienci,<\/p><p>poni\u017cej przedstawiamy plan organizacji pracy naszej firmy w dniach 4-5 czerwca.<\/p><p>1) Dnia 4 czerwca nasz <strong>Dzia\u0142 Obs\u0142ugi Klienta<\/strong> b\u0119dzie nieczynny. <strong>Wszelkie zam\u00f3wienia z\u0142o\u017cone w dniach 2-6 czerwca zrealizowane zostan\u0105 7 czerwca.<\/strong><\/p><p><strong>Zach\u0119camy do uzupe\u0142nienia zapas\u00f3w w dniu dzisiejszym<\/strong> \ud83d\ude42 !<\/p><p>2) Dnia 4 czerwca nasz <strong><a href=\"https:\/\/www.tusztusz.pl\/sklepy\/wlochy\/\">sklep stacjonarny przy ul. Kra\u0144cowej<\/a><\/strong> 11 <strong>b\u0119dzie nieczynny.<\/strong><\/p><p>3) <strong><a href=\"https:\/\/www.tusztusz.pl\/sklepy\/ursynow\/\">Sklep stacjonarny na Natolinie<\/a><\/strong> przy ul. Meander 2a pracowa\u0107 b\u0119dzie <strong>w nast\u0119puj\u0105cych godzinach<\/strong>:<\/p><p>4 czerwca w godz. 10.00 &#8211; 16.00<br \/>5 czerwca w godz. 10.00 &#8211; 14.00<br \/>Za ewentualne utrudnienia przepraszamy :).<\/p><p>Pozdrawiamy,<\/p><p>Zesp\u00f3\u0142 TuszTusz.pl<\/p>\t\t\t\t\t\t\t\t<\/div>\n\t\t\t\t<\/div>\n\t\t\t\t\t<\/div>\n\t\t<\/div>\n\t\t\t\t\t<\/div>\n\t\t<\/section>\n\t\t\t\t<\/div>\n\t\t","protected":false},"excerpt":{"rendered":"<p>Drodzy Klienci, poni\u017cej przedstawiamy plan organizacji pracy naszej firmy w dniach 4-5 czerwca. 1) Dnia 4 czerwca nasz Dzia\u0142 Obs\u0142ugi Klienta b\u0119dzie nieczynny. Wszelkie zam\u00f3wienia z\u0142o\u017cone w dniach 2-6 czerwca zrealizowane zostan\u0105 7 czerwca. Zach\u0119camy do uzupe\u0142nienia zapas\u00f3w w dniu &hellip;<\/p>\n<p class=\"read-more\"> <a class=\"ast-button\" href=\"https:\/\/www.tusztusz.pl\/sklepy\/blog\/organizacja_pracy_boze_cialo\/\"> <span class=\"screen-reader-text\">Organizacja pracy 4-5 czerwca<\/span> Wi\u0119cej \u00bb<\/a><\/p>\n","protected":false},"author":2,"featured_media":0,"comment_status":"closed","ping_status":"closed","sticky":false,"template":"","format":"standard","meta":{"footnotes":""},"categories":[6],"tags":[],"class_list":["post-4232","post","type-post","status-publish","format-standard","hentry","category-aktualnosci"],"_links":{"self":[{"href":"https:\/\/www.tusztusz.pl\/sklepy\/wp-json\/wp\/v2\/posts\/4232","targetHints":{"allow":["GET"]}}],"collection":[{"href":"https:\/\/www.tusztusz.pl\/sklepy\/wp-json\/wp\/v2\/posts"}],"about":[{"href":"https:\/\/www.tusztusz.pl\/sklepy\/wp-json\/wp\/v2\/types\/post"}],"author":[{"embeddable":true,"href":"https:\/\/www.tusztusz.pl\/sklepy\/wp-json\/wp\/v2\/users\/2"}],"replies":[{"embeddable":true,"href":"https:\/\/www.tusztusz.pl\/sklepy\/wp-json\/wp\/v2\/comments?post=4232"}],"version-history":[{"count":6,"href":"https:\/\/www.tusztusz.pl\/sklepy\/wp-json\/wp\/v2\/posts\/4232\/revisions"}],"predecessor-version":[{"id":4238,"href":"https:\/\/www.tusztusz.pl\/sklepy\/wp-json\/wp\/v2\/posts\/4232\/revisions\/4238"}],"wp:attachment":[{"href":"https:\/\/www.tusztusz.pl\/sklepy\/wp-json\/wp\/v2\/media?parent=4232"}],"wp:term":[{"taxonomy":"category","embeddable":true,"href":"https:\/\/www.tusztusz.pl\/sklepy\/wp-json\/wp\/v2\/categories?post=4232"},{"taxonomy":"post_tag","embeddable":true,"href":"https:\/\/www.tusztusz.pl\/sklepy\/wp-json\/wp\/v2\/tags?post=4232"}],"curies":[{"name":"wp","href":"https:\/\/api.w.org\/{rel}","templated":true}]}}