{"id":11565,"date":"2025-08-12T13:04:45","date_gmt":"2025-08-12T11:04:45","guid":{"rendered":"https:\/\/www.tusztusz.pl\/sklepy\/?p=11565"},"modified":"2025-10-09T08:32:50","modified_gmt":"2025-10-09T06:32:50","slug":"elementor-11565","status":"publish","type":"post","link":"https:\/\/www.tusztusz.pl\/sklepy\/blog\/elementor-11565\/","title":{"rendered":"Format daty w datownikach\u2013 ISO 8601 czy polski zapis?"},"content":{"rendered":"\t\t<div data-elementor-type=\"wp-post\" data-elementor-id=\"11565\" class=\"elementor elementor-11565\" data-elementor-post-type=\"post\">\n\t\t\t\t\t\t<section class=\"elementor-section elementor-top-section elementor-element elementor-element-77d2a601 elementor-section-boxed elementor-section-height-default elementor-section-height-default\" data-id=\"77d2a601\" data-element_type=\"section\">\n\t\t\t\t\t\t<div class=\"elementor-container elementor-column-gap-default\">\n\t\t\t\t\t<div class=\"elementor-column elementor-col-100 elementor-top-column elementor-element elementor-element-313c6cd3\" data-id=\"313c6cd3\" data-element_type=\"column\">\n\t\t\t<div class=\"elementor-widget-wrap elementor-element-populated\">\n\t\t\t\t\t\t<div class=\"elementor-element elementor-element-59c35aec elementor-widget elementor-widget-heading\" data-id=\"59c35aec\" data-element_type=\"widget\" data-widget_type=\"heading.default\">\n\t\t\t\t<div class=\"elementor-widget-container\">\n\t\t\t\t\t<h1 class=\"elementor-heading-title elementor-size-default\">Format daty w datownikach\u2013 ISO 8601 czy polski zapis?<\/h1>\t\t\t\t<\/div>\n\t\t\t\t<\/div>\n\t\t\t\t\t<\/div>\n\t\t<\/div>\n\t\t\t\t\t<\/div>\n\t\t<\/section>\n\t\t\t\t<section class=\"elementor-section elementor-top-section elementor-element elementor-element-5bfab83a elementor-section-boxed elementor-section-height-default elementor-section-height-default\" data-id=\"5bfab83a\" data-element_type=\"section\">\n\t\t\t\t\t\t<div class=\"elementor-container elementor-column-gap-default\">\n\t\t\t\t\t<div class=\"elementor-column elementor-col-100 elementor-top-column elementor-element elementor-element-5f886f3d\" data-id=\"5f886f3d\" data-element_type=\"column\">\n\t\t\t<div class=\"elementor-widget-wrap elementor-element-populated\">\n\t\t\t\t\t\t<div class=\"elementor-element elementor-element-4b872d57 elementor-widget elementor-widget-image\" data-id=\"4b872d57\" data-element_type=\"widget\" data-widget_type=\"image.default\">\n\t\t\t\t<div class=\"elementor-widget-container\">\n\t\t\t\t\t\t\t\t\t\t\t\t\t\t\t<img fetchpriority=\"high\" decoding=\"async\" width=\"1280\" height=\"640\" src=\"https:\/\/www.tusztusz.pl\/sklepy\/wp-content\/uploads\/2025\/08\/okladka-toner-czy-beben-10.png\" class=\"attachment-full size-full wp-image-11589\" alt=\"\" srcset=\"https:\/\/www.tusztusz.pl\/sklepy\/wp-content\/uploads\/2025\/08\/okladka-toner-czy-beben-10.png 1280w, https:\/\/www.tusztusz.pl\/sklepy\/wp-content\/uploads\/2025\/08\/okladka-toner-czy-beben-10-300x150.png 300w, https:\/\/www.tusztusz.pl\/sklepy\/wp-content\/uploads\/2025\/08\/okladka-toner-czy-beben-10-1024x512.png 1024w, https:\/\/www.tusztusz.pl\/sklepy\/wp-content\/uploads\/2025\/08\/okladka-toner-czy-beben-10-768x384.png 768w\" sizes=\"(max-width: 1280px) 100vw, 1280px\" \/>\t\t\t\t\t\t\t\t\t\t\t\t\t\t\t<\/div>\n\t\t\t\t<\/div>\n\t\t\t\t\t<\/div>\n\t\t<\/div>\n\t\t\t\t\t<\/div>\n\t\t<\/section>\n\t\t\t\t<section class=\"elementor-section elementor-top-section elementor-element elementor-element-268c675 elementor-section-boxed elementor-section-height-default elementor-section-height-default\" data-id=\"268c675\" data-element_type=\"section\">\n\t\t\t\t\t\t<div class=\"elementor-container elementor-column-gap-default\">\n\t\t\t\t\t<div class=\"elementor-column elementor-col-100 elementor-top-column elementor-element elementor-element-2166f550\" data-id=\"2166f550\" data-element_type=\"column\">\n\t\t\t<div class=\"elementor-widget-wrap elementor-element-populated\">\n\t\t\t\t\t\t<div class=\"elementor-element elementor-element-622b48f0 elementor-widget elementor-widget-text-editor\" data-id=\"622b48f0\" data-element_type=\"widget\" data-widget_type=\"text-editor.default\">\n\t\t\t\t<div class=\"elementor-widget-container\">\n\t\t\t\t\t\t\t\t\t<p><span style=\"font-weight: 400;\">Datowniki to jedno z najcz\u0119\u015bciej u\u017cywanych akcesori\u00f3w biurowych. Usprawniaj\u0105 prac\u0119, pozwalaj\u0105 szybko oznaczy\u0107 dokument dat\u0105 wp\u0142ywu, wysy\u0142ki czy weryfikacji. Cho\u0107 mo\u017ce si\u0119 wydawa\u0107, \u017ce data to prosta sprawa, w rzeczywisto\u015bci jej zapis mo\u017ce wygl\u0105da\u0107 inaczej w zale\u017cno\u015bci od przyj\u0119tego standardu. Warto wiedzie\u0107, jakie s\u0105 r\u00f3\u017cnice, aby wybra\u0107 odpowiedni format w swoim datowniku.<\/span><\/p>\t\t\t\t\t\t\t\t<\/div>\n\t\t\t\t<\/div>\n\t\t\t\t<div class=\"elementor-element elementor-element-3ab9bfb6 elementor-widget elementor-widget-table-of-contents\" data-id=\"3ab9bfb6\" data-element_type=\"widget\" data-settings=\"{&quot;headings_by_tags&quot;:[&quot;h2&quot;],&quot;marker_view&quot;:&quot;bullets&quot;,&quot;no_headings_message&quot;:&quot;No headings were found on this page.&quot;,&quot;icon&quot;:{&quot;value&quot;:&quot;fas fa-circle&quot;,&quot;library&quot;:&quot;fa-solid&quot;},&quot;hierarchical_view&quot;:&quot;yes&quot;,&quot;min_height&quot;:{&quot;unit&quot;:&quot;px&quot;,&quot;size&quot;:&quot;&quot;,&quot;sizes&quot;:[]},&quot;min_height_tablet&quot;:{&quot;unit&quot;:&quot;px&quot;,&quot;size&quot;:&quot;&quot;,&quot;sizes&quot;:[]},&quot;min_height_mobile&quot;:{&quot;unit&quot;:&quot;px&quot;,&quot;size&quot;:&quot;&quot;,&quot;sizes&quot;:[]}}\" data-widget_type=\"table-of-contents.default\">\n\t\t\t\t<div class=\"elementor-widget-container\">\n\t\t\t\t\t\t\t<div class=\"elementor-toc__header\">\n\t\t\t<h2 class=\"elementor-toc__header-title\">\n\t\t\t\tSpis tre\u015bci\t\t\t<\/h2>\n\t\t\t\t\t<\/div>\n\t\t<div id=\"elementor-toc__3ab9bfb6\" class=\"elementor-toc__body\">\n\t\t\t<div class=\"elementor-toc__spinner-container\">\n\t\t\t\t<i class=\"elementor-toc__spinner eicon-animation-spin eicon-loading\" aria-hidden=\"true\"><\/i>\t\t\t<\/div>\n\t\t<\/div>\n\t\t\t\t\t\t<\/div>\n\t\t\t\t<\/div>\n\t\t\t\t<div class=\"elementor-element elementor-element-c346dde elementor-widget__width-initial elementor-widget elementor-widget-heading\" data-id=\"c346dde\" data-element_type=\"widget\" data-widget_type=\"heading.default\">\n\t\t\t\t<div class=\"elementor-widget-container\">\n\t\t\t\t\t<h2 class=\"elementor-heading-title elementor-size-default\">Datownik z Standardem  ISO 8601 \u2013 zapis mi\u0119dzynarodowy<\/h2>\t\t\t\t<\/div>\n\t\t\t\t<\/div>\n\t\t\t\t<div class=\"elementor-element elementor-element-3b429901 elementor-widget elementor-widget-text-editor\" data-id=\"3b429901\" data-element_type=\"widget\" data-widget_type=\"text-editor.default\">\n\t\t\t\t<div class=\"elementor-widget-container\">\n\t\t\t\t\t\t\t\t\t<p><span style=\"font-weight: 400;\">ISO 8601 to mi\u0119dzynarodowa norma zapisu daty i czasu. W przypadku dat wygl\u0105da ona tak:<\/span><\/p><p><b>RRRR-MM-DD<\/b><b><br \/><\/b><span style=\"font-weight: 400;\"> Przyk\u0142ad: <\/span><b>2025-08-15<\/b><\/p><p><span style=\"font-weight: 400;\">Dlaczego jest tak popularny w \u015brodowisku biznesowym i informatycznym?<\/span><\/p><ul><li style=\"font-weight: 400;\" aria-level=\"1\"><span style=\"font-weight: 400;\">Pozwala na unikni\u0119cie nieporozumie\u0144 przy wymianie dokument\u00f3w mi\u0119dzy r\u00f3\u017cnymi krajami.<\/span><\/li><li style=\"font-weight: 400;\" aria-level=\"1\"><span style=\"font-weight: 400;\">Jest logiczny \u2013 zaczynamy od roku, potem miesi\u0105c, a na ko\u0144cu dzie\u0144.<\/span><\/li><\/ul><p><span style=\"font-weight: 400;\">\u015awietnie sprawdza si\u0119 w bazach danych i systemach elektronicznych.<\/span><span style=\"font-weight: 400;\"><br \/><\/span><\/p>\t\t\t\t\t\t\t\t<\/div>\n\t\t\t\t<\/div>\n\t\t\t\t<div class=\"elementor-element elementor-element-0481b9c elementor-widget elementor-widget-image\" data-id=\"0481b9c\" data-element_type=\"widget\" data-widget_type=\"image.default\">\n\t\t\t\t<div class=\"elementor-widget-container\">\n\t\t\t\t\t\t\t\t\t\t\t\t\t\t\t<img decoding=\"async\" width=\"1280\" height=\"640\" data-src=\"https:\/\/www.tusztusz.pl\/sklepy\/wp-content\/uploads\/2025\/08\/okladka-toner-czy-beben-7.png\" class=\"attachment-full size-full wp-image-11586 lazyload\" alt=\"\" data-srcset=\"https:\/\/www.tusztusz.pl\/sklepy\/wp-content\/uploads\/2025\/08\/okladka-toner-czy-beben-7.png 1280w, https:\/\/www.tusztusz.pl\/sklepy\/wp-content\/uploads\/2025\/08\/okladka-toner-czy-beben-7-300x150.png 300w, https:\/\/www.tusztusz.pl\/sklepy\/wp-content\/uploads\/2025\/08\/okladka-toner-czy-beben-7-1024x512.png 1024w, https:\/\/www.tusztusz.pl\/sklepy\/wp-content\/uploads\/2025\/08\/okladka-toner-czy-beben-7-768x384.png 768w\" data-sizes=\"(max-width: 1280px) 100vw, 1280px\" src=\"data:image\/gif;base64,R0lGODlhAQABAAAAACH5BAEKAAEALAAAAAABAAEAAAICTAEAOw==\" style=\"--smush-placeholder-width: 1280px; --smush-placeholder-aspect-ratio: 1280\/640;\" \/>\t\t\t\t\t\t\t\t\t\t\t\t\t\t\t<\/div>\n\t\t\t\t<\/div>\n\t\t\t\t<div class=\"elementor-element elementor-element-28336bdb elementor-alert-success elementor-widget elementor-widget-alert\" data-id=\"28336bdb\" data-element_type=\"widget\" data-widget_type=\"alert.default\">\n\t\t\t\t<div class=\"elementor-widget-container\">\n\t\t\t\t\t\t\t<div class=\"elementor-alert\" role=\"alert\">\n\n\t\t\t\t\t\t<span class=\"elementor-alert-title\">Czy wiesz, \u017ce....?<\/span>\n\t\t\t\n\t\t\t\t\t\t<span class=\"elementor-alert-description\">Zanim pojawi\u0142y si\u0119 stemple, urz\u0119dnicy i skrybowie w\u0142asnor\u0119cznie zapisywali daty na dokumentach, cz\u0119sto ozdobn\u0105 kaligrafi\u0105. Pierwsze mechaniczne datowniki zacz\u0119to stosowa\u0107 w XIX wieku, g\u0142\u00f3wnie w pocztach i urz\u0119dach celnych.<\/span>\n\t\t\t\n\t\t\t\n\t\t<\/div>\n\t\t\t\t\t\t<\/div>\n\t\t\t\t<\/div>\n\t\t\t\t<div class=\"elementor-element elementor-element-388bdf60 elementor-widget elementor-widget-spacer\" data-id=\"388bdf60\" data-element_type=\"widget\" data-widget_type=\"spacer.default\">\n\t\t\t\t<div class=\"elementor-widget-container\">\n\t\t\t\t\t\t\t<div class=\"elementor-spacer\">\n\t\t\t<div class=\"elementor-spacer-inner\"><\/div>\n\t\t<\/div>\n\t\t\t\t\t\t<\/div>\n\t\t\t\t<\/div>\n\t\t\t\t<div class=\"elementor-element elementor-element-30cebe6b elementor-widget elementor-widget-heading\" data-id=\"30cebe6b\" data-element_type=\"widget\" data-widget_type=\"heading.default\">\n\t\t\t\t<div class=\"elementor-widget-container\">\n\t\t\t\t\t<h2 class=\"elementor-heading-title elementor-size-default\">Datownik z PolskiM formatem daty<\/h2>\t\t\t\t<\/div>\n\t\t\t\t<\/div>\n\t\t\t\t<div class=\"elementor-element elementor-element-64a3650f elementor-widget elementor-widget-text-editor\" data-id=\"64a3650f\" data-element_type=\"widget\" data-widget_type=\"text-editor.default\">\n\t\t\t\t<div class=\"elementor-widget-container\">\n\t\t\t\t\t\t\t\t\t<p><span style=\"font-weight: 400;\">W Polsce w dokumentach urz\u0119dowych i codziennej komunikacji stosuje si\u0119 zapis:<\/span><\/p><p><b>DD.MM.RRRR<\/b><b><br \/><\/b><span style=\"font-weight: 400;\"> Przyk\u0142ad: <\/span><b>15.08.2025<\/b><\/p><p><span style=\"font-weight: 400;\">To forma naturalna dla polskich u\u017cytkownik\u00f3w \u2013 czytelna i powszechnie zrozumia\u0142a. Sprawdza si\u0119 w pracy biurowej, je\u015bli dokumenty nie wychodz\u0105 poza granice kraju.<\/span><\/p>\t\t\t\t\t\t\t\t<\/div>\n\t\t\t\t<\/div>\n\t\t\t\t<div class=\"elementor-element elementor-element-4767aa1f elementor-widget elementor-widget-spacer\" data-id=\"4767aa1f\" data-element_type=\"widget\" data-widget_type=\"spacer.default\">\n\t\t\t\t<div class=\"elementor-widget-container\">\n\t\t\t\t\t\t\t<div class=\"elementor-spacer\">\n\t\t\t<div class=\"elementor-spacer-inner\"><\/div>\n\t\t<\/div>\n\t\t\t\t\t\t<\/div>\n\t\t\t\t<\/div>\n\t\t\t\t<div class=\"elementor-element elementor-element-e0ebb3b elementor-widget elementor-widget-image\" data-id=\"e0ebb3b\" data-element_type=\"widget\" data-widget_type=\"image.default\">\n\t\t\t\t<div class=\"elementor-widget-container\">\n\t\t\t\t\t\t\t\t\t\t\t\t\t\t\t<img decoding=\"async\" width=\"1280\" height=\"640\" data-src=\"https:\/\/www.tusztusz.pl\/sklepy\/wp-content\/uploads\/2025\/08\/okladka-toner-czy-beben-8.png\" class=\"attachment-full size-full wp-image-11587 lazyload\" alt=\"\" data-srcset=\"https:\/\/www.tusztusz.pl\/sklepy\/wp-content\/uploads\/2025\/08\/okladka-toner-czy-beben-8.png 1280w, https:\/\/www.tusztusz.pl\/sklepy\/wp-content\/uploads\/2025\/08\/okladka-toner-czy-beben-8-300x150.png 300w, https:\/\/www.tusztusz.pl\/sklepy\/wp-content\/uploads\/2025\/08\/okladka-toner-czy-beben-8-1024x512.png 1024w, https:\/\/www.tusztusz.pl\/sklepy\/wp-content\/uploads\/2025\/08\/okladka-toner-czy-beben-8-768x384.png 768w\" data-sizes=\"(max-width: 1280px) 100vw, 1280px\" src=\"data:image\/gif;base64,R0lGODlhAQABAAAAACH5BAEKAAEALAAAAAABAAEAAAICTAEAOw==\" style=\"--smush-placeholder-width: 1280px; --smush-placeholder-aspect-ratio: 1280\/640;\" \/>\t\t\t\t\t\t\t\t\t\t\t\t\t\t\t<\/div>\n\t\t\t\t<\/div>\n\t\t\t\t<div class=\"elementor-element elementor-element-8272108 elementor-widget elementor-widget-heading\" data-id=\"8272108\" data-element_type=\"widget\" data-widget_type=\"heading.default\">\n\t\t\t\t<div class=\"elementor-widget-container\">\n\t\t\t\t\t<h2 class=\"elementor-heading-title elementor-size-default\">DaTownik Z polskim standardem daty- wersja ze skr\u00f3con\u0105 nazw\u0105 miesi\u0105ca<\/h2>\t\t\t\t<\/div>\n\t\t\t\t<\/div>\n\t\t\t\t<div class=\"elementor-element elementor-element-251e95b elementor-widget elementor-widget-text-editor\" data-id=\"251e95b\" data-element_type=\"widget\" data-widget_type=\"text-editor.default\">\n\t\t\t\t<div class=\"elementor-widget-container\">\n\t\t\t\t\t\t\t\t\t<p>Alternatywnie do formatu numerycznego, w polskich datownikach cz\u0119sto stosuje si\u0119 po\u0142\u0105czenie cyfr z trzyliterowym skr\u00f3tem miesi\u0105ca, takim jak \u201eSTY\u201d (stycze\u0144), \u201eLUT\u201d (luty) itp. Taki zapis \u2014 np. 20-STY-2025 \u2014 wyr\u00f3\u017cnia si\u0119 du\u017c\u0105 czytelno\u015bci\u0105 i minimalizuje ryzyko pomy\u0142ki przy interpretacji, jednocze\u015bnie b\u0119d\u0105c w pe\u0142ni zrozumia\u0142y dla polskiego odbiorcy (bez konieczno\u015bci stosowania kropek czy zagranicznych standard\u00f3w). Format ten sprawdza si\u0119 doskonale w sytuacjach, gdy zale\u017cy nam na intuicyjnej identyfikacji miesi\u0105ca i estetycznym wygl\u0105dzie datownika.<\/p>\t\t\t\t\t\t\t\t<\/div>\n\t\t\t\t<\/div>\n\t\t\t\t<div class=\"elementor-element elementor-element-71aef57 elementor-widget elementor-widget-image\" data-id=\"71aef57\" data-element_type=\"widget\" data-widget_type=\"image.default\">\n\t\t\t\t<div class=\"elementor-widget-container\">\n\t\t\t\t\t\t\t\t\t\t\t\t\t\t\t<img decoding=\"async\" width=\"1280\" height=\"640\" data-src=\"https:\/\/www.tusztusz.pl\/sklepy\/wp-content\/uploads\/2025\/08\/okladka-toner-czy-beben-11.png\" class=\"attachment-full size-full wp-image-11597 lazyload\" alt=\"\" data-srcset=\"https:\/\/www.tusztusz.pl\/sklepy\/wp-content\/uploads\/2025\/08\/okladka-toner-czy-beben-11.png 1280w, https:\/\/www.tusztusz.pl\/sklepy\/wp-content\/uploads\/2025\/08\/okladka-toner-czy-beben-11-300x150.png 300w, https:\/\/www.tusztusz.pl\/sklepy\/wp-content\/uploads\/2025\/08\/okladka-toner-czy-beben-11-1024x512.png 1024w, https:\/\/www.tusztusz.pl\/sklepy\/wp-content\/uploads\/2025\/08\/okladka-toner-czy-beben-11-768x384.png 768w\" data-sizes=\"(max-width: 1280px) 100vw, 1280px\" src=\"data:image\/gif;base64,R0lGODlhAQABAAAAACH5BAEKAAEALAAAAAABAAEAAAICTAEAOw==\" style=\"--smush-placeholder-width: 1280px; --smush-placeholder-aspect-ratio: 1280\/640;\" \/>\t\t\t\t\t\t\t\t\t\t\t\t\t\t\t<\/div>\n\t\t\t\t<\/div>\n\t\t\t\t<div class=\"elementor-element elementor-element-ff8d772 elementor-widget elementor-widget-spacer\" data-id=\"ff8d772\" data-element_type=\"widget\" data-widget_type=\"spacer.default\">\n\t\t\t\t<div class=\"elementor-widget-container\">\n\t\t\t\t\t\t\t<div class=\"elementor-spacer\">\n\t\t\t<div class=\"elementor-spacer-inner\"><\/div>\n\t\t<\/div>\n\t\t\t\t\t\t<\/div>\n\t\t\t\t<\/div>\n\t\t\t\t<div class=\"elementor-element elementor-element-e661345 elementor-widget elementor-widget-image\" data-id=\"e661345\" data-element_type=\"widget\" data-widget_type=\"image.default\">\n\t\t\t\t<div class=\"elementor-widget-container\">\n\t\t\t\t\t\t\t\t\t\t\t\t\t\t\t<img decoding=\"async\" width=\"1280\" height=\"640\" data-src=\"https:\/\/www.tusztusz.pl\/sklepy\/wp-content\/uploads\/2025\/08\/okladka-toner-czy-beben-14.png\" class=\"attachment-full size-full wp-image-11659 lazyload\" alt=\"\" data-srcset=\"https:\/\/www.tusztusz.pl\/sklepy\/wp-content\/uploads\/2025\/08\/okladka-toner-czy-beben-14.png 1280w, https:\/\/www.tusztusz.pl\/sklepy\/wp-content\/uploads\/2025\/08\/okladka-toner-czy-beben-14-300x150.png 300w, https:\/\/www.tusztusz.pl\/sklepy\/wp-content\/uploads\/2025\/08\/okladka-toner-czy-beben-14-1024x512.png 1024w, https:\/\/www.tusztusz.pl\/sklepy\/wp-content\/uploads\/2025\/08\/okladka-toner-czy-beben-14-768x384.png 768w\" data-sizes=\"(max-width: 1280px) 100vw, 1280px\" src=\"data:image\/gif;base64,R0lGODlhAQABAAAAACH5BAEKAAEALAAAAAABAAEAAAICTAEAOw==\" style=\"--smush-placeholder-width: 1280px; --smush-placeholder-aspect-ratio: 1280\/640;\" \/>\t\t\t\t\t\t\t\t\t\t\t\t\t\t\t<\/div>\n\t\t\t\t<\/div>\n\t\t\t\t<div class=\"elementor-element elementor-element-34f75d9 elementor-widget elementor-widget-spacer\" data-id=\"34f75d9\" data-element_type=\"widget\" data-widget_type=\"spacer.default\">\n\t\t\t\t<div class=\"elementor-widget-container\">\n\t\t\t\t\t\t\t<div class=\"elementor-spacer\">\n\t\t\t<div class=\"elementor-spacer-inner\"><\/div>\n\t\t<\/div>\n\t\t\t\t\t\t<\/div>\n\t\t\t\t<\/div>\n\t\t\t\t<div class=\"elementor-element elementor-element-3f32341 elementor-widget elementor-widget-image\" data-id=\"3f32341\" data-element_type=\"widget\" data-widget_type=\"image.default\">\n\t\t\t\t<div class=\"elementor-widget-container\">\n\t\t\t\t\t\t\t\t\t\t\t\t\t\t\t<img decoding=\"async\" width=\"1280\" height=\"640\" data-src=\"https:\/\/www.tusztusz.pl\/sklepy\/wp-content\/uploads\/2025\/08\/okladka-toner-czy-beben-15.png\" class=\"attachment-full size-full wp-image-11664 lazyload\" alt=\"\" data-srcset=\"https:\/\/www.tusztusz.pl\/sklepy\/wp-content\/uploads\/2025\/08\/okladka-toner-czy-beben-15.png 1280w, https:\/\/www.tusztusz.pl\/sklepy\/wp-content\/uploads\/2025\/08\/okladka-toner-czy-beben-15-300x150.png 300w, https:\/\/www.tusztusz.pl\/sklepy\/wp-content\/uploads\/2025\/08\/okladka-toner-czy-beben-15-1024x512.png 1024w, https:\/\/www.tusztusz.pl\/sklepy\/wp-content\/uploads\/2025\/08\/okladka-toner-czy-beben-15-768x384.png 768w\" data-sizes=\"(max-width: 1280px) 100vw, 1280px\" src=\"data:image\/gif;base64,R0lGODlhAQABAAAAACH5BAEKAAEALAAAAAABAAEAAAICTAEAOw==\" style=\"--smush-placeholder-width: 1280px; --smush-placeholder-aspect-ratio: 1280\/640;\" \/>\t\t\t\t\t\t\t\t\t\t\t\t\t\t\t<\/div>\n\t\t\t\t<\/div>\n\t\t\t\t<div class=\"elementor-element elementor-element-4a43d587 elementor-alert-success elementor-widget elementor-widget-alert\" data-id=\"4a43d587\" data-element_type=\"widget\" data-widget_type=\"alert.default\">\n\t\t\t\t<div class=\"elementor-widget-container\">\n\t\t\t\t\t\t\t<div class=\"elementor-alert\" role=\"alert\">\n\n\t\t\t\t\t\t<span class=\"elementor-alert-title\"> B\u0142\u0119dy daty to bia\u0142e kruki<\/span>\n\t\t\t\n\t\t\t\t\t\t<span class=\"elementor-alert-description\">Zdarza\u0142o si\u0119, \u017ce urz\u0119dnik omy\u0142kowo ustawi\u0142 datownik na niew\u0142a\u015bciwy rok \u2014 np. w 2000 roku na \u201e1900\u201d. Takie pomy\u0142ki bywaj\u0105 dzi\u015b unikalnymi rarytasami kolekcjonerskimi.<\/span>\n\t\t\t\n\t\t\t\n\t\t<\/div>\n\t\t\t\t\t\t<\/div>\n\t\t\t\t<\/div>\n\t\t\t\t<div class=\"elementor-element elementor-element-9057648 elementor-widget elementor-widget-heading\" data-id=\"9057648\" data-element_type=\"widget\" data-widget_type=\"heading.default\">\n\t\t\t\t<div class=\"elementor-widget-container\">\n\t\t\t\t\t<h2 class=\"elementor-heading-title elementor-size-default\">Datownik - Por\u00f3wnanie format\u00f3w<\/h2>\t\t\t\t<\/div>\n\t\t\t\t<\/div>\n\t\t\t\t<div class=\"elementor-element elementor-element-7ecaec2 elementor-widget elementor-widget-image\" data-id=\"7ecaec2\" data-element_type=\"widget\" data-widget_type=\"image.default\">\n\t\t\t\t<div class=\"elementor-widget-container\">\n\t\t\t\t\t\t\t\t\t\t\t\t\t\t\t<img decoding=\"async\" width=\"1280\" height=\"640\" data-src=\"https:\/\/www.tusztusz.pl\/sklepy\/wp-content\/uploads\/2025\/08\/okladka-toner-czy-beben-9.png\" class=\"attachment-full size-full wp-image-11588 lazyload\" alt=\"\" data-srcset=\"https:\/\/www.tusztusz.pl\/sklepy\/wp-content\/uploads\/2025\/08\/okladka-toner-czy-beben-9.png 1280w, https:\/\/www.tusztusz.pl\/sklepy\/wp-content\/uploads\/2025\/08\/okladka-toner-czy-beben-9-300x150.png 300w, https:\/\/www.tusztusz.pl\/sklepy\/wp-content\/uploads\/2025\/08\/okladka-toner-czy-beben-9-1024x512.png 1024w, https:\/\/www.tusztusz.pl\/sklepy\/wp-content\/uploads\/2025\/08\/okladka-toner-czy-beben-9-768x384.png 768w\" data-sizes=\"(max-width: 1280px) 100vw, 1280px\" src=\"data:image\/gif;base64,R0lGODlhAQABAAAAACH5BAEKAAEALAAAAAABAAEAAAICTAEAOw==\" style=\"--smush-placeholder-width: 1280px; --smush-placeholder-aspect-ratio: 1280\/640;\" \/>\t\t\t\t\t\t\t\t\t\t\t\t\t\t\t<\/div>\n\t\t\t\t<\/div>\n\t\t\t\t<div class=\"elementor-element elementor-element-0e754b4 elementor-widget elementor-widget-spacer\" data-id=\"0e754b4\" data-element_type=\"widget\" data-widget_type=\"spacer.default\">\n\t\t\t\t<div class=\"elementor-widget-container\">\n\t\t\t\t\t\t\t<div class=\"elementor-spacer\">\n\t\t\t<div class=\"elementor-spacer-inner\"><\/div>\n\t\t<\/div>\n\t\t\t\t\t\t<\/div>\n\t\t\t\t<\/div>\n\t\t\t\t<div class=\"elementor-element elementor-element-ddc1947 elementor-widget elementor-widget-image\" data-id=\"ddc1947\" data-element_type=\"widget\" data-widget_type=\"image.default\">\n\t\t\t\t<div class=\"elementor-widget-container\">\n\t\t\t\t\t\t\t\t\t\t\t\t\t\t\t<img decoding=\"async\" width=\"1280\" height=\"640\" data-src=\"https:\/\/www.tusztusz.pl\/sklepy\/wp-content\/uploads\/2025\/08\/okladka-toner-czy-beben-12.png\" class=\"attachment-full size-full wp-image-11598 lazyload\" alt=\"\" data-srcset=\"https:\/\/www.tusztusz.pl\/sklepy\/wp-content\/uploads\/2025\/08\/okladka-toner-czy-beben-12.png 1280w, https:\/\/www.tusztusz.pl\/sklepy\/wp-content\/uploads\/2025\/08\/okladka-toner-czy-beben-12-300x150.png 300w, https:\/\/www.tusztusz.pl\/sklepy\/wp-content\/uploads\/2025\/08\/okladka-toner-czy-beben-12-1024x512.png 1024w, https:\/\/www.tusztusz.pl\/sklepy\/wp-content\/uploads\/2025\/08\/okladka-toner-czy-beben-12-768x384.png 768w\" data-sizes=\"(max-width: 1280px) 100vw, 1280px\" src=\"data:image\/gif;base64,R0lGODlhAQABAAAAACH5BAEKAAEALAAAAAABAAEAAAICTAEAOw==\" style=\"--smush-placeholder-width: 1280px; --smush-placeholder-aspect-ratio: 1280\/640;\" \/>\t\t\t\t\t\t\t\t\t\t\t\t\t\t\t<\/div>\n\t\t\t\t<\/div>\n\t\t\t\t<div class=\"elementor-element elementor-element-7fefbbf elementor-widget-divider--view-line elementor-widget elementor-widget-divider\" data-id=\"7fefbbf\" data-element_type=\"widget\" data-widget_type=\"divider.default\">\n\t\t\t\t<div class=\"elementor-widget-container\">\n\t\t\t\t\t\t\t<div class=\"elementor-divider\">\n\t\t\t<span class=\"elementor-divider-separator\">\n\t\t\t\t\t\t<\/span>\n\t\t<\/div>\n\t\t\t\t\t\t<\/div>\n\t\t\t\t<\/div>\n\t\t\t\t<div class=\"elementor-element elementor-element-66ae878d elementor-widget elementor-widget-text-editor\" data-id=\"66ae878d\" data-element_type=\"widget\" data-widget_type=\"text-editor.default\">\n\t\t\t\t<div class=\"elementor-widget-container\">\n\t\t\t\t\t\t\t\t\t<p><strong>Artyku\u0142y powi\u0105zane:<\/strong><\/p><p><a href=\"https:\/\/www.tusztusz.pl\/sklepy\/blog\/jak-zamowic-pieczatke\/\">&gt;&gt;\u00a0 Jak zam\u00f3wi\u0107 piecz\u0105tk\u0119?<\/a><\/p><p><a href=\"https:\/\/www.tusztusz.pl\/sklepy\/blog\/jakie-dane-powinna-zawierac-pieczatka\/\">&gt;&gt; Jakie dane powinna zawiera\u0107 piecz\u0105tka firmowa?<\/a><\/p><p><a href=\"https:\/\/www.tusztusz.pl\/sklepy\/blog\/jak-uzupelnic-pieczatki-wagraf\/\">&gt;&gt; Jak nape\u0142ni\u0107 piecz\u0105tki WAGRAF?<\/a><\/p>\t\t\t\t\t\t\t\t<\/div>\n\t\t\t\t<\/div>\n\t\t\t\t<div class=\"elementor-element elementor-element-720b0cb4 elementor-widget-divider--view-line elementor-widget elementor-widget-divider\" data-id=\"720b0cb4\" data-element_type=\"widget\" data-widget_type=\"divider.default\">\n\t\t\t\t<div class=\"elementor-widget-container\">\n\t\t\t\t\t\t\t<div class=\"elementor-divider\">\n\t\t\t<span class=\"elementor-divider-separator\">\n\t\t\t\t\t\t<\/span>\n\t\t<\/div>\n\t\t\t\t\t\t<\/div>\n\t\t\t\t<\/div>\n\t\t\t\t<div class=\"elementor-element elementor-element-c1dbdd7 elementor-widget elementor-widget-heading\" data-id=\"c1dbdd7\" data-element_type=\"widget\" data-widget_type=\"heading.default\">\n\t\t\t\t<div class=\"elementor-widget-container\">\n\t\t\t\t\t<h2 class=\"elementor-heading-title elementor-size-default\">Jaki format wybra\u0107 w datowniku?<\/h2>\t\t\t\t<\/div>\n\t\t\t\t<\/div>\n\t\t\t\t<div class=\"elementor-element elementor-element-4bc9414f elementor-widget elementor-widget-text-editor\" data-id=\"4bc9414f\" data-element_type=\"widget\" data-widget_type=\"text-editor.default\">\n\t\t\t\t<div class=\"elementor-widget-container\">\n\t\t\t\t\t\t\t\t\t<p><span style=\"font-weight: 400;\">Wyb\u00f3r zale\u017cy przede wszystkim od tego, w jakim kontek\u015bcie u\u017cywasz piecz\u0105tki:<\/span><\/p><ul><li style=\"font-weight: 400;\" aria-level=\"1\"><b>Tylko w Polsce<\/b><span style=\"font-weight: 400;\"> \u2013 postaw na polski format DD.MM.RRRR, b\u0119dzie najbardziej czytelny dla odbiorc\u00f3w.<\/span><span style=\"font-weight: 400;\"><br \/><\/span><\/li><li style=\"font-weight: 400;\" aria-level=\"1\"><b>Dokumenty mi\u0119dzynarodowe<\/b><span style=\"font-weight: 400;\"> \u2013 wybierz ISO 8601 (RRRR-MM-DD), aby unikn\u0105\u0107 b\u0142\u0119dnej interpretacji daty.<\/span><\/li><li style=\"font-weight: 400;\" aria-level=\"1\"><span style=\"font-weight: 400;\"><b style=\"font-style: inherit;\">Praca w \u015brodowisku mieszanym<\/b><span style=\"font-weight: 400;\"> \u2013 rozwa\u017c zakup datownika z mo\u017cliwo\u015bci\u0105 zmiany formatu lub posiadanie dw\u00f3ch piecz\u0105tek.<\/span><\/span><\/li><\/ul>\t\t\t\t\t\t\t\t<\/div>\n\t\t\t\t<\/div>\n\t\t\t\t<div class=\"elementor-element elementor-element-5d0fe968 elementor-widget elementor-widget-image\" data-id=\"5d0fe968\" data-element_type=\"widget\" data-widget_type=\"image.default\">\n\t\t\t\t<div class=\"elementor-widget-container\">\n\t\t\t\t\t\t\t\t\t\t\t\t\t\t\t<img decoding=\"async\" width=\"1280\" height=\"640\" data-src=\"https:\/\/www.tusztusz.pl\/sklepy\/wp-content\/uploads\/2025\/08\/okladka-toner-czy-beben-4.png\" class=\"attachment-full size-full wp-image-11572 lazyload\" alt=\"\" data-srcset=\"https:\/\/www.tusztusz.pl\/sklepy\/wp-content\/uploads\/2025\/08\/okladka-toner-czy-beben-4.png 1280w, https:\/\/www.tusztusz.pl\/sklepy\/wp-content\/uploads\/2025\/08\/okladka-toner-czy-beben-4-300x150.png 300w, https:\/\/www.tusztusz.pl\/sklepy\/wp-content\/uploads\/2025\/08\/okladka-toner-czy-beben-4-1024x512.png 1024w, https:\/\/www.tusztusz.pl\/sklepy\/wp-content\/uploads\/2025\/08\/okladka-toner-czy-beben-4-768x384.png 768w\" data-sizes=\"(max-width: 1280px) 100vw, 1280px\" src=\"data:image\/gif;base64,R0lGODlhAQABAAAAACH5BAEKAAEALAAAAAABAAEAAAICTAEAOw==\" style=\"--smush-placeholder-width: 1280px; --smush-placeholder-aspect-ratio: 1280\/640;\" \/>\t\t\t\t\t\t\t\t\t\t\t\t\t\t\t<\/div>\n\t\t\t\t<\/div>\n\t\t\t\t<div class=\"elementor-element elementor-element-7135f78 elementor-widget elementor-widget-heading\" data-id=\"7135f78\" data-element_type=\"widget\" data-widget_type=\"heading.default\">\n\t\t\t\t<div class=\"elementor-widget-container\">\n\t\t\t\t\t<h2 class=\"elementor-heading-title elementor-size-default\">Podsumowanie<\/h2>\t\t\t\t<\/div>\n\t\t\t\t<\/div>\n\t\t\t\t<div class=\"elementor-element elementor-element-6ac24acf elementor-widget elementor-widget-text-editor\" data-id=\"6ac24acf\" data-element_type=\"widget\" data-widget_type=\"text-editor.default\">\n\t\t\t\t<div class=\"elementor-widget-container\">\n\t\t\t\t\t\t\t\t\t<p><span style=\"font-weight: 400;\">Odpowiedni format daty w piecz\u0105tce biurowej to nie tylko kwestia estetyki, ale te\u017c precyzji i unikania pomy\u0142ek. W sklepie <\/span><b>tusztusz.pl<\/b><span style=\"font-weight: 400;\"> znajdziesz datowniki i piecz\u0105tki biurowe dopasowane do polskich i mi\u0119dzynarodowych standard\u00f3w, aby Twoja praca by\u0142a zawsze zgodna z obowi\u0105zuj\u0105cymi normami.<\/span><\/p><p><b>Sprawd\u017a nasz\u0105 ofert\u0119 piecz\u0105tek i datownik\u00f3w<\/b><span style=\"font-weight: 400;\"> i wybierz rozwi\u0105zanie, kt\u00f3re najlepiej pasuje do Twojego biura.<\/span><\/p>\t\t\t\t\t\t\t\t<\/div>\n\t\t\t\t<\/div>\n\t\t\t\t<div class=\"elementor-element elementor-element-7186245f elementor-widget elementor-widget-spacer\" data-id=\"7186245f\" data-element_type=\"widget\" data-widget_type=\"spacer.default\">\n\t\t\t\t<div class=\"elementor-widget-container\">\n\t\t\t\t\t\t\t<div class=\"elementor-spacer\">\n\t\t\t<div class=\"elementor-spacer-inner\"><\/div>\n\t\t<\/div>\n\t\t\t\t\t\t<\/div>\n\t\t\t\t<\/div>\n\t\t\t\t\t<\/div>\n\t\t<\/div>\n\t\t\t\t\t<\/div>\n\t\t<\/section>\n\t\t\t\t<section class=\"elementor-section elementor-top-section elementor-element elementor-element-3c04e860 elementor-section-boxed elementor-section-height-default elementor-section-height-default\" data-id=\"3c04e860\" data-element_type=\"section\" data-settings=\"{&quot;background_background&quot;:&quot;classic&quot;}\">\n\t\t\t\t\t\t<div class=\"elementor-container elementor-column-gap-default\">\n\t\t\t\t\t<div class=\"elementor-column elementor-col-20 elementor-top-column elementor-element elementor-element-10d80a36\" data-id=\"10d80a36\" data-element_type=\"column\">\n\t\t\t<div class=\"elementor-widget-wrap elementor-element-populated\">\n\t\t\t\t\t\t<div class=\"elementor-element elementor-element-24fc52b3 elementor-widget elementor-widget-text-editor\" data-id=\"24fc52b3\" data-element_type=\"widget\" data-widget_type=\"text-editor.default\">\n\t\t\t\t<div class=\"elementor-widget-container\">\n\t\t\t\t\t\t\t\t\t<h5><a href=\"https:\/\/www.tusztusz.pl\/sklep\/product\/37398,wagraf-datownik-datus-w-polskim-standardzie\">Wagraf Datownik Datu\u015b W Polskim Standardzie<\/a><\/h5>\t\t\t\t\t\t\t\t<\/div>\n\t\t\t\t<\/div>\n\t\t\t\t<div class=\"elementor-element elementor-element-3a0c5b1a elementor-widget elementor-widget-image\" data-id=\"3a0c5b1a\" data-element_type=\"widget\" data-widget_type=\"image.default\">\n\t\t\t\t<div class=\"elementor-widget-container\">\n\t\t\t\t\t\t\t\t\t\t\t\t\t\t\t\t<a href=\"https:\/\/www.tusztusz.pl\/sklep\/product\/27493,marker-kredowy-smw26\">\n\t\t\t\t\t\t\t<img decoding=\"async\" width=\"150\" height=\"150\" data-src=\"https:\/\/www.tusztusz.pl\/sklepy\/wp-content\/uploads\/2025\/08\/37398-150x150.webp\" class=\"attachment-thumbnail size-thumbnail wp-image-11573 lazyload\" alt=\"\" data-srcset=\"https:\/\/www.tusztusz.pl\/sklepy\/wp-content\/uploads\/2025\/08\/37398-150x150.webp 150w, https:\/\/www.tusztusz.pl\/sklepy\/wp-content\/uploads\/2025\/08\/37398-300x300.webp 300w, https:\/\/www.tusztusz.pl\/sklepy\/wp-content\/uploads\/2025\/08\/37398-768x768.webp 768w, https:\/\/www.tusztusz.pl\/sklepy\/wp-content\/uploads\/2025\/08\/37398.webp 800w\" data-sizes=\"(max-width: 150px) 100vw, 150px\" src=\"data:image\/gif;base64,R0lGODlhAQABAAAAACH5BAEKAAEALAAAAAABAAEAAAICTAEAOw==\" style=\"--smush-placeholder-width: 150px; --smush-placeholder-aspect-ratio: 150\/150;\" \/>\t\t\t\t\t\t\t\t<\/a>\n\t\t\t\t\t\t\t\t\t\t\t\t\t\t\t<\/div>\n\t\t\t\t<\/div>\n\t\t\t\t<div class=\"elementor-element elementor-element-62d6daa1 elementor-widget elementor-widget-text-editor\" data-id=\"62d6daa1\" data-element_type=\"widget\" data-widget_type=\"text-editor.default\">\n\t\t\t\t<div class=\"elementor-widget-container\">\n\t\t\t\t\t\t\t\t\t<center><strong><a href=\"https:\/\/www.tusztusz.pl\/sklep\/product\/37398,wagraf-datownik-datus-w-polskim-standardzie\">Zobacz cen\u0119 &gt;&gt;&gt;<\/a><\/strong><\/center>\t\t\t\t\t\t\t\t<\/div>\n\t\t\t\t<\/div>\n\t\t\t\t\t<\/div>\n\t\t<\/div>\n\t\t\t\t<div class=\"elementor-column elementor-col-20 elementor-top-column elementor-element elementor-element-46e8f3d2\" data-id=\"46e8f3d2\" data-element_type=\"column\">\n\t\t\t<div class=\"elementor-widget-wrap elementor-element-populated\">\n\t\t\t\t\t\t<div class=\"elementor-element elementor-element-5aedfc86 elementor-widget elementor-widget-text-editor\" data-id=\"5aedfc86\" data-element_type=\"widget\" data-widget_type=\"text-editor.default\">\n\t\t\t\t<div class=\"elementor-widget-container\">\n\t\t\t\t\t\t\t\t\t<h5><a href=\"https:\/\/www.tusztusz.pl\/sklep\/product\/36252,wagraf-datownik-datus\">Wagraf Datownik Datu\u015b W Standardzie Iso<\/a><\/h5>\t\t\t\t\t\t\t\t<\/div>\n\t\t\t\t<\/div>\n\t\t\t\t<div class=\"elementor-element elementor-element-609c2cc6 elementor-widget elementor-widget-image\" data-id=\"609c2cc6\" data-element_type=\"widget\" data-widget_type=\"image.default\">\n\t\t\t\t<div class=\"elementor-widget-container\">\n\t\t\t\t\t\t\t\t\t\t\t\t\t\t\t\t<a href=\"https:\/\/www.tusztusz.pl\/sklep\/product\/27493,marker-kredowy-smw26\">\n\t\t\t\t\t\t\t<img decoding=\"async\" width=\"150\" height=\"150\" data-src=\"https:\/\/www.tusztusz.pl\/sklepy\/wp-content\/uploads\/2025\/08\/36252-1-150x150.webp\" class=\"attachment-thumbnail size-thumbnail wp-image-11574 lazyload\" alt=\"\" data-srcset=\"https:\/\/www.tusztusz.pl\/sklepy\/wp-content\/uploads\/2025\/08\/36252-1-150x150.webp 150w, https:\/\/www.tusztusz.pl\/sklepy\/wp-content\/uploads\/2025\/08\/36252-1-300x300.webp 300w, https:\/\/www.tusztusz.pl\/sklepy\/wp-content\/uploads\/2025\/08\/36252-1-768x768.webp 768w, https:\/\/www.tusztusz.pl\/sklepy\/wp-content\/uploads\/2025\/08\/36252-1.webp 800w\" data-sizes=\"(max-width: 150px) 100vw, 150px\" src=\"data:image\/gif;base64,R0lGODlhAQABAAAAACH5BAEKAAEALAAAAAABAAEAAAICTAEAOw==\" style=\"--smush-placeholder-width: 150px; --smush-placeholder-aspect-ratio: 150\/150;\" \/>\t\t\t\t\t\t\t\t<\/a>\n\t\t\t\t\t\t\t\t\t\t\t\t\t\t\t<\/div>\n\t\t\t\t<\/div>\n\t\t\t\t<div class=\"elementor-element elementor-element-742f7aab elementor-widget elementor-widget-text-editor\" data-id=\"742f7aab\" data-element_type=\"widget\" data-widget_type=\"text-editor.default\">\n\t\t\t\t<div class=\"elementor-widget-container\">\n\t\t\t\t\t\t\t\t\t<center><strong><a href=\"https:\/\/www.tusztusz.pl\/sklep\/product\/36252,wagraf-datownik-datus\">Zobacz cen\u0119 &gt;&gt;&gt;<\/a><\/strong><\/center>\t\t\t\t\t\t\t\t<\/div>\n\t\t\t\t<\/div>\n\t\t\t\t\t<\/div>\n\t\t<\/div>\n\t\t\t\t<div class=\"elementor-column elementor-col-20 elementor-top-column elementor-element elementor-element-6965a029\" data-id=\"6965a029\" data-element_type=\"column\">\n\t\t\t<div class=\"elementor-widget-wrap elementor-element-populated\">\n\t\t\t\t\t\t<div class=\"elementor-element elementor-element-10671983 elementor-widget elementor-widget-text-editor\" data-id=\"10671983\" data-element_type=\"widget\" data-widget_type=\"text-editor.default\">\n\t\t\t\t<div class=\"elementor-widget-container\">\n\t\t\t\t\t\t\t\t\t<h5><a href=\"https:\/\/www.tusztusz.pl\/sklep\/product\/705,datownik-samotuszujacy-trodat\">Datownik Samotuszuj\u0105cy Trodat w standardzie ISO<\/a><\/h5>\t\t\t\t\t\t\t\t<\/div>\n\t\t\t\t<\/div>\n\t\t\t\t<div class=\"elementor-element elementor-element-26bba840 elementor-widget elementor-widget-image\" data-id=\"26bba840\" data-element_type=\"widget\" data-widget_type=\"image.default\">\n\t\t\t\t<div class=\"elementor-widget-container\">\n\t\t\t\t\t\t\t\t\t\t\t\t\t\t\t\t<a href=\"https:\/\/www.tusztusz.pl\/sklep\/product\/27493,marker-kredowy-smw26\">\n\t\t\t\t\t\t\t<img decoding=\"async\" width=\"150\" height=\"150\" data-src=\"https:\/\/www.tusztusz.pl\/sklepy\/wp-content\/uploads\/2025\/08\/A_00705_1-150x150.webp\" class=\"attachment-thumbnail size-thumbnail wp-image-11575 lazyload\" alt=\"\" data-srcset=\"https:\/\/www.tusztusz.pl\/sklepy\/wp-content\/uploads\/2025\/08\/A_00705_1-150x150.webp 150w, https:\/\/www.tusztusz.pl\/sklepy\/wp-content\/uploads\/2025\/08\/A_00705_1-300x300.webp 300w, https:\/\/www.tusztusz.pl\/sklepy\/wp-content\/uploads\/2025\/08\/A_00705_1.webp 600w\" data-sizes=\"(max-width: 150px) 100vw, 150px\" src=\"data:image\/gif;base64,R0lGODlhAQABAAAAACH5BAEKAAEALAAAAAABAAEAAAICTAEAOw==\" style=\"--smush-placeholder-width: 150px; --smush-placeholder-aspect-ratio: 150\/150;\" \/>\t\t\t\t\t\t\t\t<\/a>\n\t\t\t\t\t\t\t\t\t\t\t\t\t\t\t<\/div>\n\t\t\t\t<\/div>\n\t\t\t\t<div class=\"elementor-element elementor-element-5e4c6c0 elementor-widget elementor-widget-text-editor\" data-id=\"5e4c6c0\" data-element_type=\"widget\" data-widget_type=\"text-editor.default\">\n\t\t\t\t<div class=\"elementor-widget-container\">\n\t\t\t\t\t\t\t\t\t<center><strong><a href=\"https:\/\/www.tusztusz.pl\/sklep\/product\/705,datownik-samotuszujacy-trodat\">Zobacz cen\u0119 &gt;&gt;&gt;<\/a><\/strong><\/center>\t\t\t\t\t\t\t\t<\/div>\n\t\t\t\t<\/div>\n\t\t\t\t\t<\/div>\n\t\t<\/div>\n\t\t\t\t<div class=\"elementor-column elementor-col-20 elementor-top-column elementor-element elementor-element-6244aefe\" data-id=\"6244aefe\" data-element_type=\"column\">\n\t\t\t<div class=\"elementor-widget-wrap elementor-element-populated\">\n\t\t\t\t\t\t<div class=\"elementor-element elementor-element-7dcb01bc elementor-widget elementor-widget-text-editor\" data-id=\"7dcb01bc\" data-element_type=\"widget\" data-widget_type=\"text-editor.default\">\n\t\t\t\t<div class=\"elementor-widget-container\">\n\t\t\t\t\t\t\t\t\t<h5><a href=\"https:\/\/www.tusztusz.pl\/sklep\/product\/36770,datownik-trodat-professional-line-5030-4-mm\">Datownik Trodat Professional Line\u00a05030 4 MM<\/a><\/h5>\t\t\t\t\t\t\t\t<\/div>\n\t\t\t\t<\/div>\n\t\t\t\t<div class=\"elementor-element elementor-element-35128ebb elementor-widget elementor-widget-image\" data-id=\"35128ebb\" data-element_type=\"widget\" data-widget_type=\"image.default\">\n\t\t\t\t<div class=\"elementor-widget-container\">\n\t\t\t\t\t\t\t\t\t\t\t\t\t\t\t\t<a href=\"https:\/\/www.tusztusz.pl\/sklep\/product\/27493,marker-kredowy-smw26\">\n\t\t\t\t\t\t\t<img decoding=\"async\" width=\"150\" height=\"150\" data-src=\"https:\/\/www.tusztusz.pl\/sklepy\/wp-content\/uploads\/2025\/08\/A_36770-150x150.webp\" class=\"attachment-thumbnail size-thumbnail wp-image-11576 lazyload\" alt=\"\" data-srcset=\"https:\/\/www.tusztusz.pl\/sklepy\/wp-content\/uploads\/2025\/08\/A_36770-150x150.webp 150w, https:\/\/www.tusztusz.pl\/sklepy\/wp-content\/uploads\/2025\/08\/A_36770-300x300.webp 300w, https:\/\/www.tusztusz.pl\/sklepy\/wp-content\/uploads\/2025\/08\/A_36770.webp 587w\" data-sizes=\"(max-width: 150px) 100vw, 150px\" src=\"data:image\/gif;base64,R0lGODlhAQABAAAAACH5BAEKAAEALAAAAAABAAEAAAICTAEAOw==\" style=\"--smush-placeholder-width: 150px; --smush-placeholder-aspect-ratio: 150\/150;\" \/>\t\t\t\t\t\t\t\t<\/a>\n\t\t\t\t\t\t\t\t\t\t\t\t\t\t\t<\/div>\n\t\t\t\t<\/div>\n\t\t\t\t<div class=\"elementor-element elementor-element-59a4d5c8 elementor-widget elementor-widget-text-editor\" data-id=\"59a4d5c8\" data-element_type=\"widget\" data-widget_type=\"text-editor.default\">\n\t\t\t\t<div class=\"elementor-widget-container\">\n\t\t\t\t\t\t\t\t\t<center><strong><a href=\"https:\/\/www.tusztusz.pl\/sklep\/product\/36770,datownik-trodat-professional-line-5030-4-mm\">Zobacz cen\u0119 &gt;&gt;&gt;<\/a><\/strong><\/center>\t\t\t\t\t\t\t\t<\/div>\n\t\t\t\t<\/div>\n\t\t\t\t\t<\/div>\n\t\t<\/div>\n\t\t\t\t<div class=\"elementor-column elementor-col-20 elementor-top-column elementor-element elementor-element-4efadbff\" data-id=\"4efadbff\" data-element_type=\"column\">\n\t\t\t<div class=\"elementor-widget-wrap elementor-element-populated\">\n\t\t\t\t\t\t<div class=\"elementor-element elementor-element-3f46dc54 elementor-widget elementor-widget-text-editor\" data-id=\"3f46dc54\" data-element_type=\"widget\" data-widget_type=\"text-editor.default\">\n\t\t\t\t<div class=\"elementor-widget-container\">\n\t\t\t\t\t\t\t\t\t<h5><a href=\"https:\/\/www.tusztusz.pl\/sklep\/product\/37732,datownik-z-plytka-tekstowa-trodat-professional-line-5460-iso\">Datownik z p\u0142ytk\u0105 tekstow\u0105 Trodat<\/a><\/h5>\t\t\t\t\t\t\t\t<\/div>\n\t\t\t\t<\/div>\n\t\t\t\t<div class=\"elementor-element elementor-element-18226d8f elementor-widget elementor-widget-image\" data-id=\"18226d8f\" data-element_type=\"widget\" data-widget_type=\"image.default\">\n\t\t\t\t<div class=\"elementor-widget-container\">\n\t\t\t\t\t\t\t\t\t\t\t\t\t\t\t\t<a href=\"https:\/\/www.tusztusz.pl\/sklep\/product\/27493,marker-kredowy-smw26\">\n\t\t\t\t\t\t\t<img decoding=\"async\" width=\"150\" height=\"150\" data-src=\"https:\/\/www.tusztusz.pl\/sklepy\/wp-content\/uploads\/2025\/08\/37732-150x150.webp\" class=\"attachment-thumbnail size-thumbnail wp-image-11577 lazyload\" alt=\"\" data-srcset=\"https:\/\/www.tusztusz.pl\/sklepy\/wp-content\/uploads\/2025\/08\/37732-150x150.webp 150w, https:\/\/www.tusztusz.pl\/sklepy\/wp-content\/uploads\/2025\/08\/37732-300x300.webp 300w, https:\/\/www.tusztusz.pl\/sklepy\/wp-content\/uploads\/2025\/08\/37732-768x768.webp 768w, https:\/\/www.tusztusz.pl\/sklepy\/wp-content\/uploads\/2025\/08\/37732.webp 1000w\" data-sizes=\"(max-width: 150px) 100vw, 150px\" src=\"data:image\/gif;base64,R0lGODlhAQABAAAAACH5BAEKAAEALAAAAAABAAEAAAICTAEAOw==\" style=\"--smush-placeholder-width: 150px; --smush-placeholder-aspect-ratio: 150\/150;\" \/>\t\t\t\t\t\t\t\t<\/a>\n\t\t\t\t\t\t\t\t\t\t\t\t\t\t\t<\/div>\n\t\t\t\t<\/div>\n\t\t\t\t<div class=\"elementor-element elementor-element-5804b1d5 elementor-widget elementor-widget-text-editor\" data-id=\"5804b1d5\" data-element_type=\"widget\" data-widget_type=\"text-editor.default\">\n\t\t\t\t<div class=\"elementor-widget-container\">\n\t\t\t\t\t\t\t\t\t<center><strong><a href=\"https:\/\/www.tusztusz.pl\/sklep\/product\/37732,datownik-z-plytka-tekstowa-trodat-professional-line-5460-iso\">Zobacz cen\u0119 &gt;&gt;&gt;<\/a><\/strong><\/center>\t\t\t\t\t\t\t\t<\/div>\n\t\t\t\t<\/div>\n\t\t\t\t\t<\/div>\n\t\t<\/div>\n\t\t\t\t\t<\/div>\n\t\t<\/section>\n\t\t\t\t<section class=\"elementor-section elementor-top-section elementor-element elementor-element-1123d867 elementor-section-boxed elementor-section-height-default elementor-section-height-default\" data-id=\"1123d867\" data-element_type=\"section\">\n\t\t\t\t\t\t<div class=\"elementor-container elementor-column-gap-default\">\n\t\t\t\t\t<div class=\"elementor-column elementor-col-100 elementor-top-column elementor-element elementor-element-28d6ab5a\" data-id=\"28d6ab5a\" data-element_type=\"column\">\n\t\t\t<div class=\"elementor-widget-wrap\">\n\t\t\t\t\t\t\t<\/div>\n\t\t<\/div>\n\t\t\t\t\t<\/div>\n\t\t<\/section>\n\t\t\t\t<\/div>\n\t\t","protected":false},"excerpt":{"rendered":"<p>Format daty w datownikach\u2013 ISO 8601 czy polski zapis? Datowniki to jedno z najcz\u0119\u015bciej u\u017cywanych akcesori\u00f3w biurowych. Usprawniaj\u0105 prac\u0119, pozwalaj\u0105 szybko oznaczy\u0107 dokument dat\u0105 wp\u0142ywu, wysy\u0142ki czy weryfikacji. Cho\u0107 mo\u017ce si\u0119 wydawa\u0107, \u017ce data to prosta sprawa, w rzeczywisto\u015bci jej &hellip;<\/p>\n<p class=\"read-more\"> <a class=\"ast-button\" href=\"https:\/\/www.tusztusz.pl\/sklepy\/blog\/elementor-11565\/\"> <span class=\"screen-reader-text\">Format daty w datownikach\u2013 ISO 8601 czy polski zapis?<\/span> Wi\u0119cej \u00bb<\/a><\/p>\n","protected":false},"author":10,"featured_media":11593,"comment_status":"closed","ping_status":"closed","sticky":false,"template":"","format":"standard","meta":{"footnotes":""},"categories":[1],"tags":[],"class_list":["post-11565","post","type-post","status-publish","format-standard","has-post-thumbnail","hentry","category-techniczne"],"_links":{"self":[{"href":"https:\/\/www.tusztusz.pl\/sklepy\/wp-json\/wp\/v2\/posts\/11565","targetHints":{"allow":["GET"]}}],"collection":[{"href":"https:\/\/www.tusztusz.pl\/sklepy\/wp-json\/wp\/v2\/posts"}],"about":[{"href":"https:\/\/www.tusztusz.pl\/sklepy\/wp-json\/wp\/v2\/types\/post"}],"author":[{"embeddable":true,"href":"https:\/\/www.tusztusz.pl\/sklepy\/wp-json\/wp\/v2\/users\/10"}],"replies":[{"embeddable":true,"href":"https:\/\/www.tusztusz.pl\/sklepy\/wp-json\/wp\/v2\/comments?post=11565"}],"version-history":[{"count":17,"href":"https:\/\/www.tusztusz.pl\/sklepy\/wp-json\/wp\/v2\/posts\/11565\/revisions"}],"predecessor-version":[{"id":11667,"href":"https:\/\/www.tusztusz.pl\/sklepy\/wp-json\/wp\/v2\/posts\/11565\/revisions\/11667"}],"wp:featuredmedia":[{"embeddable":true,"href":"https:\/\/www.tusztusz.pl\/sklepy\/wp-json\/wp\/v2\/media\/11593"}],"wp:attachment":[{"href":"https:\/\/www.tusztusz.pl\/sklepy\/wp-json\/wp\/v2\/media?parent=11565"}],"wp:term":[{"taxonomy":"category","embeddable":true,"href":"https:\/\/www.tusztusz.pl\/sklepy\/wp-json\/wp\/v2\/categories?post=11565"},{"taxonomy":"post_tag","embeddable":true,"href":"https:\/\/www.tusztusz.pl\/sklepy\/wp-json\/wp\/v2\/tags?post=11565"}],"curies":[{"name":"wp","href":"https:\/\/api.w.org\/{rel}","templated":true}]}}