{"id":10085,"date":"2024-08-12T11:14:29","date_gmt":"2024-08-12T09:14:29","guid":{"rendered":"https:\/\/www.tusztusz.pl\/sklepy\/?p=10085"},"modified":"2024-08-12T11:17:10","modified_gmt":"2024-08-12T09:17:10","slug":"organizacja-pracy-16-sierpnia","status":"publish","type":"post","link":"https:\/\/www.tusztusz.pl\/sklepy\/blog\/organizacja-pracy-16-sierpnia\/","title":{"rendered":"Organizacja pracy &#8211; 16 sierpnia"},"content":{"rendered":"\t\t<div data-elementor-type=\"wp-post\" data-elementor-id=\"10085\" class=\"elementor elementor-10085\" data-elementor-post-type=\"post\">\n\t\t\t\t\t\t<section class=\"elementor-section elementor-top-section elementor-element elementor-element-dc4efd8 elementor-section-boxed elementor-section-height-default elementor-section-height-default\" data-id=\"dc4efd8\" data-element_type=\"section\">\n\t\t\t\t\t\t<div class=\"elementor-container elementor-column-gap-default\">\n\t\t\t\t\t<div class=\"elementor-column elementor-col-100 elementor-top-column elementor-element elementor-element-e383dd2\" data-id=\"e383dd2\" data-element_type=\"column\">\n\t\t\t<div class=\"elementor-widget-wrap elementor-element-populated\">\n\t\t\t\t\t\t<div class=\"elementor-element elementor-element-9697895 elementor-widget elementor-widget-heading\" data-id=\"9697895\" data-element_type=\"widget\" data-widget_type=\"heading.default\">\n\t\t\t\t<div class=\"elementor-widget-container\">\n\t\t\t\t\t<h2 class=\"elementor-heading-title elementor-size-default\">GODZINY PRACY <\/h2>\t\t\t\t<\/div>\n\t\t\t\t<\/div>\n\t\t\t\t<div class=\"elementor-element elementor-element-d7af054 elementor-widget elementor-widget-text-editor\" data-id=\"d7af054\" data-element_type=\"widget\" data-widget_type=\"text-editor.default\">\n\t\t\t\t<div class=\"elementor-widget-container\">\n\t\t\t\t\t\t\t\t\t<p><strong>SKLEP WARSZAWA &#8211; URSYN\u00d3W<\/strong><\/p><p>15 sierpnia &#8211; nieczynne<\/p><p>16 sierpnia &#8211; pracujemy normalnie 10.00 &#8211; 18.00<\/p><p>17 sierpnia &#8211; nieczynne<\/p><p><strong>SKLEP WARSZAWA -W\u0141OCHY<\/strong><\/p><p style=\"font-size: 18px; font-style: normal; font-weight: 400;\">15 sierpnia &#8211; nieczynne<\/p><p style=\"font-size: 18px; font-style: normal; font-weight: 400;\">16 sierpnia &#8211;\u00a0<span style=\"font-size: 18px; font-style: normal; font-weight: 400;\">nieczynne<\/span><\/p><p><strong>DZIA\u0141 HANDLOWY \/ SKLEP ONLINE<\/strong><\/p><p style=\"font-size: 18px; font-style: normal; font-weight: 400;\">15 sierpnia &#8211; nieczynne<\/p><p style=\"font-size: 18px; font-style: normal; font-weight: 400;\">16 sierpnia &#8211;\u00a0<span style=\"font-size: 18px; font-style: normal; font-weight: 400;\">nieczynne<\/span><\/p><p>Zam\u00f3wienia z\u0142o\u017cone w dniach 15-18 sierpnia realizowane b\u0119d\u0105 od 19 sierpnia.<\/p><p>\u00a0<\/p>\t\t\t\t\t\t\t\t<\/div>\n\t\t\t\t<\/div>\n\t\t\t\t<div class=\"elementor-element elementor-element-5cb8fe3 elementor-widget elementor-widget-image\" data-id=\"5cb8fe3\" data-element_type=\"widget\" data-widget_type=\"image.default\">\n\t\t\t\t<div class=\"elementor-widget-container\">\n\t\t\t\t\t\t\t\t\t\t\t\t\t\t\t<img fetchpriority=\"high\" decoding=\"async\" width=\"1600\" height=\"670\" src=\"https:\/\/www.tusztusz.pl\/sklepy\/wp-content\/uploads\/2023\/06\/people-beach-sunset-girl-is-jumping.jpg\" class=\"attachment-full size-full wp-image-8330\" alt=\"\" srcset=\"https:\/\/www.tusztusz.pl\/sklepy\/wp-content\/uploads\/2023\/06\/people-beach-sunset-girl-is-jumping.jpg 1600w, https:\/\/www.tusztusz.pl\/sklepy\/wp-content\/uploads\/2023\/06\/people-beach-sunset-girl-is-jumping-300x126.jpg 300w, https:\/\/www.tusztusz.pl\/sklepy\/wp-content\/uploads\/2023\/06\/people-beach-sunset-girl-is-jumping-1024x429.jpg 1024w, https:\/\/www.tusztusz.pl\/sklepy\/wp-content\/uploads\/2023\/06\/people-beach-sunset-girl-is-jumping-768x322.jpg 768w, https:\/\/www.tusztusz.pl\/sklepy\/wp-content\/uploads\/2023\/06\/people-beach-sunset-girl-is-jumping-1536x643.jpg 1536w\" sizes=\"(max-width: 1600px) 100vw, 1600px\" \/>\t\t\t\t\t\t\t\t\t\t\t\t\t\t\t<\/div>\n\t\t\t\t<\/div>\n\t\t\t\t\t<\/div>\n\t\t<\/div>\n\t\t\t\t\t<\/div>\n\t\t<\/section>\n\t\t\t\t<\/div>\n\t\t","protected":false},"excerpt":{"rendered":"<p>GODZINY PRACY SKLEP WARSZAWA &#8211; URSYN\u00d3W 15 sierpnia &#8211; nieczynne 16 sierpnia &#8211; pracujemy normalnie 10.00 &#8211; 18.00 17 sierpnia &#8211; nieczynne SKLEP WARSZAWA -W\u0141OCHY 15 sierpnia &#8211; nieczynne 16 sierpnia &#8211;\u00a0nieczynne DZIA\u0141 HANDLOWY \/ SKLEP ONLINE 15 sierpnia &#8211; &hellip;<\/p>\n<p class=\"read-more\"> <a class=\"ast-button\" href=\"https:\/\/www.tusztusz.pl\/sklepy\/blog\/organizacja-pracy-16-sierpnia\/\"> <span class=\"screen-reader-text\">Organizacja pracy &#8211; 16 sierpnia<\/span> Wi\u0119cej \u00bb<\/a><\/p>\n","protected":false},"author":2,"featured_media":7793,"comment_status":"closed","ping_status":"closed","sticky":false,"template":"","format":"standard","meta":{"footnotes":""},"categories":[6],"tags":[],"class_list":["post-10085","post","type-post","status-publish","format-standard","has-post-thumbnail","hentry","category-aktualnosci"],"_links":{"self":[{"href":"https:\/\/www.tusztusz.pl\/sklepy\/wp-json\/wp\/v2\/posts\/10085","targetHints":{"allow":["GET"]}}],"collection":[{"href":"https:\/\/www.tusztusz.pl\/sklepy\/wp-json\/wp\/v2\/posts"}],"about":[{"href":"https:\/\/www.tusztusz.pl\/sklepy\/wp-json\/wp\/v2\/types\/post"}],"author":[{"embeddable":true,"href":"https:\/\/www.tusztusz.pl\/sklepy\/wp-json\/wp\/v2\/users\/2"}],"replies":[{"embeddable":true,"href":"https:\/\/www.tusztusz.pl\/sklepy\/wp-json\/wp\/v2\/comments?post=10085"}],"version-history":[{"count":4,"href":"https:\/\/www.tusztusz.pl\/sklepy\/wp-json\/wp\/v2\/posts\/10085\/revisions"}],"predecessor-version":[{"id":10089,"href":"https:\/\/www.tusztusz.pl\/sklepy\/wp-json\/wp\/v2\/posts\/10085\/revisions\/10089"}],"wp:featuredmedia":[{"embeddable":true,"href":"https:\/\/www.tusztusz.pl\/sklepy\/wp-json\/wp\/v2\/media\/7793"}],"wp:attachment":[{"href":"https:\/\/www.tusztusz.pl\/sklepy\/wp-json\/wp\/v2\/media?parent=10085"}],"wp:term":[{"taxonomy":"category","embeddable":true,"href":"https:\/\/www.tusztusz.pl\/sklepy\/wp-json\/wp\/v2\/categories?post=10085"},{"taxonomy":"post_tag","embeddable":true,"href":"https:\/\/www.tusztusz.pl\/sklepy\/wp-json\/wp\/v2\/tags?post=10085"}],"curies":[{"name":"wp","href":"https:\/\/api.w.org\/{rel}","templated":true}]}}